{"id":36595,"date":"2023-11-06T10:45:14","date_gmt":"2023-11-06T13:45:14","guid":{"rendered":"https:\/\/radiorevelacionfm.cl\/?p=36595"},"modified":"2023-11-06T10:45:14","modified_gmt":"2023-11-06T13:45:14","slug":"subsecretaria-de-turismo-visito-dependencias-de-emporcha-para-conocer-la-logistica-en-la-atencion-de-cruceristas","status":"publish","type":"post","link":"https:\/\/radiorevelacionfm.cl\/?p=36595","title":{"rendered":"Subsecretaria de Turismo visit\u00f3 dependencias de Emporcha para conocer la log\u00edstica en la atenci\u00f3n de cruceristas"},"content":{"rendered":"<div class=\"flex_column av_one_full  flex_column_div av-zero-column-padding first  avia-builder-el-0  el_before_av_one_full  avia-builder-el-first  \" style='border-radius:0px; '><div  class='avia-image-container  av-styling-    avia-builder-el-1  avia-builder-el-no-sibling  avia-align-center '  itemprop=\"image\" itemscope=\"itemscope\" itemtype=\"https:\/\/schema.org\/ImageObject\"  ><div class='avia-image-container-inner'><div class='avia-image-overlay-wrap'><img decoding=\"async\" class='wp-image-36596 avia-img-lazy-loading-not-36596 avia_image' src=\"https:\/\/radiorevelacionfm.cl\/wp-content\/uploads\/2023\/11\/visita-subsecretaria-de-turismo-1-1_optimized.jpeg\" alt='' title='visita-subsecretaria-de-turismo-1-(1)_optimized' height=\"600\" width=\"907\"  itemprop=\"thumbnailUrl\" srcset=\"https:\/\/radiorevelacionfm.cl\/wp-content\/uploads\/2023\/11\/visita-subsecretaria-de-turismo-1-1_optimized.jpeg 907w, https:\/\/radiorevelacionfm.cl\/wp-content\/uploads\/2023\/11\/visita-subsecretaria-de-turismo-1-1_optimized-300x198.jpeg 300w, https:\/\/radiorevelacionfm.cl\/wp-content\/uploads\/2023\/11\/visita-subsecretaria-de-turismo-1-1_optimized-768x508.jpeg 768w, https:\/\/radiorevelacionfm.cl\/wp-content\/uploads\/2023\/11\/visita-subsecretaria-de-turismo-1-1_optimized-705x466.jpeg 705w, https:\/\/radiorevelacionfm.cl\/wp-content\/uploads\/2023\/11\/visita-subsecretaria-de-turismo-1-1_optimized-450x298.jpeg 450w, https:\/\/radiorevelacionfm.cl\/wp-content\/uploads\/2023\/11\/visita-subsecretaria-de-turismo-1-1_optimized-600x397.jpeg 600w\" sizes=\"(max-width: 907px) 100vw, 907px\" \/><\/div><\/div><\/div><\/div><div class=\"flex_column av_one_full  flex_column_div av-zero-column-padding first  avia-builder-el-2  el_after_av_one_full  el_before_av_one_full  column-top-margin\" style='border-radius:0px; '><section class=\"av_textblock_section \"  itemscope=\"itemscope\" itemtype=\"https:\/\/schema.org\/BlogPosting\" itemprop=\"blogPost\" ><div class='avia_textblock  '   itemprop=\"text\" ><p style=\"text-align: center;\"><strong><span style=\"font-size: 18pt;\">Subsecretaria de Turismo visit\u00f3 dependencias de Emporcha para conocer la log\u00edstica en la atenci\u00f3n de cruceristas<\/span><\/strong><\/p>\n<div id=\"gtx-trans\" style=\"position: absolute; left: -50px; top: 4.31534px;\">\n<div class=\"gtx-trans-icon\"><\/div>\n<\/div>\n<\/div><\/section><\/div><div class=\"flex_column av_one_full  flex_column_div av-zero-column-padding first  avia-builder-el-4  el_after_av_one_full  el_before_av_hr  column-top-margin\" style='border-radius:0px; '><section class=\"av_textblock_section \"  itemscope=\"itemscope\" itemtype=\"https:\/\/schema.org\/BlogPosting\" itemprop=\"blogPost\" ><div class='avia_textblock  '   itemprop=\"text\" ><p style=\"text-align: justify;\"><em>Autoridad nacional valor\u00f3 aumento de recaladas en la presente temporada y, adem\u00e1s, se reuni\u00f3 con distintos representantes regionales para impulsar la actividad tur\u00edstica en Ays\u00e9n.<\/em><\/p>\n<p style=\"text-align: justify;\">Conocer en detalle las dependencias y operaciones que se realizan en la infraestructura de Empresa Portuaria Chacabuco (Emporcha), en el marco de la atenci\u00f3n de turistas de cruceros internacionales, fue uno de los objetivos de la visita que la Subsecretaria de Turismo, Ver\u00f3nica Pardo, realiz\u00f3 a este puerto de la Regi\u00f3n de Ays\u00e9n.<\/p>\n<p style=\"text-align: justify;\">Recibida por el gerente general, Felipe Candia, por el presidente del directorio, Enrique Runin, y por distintos ejecutivos de la portuaria estatal, la autoridad nacional pudo visitar el terminal de pasajeros y los muelles de la empresa, pudiendo conocer c\u00f3mo se desarrolla la log\u00edstica de embarque y desembarque de los pasajeros, y la distribuci\u00f3n de buses y gu\u00edas, entre otros aspectos.<\/p>\n<p style=\"text-align: justify;\">La Subsecretaria, adem\u00e1s, accedi\u00f3 a las proyecciones de pasajeros y recaladas que llegar\u00e1n hasta Emporcha en el marco de la Temporada de Cruceros 2023-24 de este puerto, apreciando el crecimiento de 40% en los arribos (ser\u00e1n 14, es decir, 4 m\u00e1s que el ciclo anterior) y de 45% en los visitantes, con m\u00e1s de 15 mil turistas que llegar\u00e1n este a\u00f1o.<\/p>\n<p style=\"text-align: justify;\">\u201cTambi\u00e9n aprovechamos de conversar con nuestra autoridad sobre las distintas materias en que la Subsecretar\u00eda de Turismo puede colaborar, espec\u00edficamente en lo relacionado con aspectos de promoci\u00f3n de nuestro puerto, pero tambi\u00e9n de toda la red que conforman los Puertos del Cono Sur, de cuya Corporaci\u00f3n actualmente presidimos. Un tema importante fue ir coordinando la participaci\u00f3n y presencia de nuestro pa\u00eds en la pr\u00f3xima convenci\u00f3n de cruceros en EE.UU. en marzo del pr\u00f3ximo a\u00f1o\u201d, detall\u00f3 Enrique Runin.<\/p>\n<p style=\"text-align: justify;\">El presidente del directorio de Emporcha tambi\u00e9n dialog\u00f3 con la Subsecretaria Pardo sobre temas como las exigencias normativas que se realizan a buses de turismo, y especialmente sobre lo relacionado con la tramitaci\u00f3n del proyecto de ley de cabotaje, donde \u201cmanifestamos nuevamente nuestra intenci\u00f3n y aspiraci\u00f3n, tanto como Emporcha como Corporaci\u00f3n de Puertos del Cono Sur para avanzar en que se abra el cabotaje de pasajeros en todos los puertos del pa\u00eds\u201d.<\/p>\n<p style=\"text-align: justify;\">\u201cFue una visita sumamente productiva, donde la Subsecretaria qued\u00f3 muy impresionada con las instalaciones de Emporcha para atender a los turistas; y donde adem\u00e1s nos volvi\u00f3 a manifestar su disposici\u00f3n a colaborar en que sigamos mejorando cada vez m\u00e1s el negocio y la industria de cruceros en beneficio de los habitantes de Ays\u00e9n\u201d, cerr\u00f3 Runin.<\/p>\n<p style=\"text-align: justify;\">Tras su visita a Puerto Chacabuco, la autoridad particip\u00f3, junto a representantes de la propia portuaria estatal, y adem\u00e1s el alcalde de Puerto Ays\u00e9n, Julio Uribe; el delegado presidencial provincial, Jorge D\u00edaz; el seremi de Econom\u00eda, Felipe Rojas; y el director regional de Sernatur, Claudio Montecinos, de una reuni\u00f3n con gremios del comercio y el turismo local para abordar iniciativas que ayuden a maximizar la venida de turistas a la regi\u00f3n.<\/p>\n<\/div><\/section><\/div><div  style='height:50px' class='hr hr-invisible   avia-builder-el-6  el_after_av_one_full  el_before_av_social_share '><span class='hr-inner ' ><span class='hr-inner-style'><\/span><\/span><\/div><\/p>\n<div  class='av-social-sharing-box  avia-builder-el-7  el_after_av_hr  el_before_av_hr  '><div class='av-share-box'><h5 class='av-share-link-description av-no-toc '>Compartir esta noticia<\/h5><ul class='av-share-box-list noLightbox'><li class='av-share-link av-social-link-facebook' ><a target=\"_blank\" aria-label=\"Compartir en Facebook\" href='https:\/\/www.facebook.com\/sharer.php?u=https:\/\/radiorevelacionfm.cl\/?p=36595&#038;t=Subsecretaria%20de%20Turismo%20visit%C3%B3%20dependencias%20de%20Emporcha%20para%20conocer%20la%20log%C3%ADstica%20en%20la%20atenci%C3%B3n%20de%20cruceristas' aria-hidden='false' data-av_icon='\ue8f3' data-av_iconfont='entypo-fontello' title='' data-avia-related-tooltip='Compartir en Facebook' rel=\"noopener\"><span class='avia_hidden_link_text'>Compartir en Facebook<\/span><\/a><\/li><li class='av-share-link av-social-link-twitter' ><a target=\"_blank\" aria-label=\"Compartir en Twitter\" href='https:\/\/twitter.com\/share?text=Subsecretaria%20de%20Turismo%20visit%C3%B3%20dependencias%20de%20Emporcha%20para%20conocer%20la%20log%C3%ADstica%20en%20la%20atenci%C3%B3n%20de%20cruceristas&#038;url=https:\/\/radiorevelacionfm.cl\/?p=36595' aria-hidden='false' data-av_icon='\ue8f1' data-av_iconfont='entypo-fontello' title='' data-avia-related-tooltip='Compartir en Twitter' rel=\"noopener\"><span class='avia_hidden_link_text'>Compartir en Twitter<\/span><\/a><\/li><li class='av-share-link av-social-link-whatsapp' ><a target=\"_blank\" aria-label=\"Compartir en Whatsapp\" href='https:\/\/api.whatsapp.com\/send?text=https:\/\/radiorevelacionfm.cl\/?p=36595' aria-hidden='false' data-av_icon='\uf232' data-av_iconfont='entypo-fontello' title='' data-avia-related-tooltip='Compartir en Whatsapp' rel=\"noopener\"><span class='avia_hidden_link_text'>Compartir en Whatsapp<\/span><\/a><\/li><li class='av-share-link av-social-link-linkedin' ><a target=\"_blank\" aria-label=\"Compartir en LinkedIn\" href='https:\/\/linkedin.com\/shareArticle?mini=true&#038;title=Subsecretaria%20de%20Turismo%20visit%C3%B3%20dependencias%20de%20Emporcha%20para%20conocer%20la%20log%C3%ADstica%20en%20la%20atenci%C3%B3n%20de%20cruceristas&#038;url=https:\/\/radiorevelacionfm.cl\/?p=36595' aria-hidden='false' data-av_icon='\ue8fc' data-av_iconfont='entypo-fontello' title='' data-avia-related-tooltip='Compartir en LinkedIn' rel=\"noopener\"><span class='avia_hidden_link_text'>Compartir en LinkedIn<\/span><\/a><\/li><li class='av-share-link av-social-link-mail' ><a  aria-label=\"Compartir por correo\" href='mailto:?subject=Subsecretaria%20de%20Turismo%20visit%C3%B3%20dependencias%20de%20Emporcha%20para%20conocer%20la%20log%C3%ADstica%20en%20la%20atenci%C3%B3n%20de%20cruceristas&#038;body=https:\/\/radiorevelacionfm.cl\/?p=36595' aria-hidden='false' data-av_icon='\ue805' data-av_iconfont='entypo-fontello' title='' data-avia-related-tooltip='Compartir por correo'><span class='avia_hidden_link_text'>Compartir por correo<\/span><\/a><\/li><\/ul><\/div><\/div>\n<div  style='height:50px' class='hr hr-invisible   avia-builder-el-8  el_after_av_social_share  el_before_av_comments_list '><span class='hr-inner ' ><span class='hr-inner-style'><\/span><\/span><\/div>\n<div  class='av-buildercomment  av-blog-meta-html-info-disabled av-blog-meta-tag-disabled  '><\/div>\n","protected":false},"excerpt":{"rendered":"","protected":false},"author":1,"featured_media":36596,"comment_status":"open","ping_status":"open","sticky":false,"template":"","format":"standard","meta":{"footnotes":""},"categories":[54],"tags":[],"class_list":["post-36595","post","type-post","status-publish","format-standard","has-post-thumbnail","hentry","category-turismo"],"jetpack_featured_media_url":"https:\/\/radiorevelacionfm.cl\/wp-content\/uploads\/2023\/11\/visita-subsecretaria-de-turismo-1-1_optimized.jpeg","_links":{"self":[{"href":"https:\/\/radiorevelacionfm.cl\/index.php?rest_route=\/wp\/v2\/posts\/36595","targetHints":{"allow":["GET"]}}],"collection":[{"href":"https:\/\/radiorevelacionfm.cl\/index.php?rest_route=\/wp\/v2\/posts"}],"about":[{"href":"https:\/\/radiorevelacionfm.cl\/index.php?rest_route=\/wp\/v2\/types\/post"}],"author":[{"embeddable":true,"href":"https:\/\/radiorevelacionfm.cl\/index.php?rest_route=\/wp\/v2\/users\/1"}],"replies":[{"embeddable":true,"href":"https:\/\/radiorevelacionfm.cl\/index.php?rest_route=%2Fwp%2Fv2%2Fcomments&post=36595"}],"version-history":[{"count":1,"href":"https:\/\/radiorevelacionfm.cl\/index.php?rest_route=\/wp\/v2\/posts\/36595\/revisions"}],"predecessor-version":[{"id":36597,"href":"https:\/\/radiorevelacionfm.cl\/index.php?rest_route=\/wp\/v2\/posts\/36595\/revisions\/36597"}],"wp:featuredmedia":[{"embeddable":true,"href":"https:\/\/radiorevelacionfm.cl\/index.php?rest_route=\/wp\/v2\/media\/36596"}],"wp:attachment":[{"href":"https:\/\/radiorevelacionfm.cl\/index.php?rest_route=%2Fwp%2Fv2%2Fmedia&parent=36595"}],"wp:term":[{"taxonomy":"category","embeddable":true,"href":"https:\/\/radiorevelacionfm.cl\/index.php?rest_route=%2Fwp%2Fv2%2Fcategories&post=36595"},{"taxonomy":"post_tag","embeddable":true,"href":"https:\/\/radiorevelacionfm.cl\/index.php?rest_route=%2Fwp%2Fv2%2Ftags&post=36595"}],"curies":[{"name":"wp","href":"https:\/\/api.w.org\/{rel}","templated":true}]}}