{"id":3659,"date":"2021-04-29T17:33:10","date_gmt":"2021-04-29T20:33:10","guid":{"rendered":"https:\/\/radiorevelacionfm.cl\/?p=3659"},"modified":"2021-04-29T17:33:10","modified_gmt":"2021-04-29T20:33:10","slug":"pdi-realiza-un-llamado-a-denunciar-el-maltrato-animal-y-mantener-una-tenencia-responsable","status":"publish","type":"post","link":"https:\/\/radiorevelacionfm.cl\/?p=3659","title":{"rendered":"PDI realiza un llamado a denunciar el maltrato animal y mantener una tenencia responsable"},"content":{"rendered":"<div class=\"flex_column av_one_full  flex_column_div av-zero-column-padding first  avia-builder-el-0  el_before_av_one_full  avia-builder-el-first  \" style='border-radius:0px; '><div  class='avia-image-container  av-styling-    avia-builder-el-1  avia-builder-el-no-sibling  avia-align-center '  itemprop=\"image\" itemscope=\"itemscope\" itemtype=\"https:\/\/schema.org\/ImageObject\"  ><div class='avia-image-container-inner'><div class='avia-image-overlay-wrap'><img decoding=\"async\" class='wp-image-0 avia-img-lazy-loading-not-0 avia_image' src=\"https:\/\/radiorevelacionfm.cl\/wp-content\/uploads\/2021\/04\/generica-bidema-maltrato-animal-1_optimized.jpg\" alt='' title=''   itemprop=\"thumbnailUrl\"  \/><\/div><\/div><\/div><\/div><div class=\"flex_column av_one_full  flex_column_div av-zero-column-padding first  avia-builder-el-2  el_after_av_one_full  el_before_av_one_full  column-top-margin\" style='border-radius:0px; '><section class=\"av_textblock_section \"  itemscope=\"itemscope\" itemtype=\"https:\/\/schema.org\/BlogPosting\" itemprop=\"blogPost\" ><div class='avia_textblock  '   itemprop=\"text\" ><p style=\"text-align: center;\"><strong><span style=\"font-size: 18pt;\">PDI realiza un llamado a denunciar el maltrato animal y mantener una tenencia responsable<\/span><\/strong><\/p>\n<div id=\"gtx-trans\" style=\"position: absolute; left: -50px; top: 4.31534px;\">\n<div class=\"gtx-trans-icon\"><\/div>\n<\/div>\n<\/div><\/section><\/div><div class=\"flex_column av_one_full  flex_column_div av-zero-column-padding first  avia-builder-el-4  el_after_av_one_full  el_before_av_hr  column-top-margin\" style='border-radius:0px; '><section class=\"av_textblock_section \"  itemscope=\"itemscope\" itemtype=\"https:\/\/schema.org\/BlogPosting\" itemprop=\"blogPost\" ><div class='avia_textblock  '   itemprop=\"text\" ><p style=\"text-align: justify;\">La Polic\u00eda de Investigaciones de Chile, a trav\u00e9s de la Brigada Investigadora de Delitos Contra la Salud P\u00fablica y Medio Ambiente (Bridesma) Metropolitana, dio a conocer que durante el a\u00f1o 2020 hubo una baja en las denuncias por maltrato animal en comparaci\u00f3n a 2019.<\/p>\n<p style=\"text-align: justify;\">Seg\u00fan las cifras, el a\u00f1o pasado se registraron 181 denuncias menos que el 2019, ya que ese a\u00f1o se acogieron 571 denuncias, mientras que en 2020 la cifra baj\u00f3 a 390.<\/p>\n<p style=\"text-align: justify;\">A nivel regional, este fen\u00f3meno no tuvo una variaci\u00f3n significativa, pues de acuerdo a las cifras de la Brigada Investigadora de Delitos del Medioambiente y Patrimonio Cultural (BIDEMA) Ays\u00e9n las denuncias sobre el delito de maltrato animal se mantuvieron durante ambos periodos, contabilizando solo 12 denuncias por este hecho a nivel regional.<\/p>\n<p style=\"text-align: justify;\">A partir de los an\u00e1lisis especializados, esta situaci\u00f3n se debe a diversos factores producto de la pandemia: mayor apego entre los due\u00f1os y sus mascotas y una disminuci\u00f3n de denuncias por restricci\u00f3n de movilidad.<\/p>\n<p style=\"text-align: justify;\">En el primer trimestre de 2021, no se han acogido denuncias por este delito, no obstante, se han recibido seis \u00f3rdenes de investigar por estos hechos. En este mismo per\u00edodo, la BIDEMA Ays\u00e9n ha dado cumplimiento a dos \u00f3rdenes de detenci\u00f3n por maltrato animal, hechos que hab\u00edan sido denunciados e investigados por la PDI y que requer\u00edan continuar con su proceso judicial.<\/p>\n<p style=\"text-align: justify;\">Al respecto, el comisario Claudio Reyes, jefe de la unidad especializada, enfatiz\u00f3 que \u201cexiste una l\u00ednea tangencial que divide el maltrato animal con la tenencia responsable\u201d. De acuerdo a lo informado por el jefe de la BIDEMA Ays\u00e9n, el delito de maltrato animal \u201cse presenta cuando existe un acto de crueldad por parte de un ser humano a una mascota como\u201d, por ejemplo, no proporcionar los cuidados propios de una tenencia responsable, ocasion\u00e1ndole da\u00f1o y sufrimiento al animal.<\/p>\n<p style=\"text-align: justify;\">Por otro lado, \u201cla Ley de Tenencia Responsable de Mascotas y Animales de Compa\u00f1\u00eda establece una serie de obligaciones que una persona contrae cuando decide aceptar y mantener una mascota\u201d, puntualiz\u00f3 el comisario Reyes, por ejemplo, registrarla en el Registro Nacional de Mascotas o Animales de Compa\u00f1\u00eda, identificarla con un dispositivo electr\u00f3nico (microchip) o placa, responsabilizarse de su alimentaci\u00f3n y manejo sanitario, y responder civilmente por los da\u00f1os que cause.<\/p>\n<p style=\"text-align: justify;\">En ese sentido, el jefe de la BIDEMA Ays\u00e9n realiz\u00f3 un llamado a identificar cada fen\u00f3meno y denunciar cuando se est\u00e9 en presencia de un acto de crueldad animal, ya que si un perro ladra mucho o anda suelto en la calle eso corresponde a tenencia responsable, en cambio si por alg\u00fan motivo el due\u00f1o no alimenta a su mascota o la mantiene en malas condiciones, ocasion\u00e1ndole un deterioro de salud, estamos en presencia del delito de maltrato animal.<\/p>\n<p style=\"text-align: justify;\">Finalmente, desde la PDI destacaron la necesidad de denunciar el maltrato animal, instando a la ciudadan\u00eda a mantener una tenencia responsable de mascotas, \u201ccon los antecedentes que nos puedan proporcionar en las denuncias que realicen nosotros vamos a poder realizar las investigaciones de estos delitos y evitar maltratos y crueldad en contra de los animales\u201d, indic\u00f3 el comisario Reyes.<\/p>\n<\/div><\/section><\/div><div  style='height:50px' class='hr hr-invisible   avia-builder-el-6  el_after_av_one_full  el_before_av_social_share '><span class='hr-inner ' ><span class='hr-inner-style'><\/span><\/span><\/div><\/p>\n<div  class='av-social-sharing-box  avia-builder-el-7  el_after_av_hr  el_before_av_hr  '><div class='av-share-box'><h5 class='av-share-link-description av-no-toc '>Compartir esta noticia<\/h5><ul class='av-share-box-list noLightbox'><li class='av-share-link av-social-link-facebook' ><a target=\"_blank\" aria-label=\"Compartir en Facebook\" href='https:\/\/www.facebook.com\/sharer.php?u=https:\/\/radiorevelacionfm.cl\/?p=3659&#038;t=PDI%20realiza%20un%20llamado%20a%20denunciar%20el%20maltrato%20animal%20y%20mantener%20una%20tenencia%20responsable' aria-hidden='false' data-av_icon='\ue8f3' data-av_iconfont='entypo-fontello' title='' data-avia-related-tooltip='Compartir en Facebook' rel=\"noopener\"><span class='avia_hidden_link_text'>Compartir en Facebook<\/span><\/a><\/li><li class='av-share-link av-social-link-twitter' ><a target=\"_blank\" aria-label=\"Compartir en Twitter\" href='https:\/\/twitter.com\/share?text=PDI%20realiza%20un%20llamado%20a%20denunciar%20el%20maltrato%20animal%20y%20mantener%20una%20tenencia%20responsable&#038;url=https:\/\/radiorevelacionfm.cl\/?p=3659' aria-hidden='false' data-av_icon='\ue8f1' data-av_iconfont='entypo-fontello' title='' data-avia-related-tooltip='Compartir en Twitter' rel=\"noopener\"><span class='avia_hidden_link_text'>Compartir en Twitter<\/span><\/a><\/li><li class='av-share-link av-social-link-whatsapp' ><a target=\"_blank\" aria-label=\"Compartir en Whatsapp\" href='https:\/\/api.whatsapp.com\/send?text=https:\/\/radiorevelacionfm.cl\/?p=3659' aria-hidden='false' data-av_icon='\uf232' data-av_iconfont='entypo-fontello' title='' data-avia-related-tooltip='Compartir en Whatsapp' rel=\"noopener\"><span class='avia_hidden_link_text'>Compartir en Whatsapp<\/span><\/a><\/li><li class='av-share-link av-social-link-linkedin' ><a target=\"_blank\" aria-label=\"Compartir en LinkedIn\" href='https:\/\/linkedin.com\/shareArticle?mini=true&#038;title=PDI%20realiza%20un%20llamado%20a%20denunciar%20el%20maltrato%20animal%20y%20mantener%20una%20tenencia%20responsable&#038;url=https:\/\/radiorevelacionfm.cl\/?p=3659' aria-hidden='false' data-av_icon='\ue8fc' data-av_iconfont='entypo-fontello' title='' data-avia-related-tooltip='Compartir en LinkedIn' rel=\"noopener\"><span class='avia_hidden_link_text'>Compartir en LinkedIn<\/span><\/a><\/li><li class='av-share-link av-social-link-mail' ><a  aria-label=\"Compartir por correo\" href='mailto:?subject=PDI%20realiza%20un%20llamado%20a%20denunciar%20el%20maltrato%20animal%20y%20mantener%20una%20tenencia%20responsable&#038;body=https:\/\/radiorevelacionfm.cl\/?p=3659' aria-hidden='false' data-av_icon='\ue805' data-av_iconfont='entypo-fontello' title='' data-avia-related-tooltip='Compartir por correo'><span class='avia_hidden_link_text'>Compartir por correo<\/span><\/a><\/li><\/ul><\/div><\/div>\n<div  style='height:50px' class='hr hr-invisible   avia-builder-el-8  el_after_av_social_share  el_before_av_comments_list '><span class='hr-inner ' ><span class='hr-inner-style'><\/span><\/span><\/div>\n<div  class='av-buildercomment  av-blog-meta-html-info-disabled av-blog-meta-tag-disabled  '><\/div>\n","protected":false},"excerpt":{"rendered":"","protected":false},"author":1,"featured_media":0,"comment_status":"open","ping_status":"open","sticky":false,"template":"","format":"standard","meta":{"footnotes":""},"categories":[36],"tags":[],"class_list":["post-3659","post","type-post","status-publish","format-standard","hentry","category-policial"],"jetpack_featured_media_url":"","_links":{"self":[{"href":"https:\/\/radiorevelacionfm.cl\/index.php?rest_route=\/wp\/v2\/posts\/3659","targetHints":{"allow":["GET"]}}],"collection":[{"href":"https:\/\/radiorevelacionfm.cl\/index.php?rest_route=\/wp\/v2\/posts"}],"about":[{"href":"https:\/\/radiorevelacionfm.cl\/index.php?rest_route=\/wp\/v2\/types\/post"}],"author":[{"embeddable":true,"href":"https:\/\/radiorevelacionfm.cl\/index.php?rest_route=\/wp\/v2\/users\/1"}],"replies":[{"embeddable":true,"href":"https:\/\/radiorevelacionfm.cl\/index.php?rest_route=%2Fwp%2Fv2%2Fcomments&post=3659"}],"version-history":[{"count":1,"href":"https:\/\/radiorevelacionfm.cl\/index.php?rest_route=\/wp\/v2\/posts\/3659\/revisions"}],"predecessor-version":[{"id":3661,"href":"https:\/\/radiorevelacionfm.cl\/index.php?rest_route=\/wp\/v2\/posts\/3659\/revisions\/3661"}],"wp:attachment":[{"href":"https:\/\/radiorevelacionfm.cl\/index.php?rest_route=%2Fwp%2Fv2%2Fmedia&parent=3659"}],"wp:term":[{"taxonomy":"category","embeddable":true,"href":"https:\/\/radiorevelacionfm.cl\/index.php?rest_route=%2Fwp%2Fv2%2Fcategories&post=3659"},{"taxonomy":"post_tag","embeddable":true,"href":"https:\/\/radiorevelacionfm.cl\/index.php?rest_route=%2Fwp%2Fv2%2Ftags&post=3659"}],"curies":[{"name":"wp","href":"https:\/\/api.w.org\/{rel}","templated":true}]}}