{"id":36589,"date":"2023-11-05T18:16:52","date_gmt":"2023-11-05T21:16:52","guid":{"rendered":"https:\/\/radiorevelacionfm.cl\/?p=36589"},"modified":"2023-11-05T18:16:52","modified_gmt":"2023-11-05T21:16:52","slug":"realizan-entrega-de-equipamiento-a-categorias-infantiles-del-club-deportivo-condell","status":"publish","type":"post","link":"https:\/\/radiorevelacionfm.cl\/?p=36589","title":{"rendered":"Realizan entrega de equipamiento a categor\u00edas infantiles del Club Deportivo Condell"},"content":{"rendered":"<div class=\"flex_column av_one_full  flex_column_div av-zero-column-padding first  avia-builder-el-0  el_before_av_one_full  avia-builder-el-first  \" style='border-radius:0px; '><div  class='avia-image-container  av-styling-    avia-builder-el-1  avia-builder-el-no-sibling  avia-align-center '  itemprop=\"image\" itemscope=\"itemscope\" itemtype=\"https:\/\/schema.org\/ImageObject\"  ><div class='avia-image-container-inner'><div class='avia-image-overlay-wrap'><img decoding=\"async\" class='wp-image-36590 avia-img-lazy-loading-not-36590 avia_image' src=\"https:\/\/radiorevelacionfm.cl\/wp-content\/uploads\/2023\/11\/condell-tercera-y-cuarta-1-1_optimized-1.jpg\" alt='' title='condell-tercera-y-cuarta-1-(1)_optimized (1)' height=\"600\" width=\"1333\"  itemprop=\"thumbnailUrl\" srcset=\"https:\/\/radiorevelacionfm.cl\/wp-content\/uploads\/2023\/11\/condell-tercera-y-cuarta-1-1_optimized-1.jpg 1333w, https:\/\/radiorevelacionfm.cl\/wp-content\/uploads\/2023\/11\/condell-tercera-y-cuarta-1-1_optimized-1-300x135.jpg 300w, https:\/\/radiorevelacionfm.cl\/wp-content\/uploads\/2023\/11\/condell-tercera-y-cuarta-1-1_optimized-1-1030x464.jpg 1030w, https:\/\/radiorevelacionfm.cl\/wp-content\/uploads\/2023\/11\/condell-tercera-y-cuarta-1-1_optimized-1-768x346.jpg 768w, https:\/\/radiorevelacionfm.cl\/wp-content\/uploads\/2023\/11\/condell-tercera-y-cuarta-1-1_optimized-1-705x317.jpg 705w, https:\/\/radiorevelacionfm.cl\/wp-content\/uploads\/2023\/11\/condell-tercera-y-cuarta-1-1_optimized-1-450x203.jpg 450w, https:\/\/radiorevelacionfm.cl\/wp-content\/uploads\/2023\/11\/condell-tercera-y-cuarta-1-1_optimized-1-600x270.jpg 600w\" sizes=\"(max-width: 1333px) 100vw, 1333px\" \/><\/div><\/div><\/div><\/div><div class=\"flex_column av_one_full  flex_column_div av-zero-column-padding first  avia-builder-el-2  el_after_av_one_full  el_before_av_one_full  column-top-margin\" style='border-radius:0px; '><section class=\"av_textblock_section \"  itemscope=\"itemscope\" itemtype=\"https:\/\/schema.org\/BlogPosting\" itemprop=\"blogPost\" ><div class='avia_textblock  '   itemprop=\"text\" ><p style=\"text-align: center;\"><strong><span style=\"font-size: 18pt;\">Realizan entrega de equipamiento a categor\u00edas infantiles del Club Deportivo Condell<\/span><\/strong><\/p>\n<div id=\"gtx-trans\" style=\"position: absolute; left: -50px; top: 4.31534px;\">\n<div class=\"gtx-trans-icon\"><\/div>\n<\/div>\n<\/div><\/section><\/div><div class=\"flex_column av_one_full  flex_column_div av-zero-column-padding first  avia-builder-el-4  el_after_av_one_full  el_before_av_hr  column-top-margin\" style='border-radius:0px; '><section class=\"av_textblock_section \"  itemscope=\"itemscope\" itemtype=\"https:\/\/schema.org\/BlogPosting\" itemprop=\"blogPost\" ><div class='avia_textblock  '   itemprop=\"text\" ><p style=\"text-align: justify;\">Con gran felicidad padres y ni\u00f1os de las categor\u00edas cuarta y tercera infantil del Club Deportivo Condell de Puerto Ays\u00e9n, recibieron implementaci\u00f3n que les permite contar con indumentaria institucional para representar a su organizaci\u00f3n en los distintos encuentros y campeonatos deportivos.<\/p>\n<p style=\"text-align: justify;\">Para el Alcalde de la comuna de Ays\u00e9n, Julio Uribe, es fundamental apoyar a los ni\u00f1os y ni\u00f1as mediante la Corporaci\u00f3n Municipal de Deportes. \u201cEntregarles implementaci\u00f3n a trav\u00e9s de la Corporaci\u00f3n de Deportes a m\u00ed me llena de satisfacci\u00f3n, porque estamos apoyando a nuestros deportistas y as\u00ed tambi\u00e9n apoyando a los pap\u00e1s a los entrenadores, a las personas que se dedican al futbol. As\u00ed es que, estamos felices por esta entrega de equipamiento\u201d.<\/p>\n<p style=\"text-align: justify;\">El director ejecutivo de la Corporaci\u00f3n Municipal de Deportes, Carlos C\u00e1rcamo, explic\u00f3 c\u00f3mo se gest\u00f3 la entrega de implementaci\u00f3n, \u201cen primera instancia, se acercaron los apoderados y dirigentes del club para poder realizar este aporte, ya que, era una necesidad para los ni\u00f1os utilizar este buzo que sea insignia del club. Posteriormente este aporte deportivo fue tomado por el presidente de la Corporaci\u00f3n, don Julio Uribe, donde \u00e9l dio el paso para que se pueda entregar este aporte al club y hoy se gestion\u00f3 la entrega en el Municipio\u201d.<\/p>\n<p style=\"text-align: justify;\">En tanto, el entrenador de la tercera y cuarta infantil del deportivo Condell, Iv\u00e1n Negrete, se mostr\u00f3 muy agradecido de la colaboraci\u00f3n de la Municipalidad de Ays\u00e9n. \u201cEstamos muy agradecidos con la gesti\u00f3n municipal, al haber adquirido equipamiento en cuanto a vestuario y equipo para las series, as\u00ed es que, muy contentos y dar las gracias por todas las gestiones realizadas al Municipio. Hemos estado golpeando varias puertas, para tratar de conseguir recursos para adquirir implementaci\u00f3n y se dio que la Municipalidad nos abri\u00f3 sus puertas con el financiamiento para adquirir nueva indumentaria para el club\u201d.<\/p>\n<p style=\"text-align: justify;\">De esta forma se mantiene el compromiso de la gesti\u00f3n liderada por el Alcalde Julio Uribe, con el deporte, sobre todo el formativo, que significa un apoyo a los m\u00e1s peque\u00f1os, sus familias y los clubes presentes en el territorio.<\/p>\n<\/div><\/section><\/div><div  style='height:50px' class='hr hr-invisible   avia-builder-el-6  el_after_av_one_full  el_before_av_social_share '><span class='hr-inner ' ><span class='hr-inner-style'><\/span><\/span><\/div><\/p>\n<div  class='av-social-sharing-box  avia-builder-el-7  el_after_av_hr  el_before_av_hr  '><div class='av-share-box'><h5 class='av-share-link-description av-no-toc '>Compartir esta noticia<\/h5><ul class='av-share-box-list noLightbox'><li class='av-share-link av-social-link-facebook' ><a target=\"_blank\" aria-label=\"Compartir en Facebook\" href='https:\/\/www.facebook.com\/sharer.php?u=https:\/\/radiorevelacionfm.cl\/?p=36589&#038;t=Realizan%20entrega%20de%20equipamiento%20a%20categor%C3%ADas%20infantiles%20del%20Club%20Deportivo%20Condell' aria-hidden='false' data-av_icon='\ue8f3' data-av_iconfont='entypo-fontello' title='' data-avia-related-tooltip='Compartir en Facebook' rel=\"noopener\"><span class='avia_hidden_link_text'>Compartir en Facebook<\/span><\/a><\/li><li class='av-share-link av-social-link-twitter' ><a target=\"_blank\" aria-label=\"Compartir en Twitter\" href='https:\/\/twitter.com\/share?text=Realizan%20entrega%20de%20equipamiento%20a%20categor%C3%ADas%20infantiles%20del%20Club%20Deportivo%20Condell&#038;url=https:\/\/radiorevelacionfm.cl\/?p=36589' aria-hidden='false' data-av_icon='\ue8f1' data-av_iconfont='entypo-fontello' title='' data-avia-related-tooltip='Compartir en Twitter' rel=\"noopener\"><span class='avia_hidden_link_text'>Compartir en Twitter<\/span><\/a><\/li><li class='av-share-link av-social-link-whatsapp' ><a target=\"_blank\" aria-label=\"Compartir en Whatsapp\" href='https:\/\/api.whatsapp.com\/send?text=https:\/\/radiorevelacionfm.cl\/?p=36589' aria-hidden='false' data-av_icon='\uf232' data-av_iconfont='entypo-fontello' title='' data-avia-related-tooltip='Compartir en Whatsapp' rel=\"noopener\"><span class='avia_hidden_link_text'>Compartir en Whatsapp<\/span><\/a><\/li><li class='av-share-link av-social-link-linkedin' ><a target=\"_blank\" aria-label=\"Compartir en LinkedIn\" href='https:\/\/linkedin.com\/shareArticle?mini=true&#038;title=Realizan%20entrega%20de%20equipamiento%20a%20categor%C3%ADas%20infantiles%20del%20Club%20Deportivo%20Condell&#038;url=https:\/\/radiorevelacionfm.cl\/?p=36589' aria-hidden='false' data-av_icon='\ue8fc' data-av_iconfont='entypo-fontello' title='' data-avia-related-tooltip='Compartir en LinkedIn' rel=\"noopener\"><span class='avia_hidden_link_text'>Compartir en LinkedIn<\/span><\/a><\/li><li class='av-share-link av-social-link-mail' ><a  aria-label=\"Compartir por correo\" href='mailto:?subject=Realizan%20entrega%20de%20equipamiento%20a%20categor%C3%ADas%20infantiles%20del%20Club%20Deportivo%20Condell&#038;body=https:\/\/radiorevelacionfm.cl\/?p=36589' aria-hidden='false' data-av_icon='\ue805' data-av_iconfont='entypo-fontello' title='' data-avia-related-tooltip='Compartir por correo'><span class='avia_hidden_link_text'>Compartir por correo<\/span><\/a><\/li><\/ul><\/div><\/div>\n<div  style='height:50px' class='hr hr-invisible   avia-builder-el-8  el_after_av_social_share  el_before_av_comments_list '><span class='hr-inner ' ><span class='hr-inner-style'><\/span><\/span><\/div>\n<div  class='av-buildercomment  av-blog-meta-html-info-disabled av-blog-meta-tag-disabled  '><\/div>\n","protected":false},"excerpt":{"rendered":"","protected":false},"author":1,"featured_media":36590,"comment_status":"open","ping_status":"open","sticky":false,"template":"","format":"standard","meta":{"footnotes":""},"categories":[40],"tags":[],"class_list":["post-36589","post","type-post","status-publish","format-standard","has-post-thumbnail","hentry","category-deportes"],"jetpack_featured_media_url":"https:\/\/radiorevelacionfm.cl\/wp-content\/uploads\/2023\/11\/condell-tercera-y-cuarta-1-1_optimized-1.jpg","_links":{"self":[{"href":"https:\/\/radiorevelacionfm.cl\/index.php?rest_route=\/wp\/v2\/posts\/36589","targetHints":{"allow":["GET"]}}],"collection":[{"href":"https:\/\/radiorevelacionfm.cl\/index.php?rest_route=\/wp\/v2\/posts"}],"about":[{"href":"https:\/\/radiorevelacionfm.cl\/index.php?rest_route=\/wp\/v2\/types\/post"}],"author":[{"embeddable":true,"href":"https:\/\/radiorevelacionfm.cl\/index.php?rest_route=\/wp\/v2\/users\/1"}],"replies":[{"embeddable":true,"href":"https:\/\/radiorevelacionfm.cl\/index.php?rest_route=%2Fwp%2Fv2%2Fcomments&post=36589"}],"version-history":[{"count":1,"href":"https:\/\/radiorevelacionfm.cl\/index.php?rest_route=\/wp\/v2\/posts\/36589\/revisions"}],"predecessor-version":[{"id":36591,"href":"https:\/\/radiorevelacionfm.cl\/index.php?rest_route=\/wp\/v2\/posts\/36589\/revisions\/36591"}],"wp:featuredmedia":[{"embeddable":true,"href":"https:\/\/radiorevelacionfm.cl\/index.php?rest_route=\/wp\/v2\/media\/36590"}],"wp:attachment":[{"href":"https:\/\/radiorevelacionfm.cl\/index.php?rest_route=%2Fwp%2Fv2%2Fmedia&parent=36589"}],"wp:term":[{"taxonomy":"category","embeddable":true,"href":"https:\/\/radiorevelacionfm.cl\/index.php?rest_route=%2Fwp%2Fv2%2Fcategories&post=36589"},{"taxonomy":"post_tag","embeddable":true,"href":"https:\/\/radiorevelacionfm.cl\/index.php?rest_route=%2Fwp%2Fv2%2Ftags&post=36589"}],"curies":[{"name":"wp","href":"https:\/\/api.w.org\/{rel}","templated":true}]}}