{"id":36586,"date":"2023-11-05T16:34:40","date_gmt":"2023-11-05T19:34:40","guid":{"rendered":"https:\/\/radiorevelacionfm.cl\/?p=36586"},"modified":"2023-11-05T16:34:40","modified_gmt":"2023-11-05T19:34:40","slug":"mas-de-3-mil-personas-visitaron-la-cuarta-edicion-de-la-feria-de-las-culturas-aysen","status":"publish","type":"post","link":"https:\/\/radiorevelacionfm.cl\/?p=36586","title":{"rendered":"M\u00e1s de 3 mil personas visitaron la cuarta edici\u00f3n de la Feria de las Culturas Ays\u00e9n"},"content":{"rendered":"<div class=\"flex_column av_one_full  flex_column_div av-zero-column-padding first  avia-builder-el-0  el_before_av_one_full  avia-builder-el-first  \" style='border-radius:0px; '><div  class='avia-image-container  av-styling-    avia-builder-el-1  avia-builder-el-no-sibling  avia-align-center '  itemprop=\"image\" itemscope=\"itemscope\" itemtype=\"https:\/\/schema.org\/ImageObject\"  ><div class='avia-image-container-inner'><div class='avia-image-overlay-wrap'><img decoding=\"async\" class='wp-image-36587 avia-img-lazy-loading-not-36587 avia_image' src=\"https:\/\/radiorevelacionfm.cl\/wp-content\/uploads\/2023\/11\/stands-1-feria-de-las-culturas-aysen-1_optimized.jpg\" alt='' title='stands-1 - -feria-de-las-culturas-ays\u00e9n-(1)_optimized' height=\"600\" width=\"899\"  itemprop=\"thumbnailUrl\" srcset=\"https:\/\/radiorevelacionfm.cl\/wp-content\/uploads\/2023\/11\/stands-1-feria-de-las-culturas-aysen-1_optimized.jpg 899w, https:\/\/radiorevelacionfm.cl\/wp-content\/uploads\/2023\/11\/stands-1-feria-de-las-culturas-aysen-1_optimized-300x200.jpg 300w, https:\/\/radiorevelacionfm.cl\/wp-content\/uploads\/2023\/11\/stands-1-feria-de-las-culturas-aysen-1_optimized-768x513.jpg 768w, https:\/\/radiorevelacionfm.cl\/wp-content\/uploads\/2023\/11\/stands-1-feria-de-las-culturas-aysen-1_optimized-705x471.jpg 705w, https:\/\/radiorevelacionfm.cl\/wp-content\/uploads\/2023\/11\/stands-1-feria-de-las-culturas-aysen-1_optimized-450x300.jpg 450w, https:\/\/radiorevelacionfm.cl\/wp-content\/uploads\/2023\/11\/stands-1-feria-de-las-culturas-aysen-1_optimized-600x400.jpg 600w\" sizes=\"(max-width: 899px) 100vw, 899px\" \/><\/div><\/div><\/div><\/div><div class=\"flex_column av_one_full  flex_column_div av-zero-column-padding first  avia-builder-el-2  el_after_av_one_full  el_before_av_one_full  column-top-margin\" style='border-radius:0px; '><section class=\"av_textblock_section \"  itemscope=\"itemscope\" itemtype=\"https:\/\/schema.org\/BlogPosting\" itemprop=\"blogPost\" ><div class='avia_textblock  '   itemprop=\"text\" ><p style=\"text-align: center;\"><span style=\"font-size: 18pt;\"><strong>M\u00e1s de 3 mil personas visitaron la cuarta edici\u00f3n de la Feria de las Culturas Ays\u00e9n<\/strong><\/span><\/p>\n<div id=\"gtx-trans\" style=\"position: absolute; left: -50px; top: 4.31534px;\">\n<div class=\"gtx-trans-icon\"><\/div>\n<\/div>\n<\/div><\/section><\/div><div class=\"flex_column av_one_full  flex_column_div av-zero-column-padding first  avia-builder-el-4  el_after_av_one_full  el_before_av_hr  column-top-margin\" style='border-radius:0px; '><section class=\"av_textblock_section \"  itemscope=\"itemscope\" itemtype=\"https:\/\/schema.org\/BlogPosting\" itemprop=\"blogPost\" ><div class='avia_textblock  '   itemprop=\"text\" ><p style=\"text-align: justify;\"><em>La muestra reuni\u00f3 a creadores provenientes de nueve comunas y artistas de diversas disciplinas, incluidos representantes de artes de la visualidad y la librer\u00eda \u00d1ire Negro en el epicentro de la capital regional.<\/em><\/p>\n<p style=\"text-align: justify;\">Con gran \u00e9xito concluy\u00f3 la Feria de las Culturas Ays\u00e9n en su cuarta versi\u00f3n. En los tres d\u00edas de actividades programados por la Secretar\u00eda Regional de las Culturas, las Artes y el Patrimonio, m\u00e1s de 3 mil personas circularon por los stands de artesan\u00eda distribuidos a lo largo de la Plaza Pentagonal.<\/p>\n<p style=\"text-align: justify;\">El evento lleva gest\u00e1ndose desde el a\u00f1o 2019 a trav\u00e9s del programa Fortalecimiento de la Identidad Cultural Regional (FICR) para reactivar la econom\u00eda creativa, espacio que con el pasar del tiempo consigui\u00f3 posicionarse entre los agentes del circuito como una plataforma para la extensi\u00f3n de redes y promoci\u00f3n del trabajo identitario de la Patagonia.<\/p>\n<p style=\"text-align: justify;\">\u201cEstos tres d\u00edas de feria han sido un espacio de encuentro con la artesan\u00eda, las artes esc\u00e9nicas, el mundo del libro, entre otros, que nos deja con un profundo orgullo al ver c\u00f3mo las vecinas y vecinos se han acercado a encontrarse con el mundo cultural. Estamos contentos tambi\u00e9n de contar con la colaboraci\u00f3n e inter\u00e9s del intersector, del Ministerio de Econom\u00eda y la Ilustre Municipalidad de Coyhaique, quienes han entendido la labor fundamental que cumplen las culturas en el quehacer cotidiano\u201d, sostuvo el titular de la cartera Cultural, Felipe Quiroz.<\/p>\n<p style=\"text-align: justify;\">Dentro del cronograma, la organizaci\u00f3n consider\u00f3 la implementaci\u00f3n de talleres por la Asociaci\u00f3n Gremial Artesanos de Ays\u00e9n, la participaci\u00f3n de m\u00fasicos como Naara Andariega, Celeste Anacletxx, el conjunto folcl\u00f3rico Tehuelche Pionero, Los Lazos, Tr\u00edo Bajorde\u00f3n y otros artistas locales. Se a\u00f1ade a la oferta la intervenci\u00f3n callejera \u201cEstatuas vivientes\u201d, la mediaci\u00f3n en torno a la producci\u00f3n estrenada en TVN \u201cLos mil d\u00edas de Allende\u201d a cargo de \u00darsula Budnik y Cristi\u00e1n Jim\u00e9nez, el conversatorio del colectivo RAVA y un completo abanico de manifestaciones art\u00edsticas.<\/p>\n<p style=\"text-align: justify;\">\u201cEl convocar a varios artesanos en un lugar, hacen que las distancias se acorten\u201d, expres\u00f3 Johana Zajc, quien particip\u00f3 con un stand. Por su parte, L\u00e1zaro Igor, que trajo desde Tortel sus creaciones en madera, valor\u00f3 la instancia: \u201cHa funcionado como una vitrina para visibilizar el trabajo que uno hace y tambi\u00e9n empaparse de lo que est\u00e1 haciendo el resto\u201d.<\/p>\n<p style=\"text-align: justify;\">Violeta Flores que viaj\u00f3 de Cochrane, en una l\u00ednea similar a Igor, enfatiz\u00f3 lo esencial de compartir entre pares. \u201cMe parece muy interesante. Para m\u00ed siempre es grato reencontrarme con muchas colegas y ver c\u00f3mo hemos avanzado en el tiempo creando nuevas artesan\u00edas, nuevas t\u00e9cnicas, aprendiendo entre nosotras, porque igual compartimos en estos d\u00edas y as\u00ed nos vamos retroalimentando en los conocimientos que tiene cada una\u201d.<\/p>\n<p style=\"text-align: justify;\"><strong>Reconocimientos <\/strong><\/p>\n<p style=\"text-align: justify;\">Ante el p\u00fablico, la institucionalidad cultural reconoci\u00f3 a Mauricio Osorio, Mar\u00eda Isabel Quintana e Ivonne Co\u00f1eucar, nominados por diferentes organismos y agrupaciones al Premio Regional de Arte, cuyo foco estuvo en la literatura con tres categor\u00edas: Ensayo, Narrativa y Poes\u00eda. \u201cLa verdad es maravilloso, porque uno siente de alguna manera el cari\u00f1o por todo el trabajo desarrollado en la regi\u00f3n. Yo llegu\u00e9 el a\u00f1o 96 a Ays\u00e9n y desde ese momento me puse a trabajar en temas de artes y cultura regional\u201d, sostuvo Osorio.<\/p>\n<p style=\"text-align: justify;\">En la feria tambi\u00e9n se distingui\u00f3 la trayectoria de Tehuelche Pionero, Los Lazos, Ariel Elgueta, Joaqu\u00edn Real y Enrique Vald\u00e9s, \u00e9ste \u00faltimo con un homenaje p\u00f3stumo bajo la representaci\u00f3n de su hermano. \u201cNos sorprende muy gratamente este reconocimiento. Han sido varios a\u00f1os, ha costado mucho respecto a la lejan\u00eda que tenemos en el territorio, siempre es m\u00e1s complejo, pero aqu\u00ed hemos estado, y por supuesto que se agradece este tipo de instancias. El hecho de trabajar arduo y que alguien te diga &#8216;lo est\u00e1s haciendo bien&#8217;, vale en estos 53 a\u00f1os de trayectoria\u201d, coment\u00f3 Gerardo Lavoz, presidente del conjunto folcl\u00f3rico Tehuelche Pionero.<\/p>\n<p style=\"text-align: justify;\">En tanto, Arturo Barros de Los Lazos, record\u00f3 el origen de las letras, donde con cari\u00f1o e investigaci\u00f3n visibilizan el poblamiento, la vida de pioneros y tradiciones. \u201cDestacar esa historia, leer, transformarla en verso y musicalizarlo, y posteriormente hacer trabajo de armonizaciones; eso no s\u00f3lo se ha trasladado a Chile y Argentina, sino que a varios pa\u00edses, incluso se han traducido algunas cosas en alem\u00e1n y franc\u00e9s\u201d.<\/p>\n<p style=\"text-align: justify;\"><strong>Patrimonio culinario e interculturalidad<\/strong><\/p>\n<p style=\"text-align: justify;\">Adem\u00e1s de los puestos de artesan\u00edas, la reciente edici\u00f3n acerc\u00f3 la cocina ancestral mapuche y migrante. \u201cPara nosotros ha sido una experiencia maravillosa, porque hemos tenido muy buena acogida con nuestros platos colombianos y venezolanos. Quisimos hacer una fusi\u00f3n, manejamos las tres gastronom\u00edas (colombiana, venezolana y chilena), pero tratamos de hacer platos t\u00edpicos de nosotros con un poquito de sabor chileno para tener esa reciprocidad\u201d, puntualiz\u00f3 Diana Ordo\u00f1ez, quien comparti\u00f3 su patrimonio culinario.<\/p>\n<p style=\"text-align: justify;\">Para la jornada de cierre, junto a la cocina t\u00edpica, la comunidad migrante present\u00f3 cuatro n\u00fameros danc\u00edsticos interpretados por Flor \u00c1ngel Yumar, Andry Villegas, Sergio Forero, Mar\u00eda Lourdes y Andry M\u00e9ndez que rescataron expresiones latinoamericanas dando nuevos matices al evento que, luego de tres d\u00edas de programaci\u00f3n, permiti\u00f3 el acceso ciudadano a instancias participativas y culturales.<\/p>\n<\/div><\/section><\/div><div  style='height:50px' class='hr hr-invisible   avia-builder-el-6  el_after_av_one_full  el_before_av_social_share '><span class='hr-inner ' ><span class='hr-inner-style'><\/span><\/span><\/div><\/p>\n<div  class='av-social-sharing-box  avia-builder-el-7  el_after_av_hr  el_before_av_hr  '><div class='av-share-box'><h5 class='av-share-link-description av-no-toc '>Compartir esta noticia<\/h5><ul class='av-share-box-list noLightbox'><li class='av-share-link av-social-link-facebook' ><a target=\"_blank\" aria-label=\"Compartir en Facebook\" href='https:\/\/www.facebook.com\/sharer.php?u=https:\/\/radiorevelacionfm.cl\/?p=36586&#038;t=M%C3%A1s%20de%203%20mil%20personas%20visitaron%20la%20cuarta%20edici%C3%B3n%20de%20la%20Feria%20de%20las%20Culturas%20Ays%C3%A9n' aria-hidden='false' data-av_icon='\ue8f3' data-av_iconfont='entypo-fontello' title='' data-avia-related-tooltip='Compartir en Facebook' rel=\"noopener\"><span class='avia_hidden_link_text'>Compartir en Facebook<\/span><\/a><\/li><li class='av-share-link av-social-link-twitter' ><a target=\"_blank\" aria-label=\"Compartir en Twitter\" href='https:\/\/twitter.com\/share?text=M%C3%A1s%20de%203%20mil%20personas%20visitaron%20la%20cuarta%20edici%C3%B3n%20de%20la%20Feria%20de%20las%20Culturas%20Ays%C3%A9n&#038;url=https:\/\/radiorevelacionfm.cl\/?p=36586' aria-hidden='false' data-av_icon='\ue8f1' data-av_iconfont='entypo-fontello' title='' data-avia-related-tooltip='Compartir en Twitter' rel=\"noopener\"><span class='avia_hidden_link_text'>Compartir en Twitter<\/span><\/a><\/li><li class='av-share-link av-social-link-whatsapp' ><a target=\"_blank\" aria-label=\"Compartir en Whatsapp\" href='https:\/\/api.whatsapp.com\/send?text=https:\/\/radiorevelacionfm.cl\/?p=36586' aria-hidden='false' data-av_icon='\uf232' data-av_iconfont='entypo-fontello' title='' data-avia-related-tooltip='Compartir en Whatsapp' rel=\"noopener\"><span class='avia_hidden_link_text'>Compartir en Whatsapp<\/span><\/a><\/li><li class='av-share-link av-social-link-linkedin' ><a target=\"_blank\" aria-label=\"Compartir en LinkedIn\" href='https:\/\/linkedin.com\/shareArticle?mini=true&#038;title=M%C3%A1s%20de%203%20mil%20personas%20visitaron%20la%20cuarta%20edici%C3%B3n%20de%20la%20Feria%20de%20las%20Culturas%20Ays%C3%A9n&#038;url=https:\/\/radiorevelacionfm.cl\/?p=36586' aria-hidden='false' data-av_icon='\ue8fc' data-av_iconfont='entypo-fontello' title='' data-avia-related-tooltip='Compartir en LinkedIn' rel=\"noopener\"><span class='avia_hidden_link_text'>Compartir en LinkedIn<\/span><\/a><\/li><li class='av-share-link av-social-link-mail' ><a  aria-label=\"Compartir por correo\" href='mailto:?subject=M%C3%A1s%20de%203%20mil%20personas%20visitaron%20la%20cuarta%20edici%C3%B3n%20de%20la%20Feria%20de%20las%20Culturas%20Ays%C3%A9n&#038;body=https:\/\/radiorevelacionfm.cl\/?p=36586' aria-hidden='false' data-av_icon='\ue805' data-av_iconfont='entypo-fontello' title='' data-avia-related-tooltip='Compartir por correo'><span class='avia_hidden_link_text'>Compartir por correo<\/span><\/a><\/li><\/ul><\/div><\/div>\n<div  style='height:50px' class='hr hr-invisible   avia-builder-el-8  el_after_av_social_share  el_before_av_comments_list '><span class='hr-inner ' ><span class='hr-inner-style'><\/span><\/span><\/div>\n<div  class='av-buildercomment  av-blog-meta-html-info-disabled av-blog-meta-tag-disabled  '><\/div>\n","protected":false},"excerpt":{"rendered":"","protected":false},"author":1,"featured_media":36587,"comment_status":"open","ping_status":"open","sticky":false,"template":"","format":"standard","meta":{"footnotes":""},"categories":[52],"tags":[],"class_list":["post-36586","post","type-post","status-publish","format-standard","has-post-thumbnail","hentry","category-cultura"],"jetpack_featured_media_url":"https:\/\/radiorevelacionfm.cl\/wp-content\/uploads\/2023\/11\/stands-1-feria-de-las-culturas-aysen-1_optimized.jpg","_links":{"self":[{"href":"https:\/\/radiorevelacionfm.cl\/index.php?rest_route=\/wp\/v2\/posts\/36586","targetHints":{"allow":["GET"]}}],"collection":[{"href":"https:\/\/radiorevelacionfm.cl\/index.php?rest_route=\/wp\/v2\/posts"}],"about":[{"href":"https:\/\/radiorevelacionfm.cl\/index.php?rest_route=\/wp\/v2\/types\/post"}],"author":[{"embeddable":true,"href":"https:\/\/radiorevelacionfm.cl\/index.php?rest_route=\/wp\/v2\/users\/1"}],"replies":[{"embeddable":true,"href":"https:\/\/radiorevelacionfm.cl\/index.php?rest_route=%2Fwp%2Fv2%2Fcomments&post=36586"}],"version-history":[{"count":1,"href":"https:\/\/radiorevelacionfm.cl\/index.php?rest_route=\/wp\/v2\/posts\/36586\/revisions"}],"predecessor-version":[{"id":36588,"href":"https:\/\/radiorevelacionfm.cl\/index.php?rest_route=\/wp\/v2\/posts\/36586\/revisions\/36588"}],"wp:featuredmedia":[{"embeddable":true,"href":"https:\/\/radiorevelacionfm.cl\/index.php?rest_route=\/wp\/v2\/media\/36587"}],"wp:attachment":[{"href":"https:\/\/radiorevelacionfm.cl\/index.php?rest_route=%2Fwp%2Fv2%2Fmedia&parent=36586"}],"wp:term":[{"taxonomy":"category","embeddable":true,"href":"https:\/\/radiorevelacionfm.cl\/index.php?rest_route=%2Fwp%2Fv2%2Fcategories&post=36586"},{"taxonomy":"post_tag","embeddable":true,"href":"https:\/\/radiorevelacionfm.cl\/index.php?rest_route=%2Fwp%2Fv2%2Ftags&post=36586"}],"curies":[{"name":"wp","href":"https:\/\/api.w.org\/{rel}","templated":true}]}}