{"id":36583,"date":"2023-11-05T15:09:07","date_gmt":"2023-11-05T18:09:07","guid":{"rendered":"https:\/\/radiorevelacionfm.cl\/?p=36583"},"modified":"2023-11-05T15:09:07","modified_gmt":"2023-11-05T18:09:07","slug":"encuentros-con-gremios-y-visitas-a-lugares-emblematicos-de-la-region-marcaron-la-agenda-de-la-subsecretaria-de-turismo-en-aysen","status":"publish","type":"post","link":"https:\/\/radiorevelacionfm.cl\/?p=36583","title":{"rendered":"Encuentros con gremios y visitas a lugares emblem\u00e1ticos de la regi\u00f3n marcaron la agenda de la Subsecretaria de Turismo en Ays\u00e9n"},"content":{"rendered":"<div class=\"flex_column av_one_full  flex_column_div av-zero-column-padding first  avia-builder-el-0  el_before_av_one_full  avia-builder-el-first  \" style='border-radius:0px; '><div  class='avia-image-container  av-styling-    avia-builder-el-1  avia-builder-el-no-sibling  avia-align-center '  itemprop=\"image\" itemscope=\"itemscope\" itemtype=\"https:\/\/schema.org\/ImageObject\"  ><div class='avia-image-container-inner'><div class='avia-image-overlay-wrap'><img decoding=\"async\" class='wp-image-36584 avia-img-lazy-loading-not-36584 avia_image' src=\"https:\/\/radiorevelacionfm.cl\/wp-content\/uploads\/2023\/11\/02-queulat_optimized-2-1.jpg\" alt='' title='02-queulat_optimized (2) (1)' height=\"597\" width=\"823\"  itemprop=\"thumbnailUrl\" srcset=\"https:\/\/radiorevelacionfm.cl\/wp-content\/uploads\/2023\/11\/02-queulat_optimized-2-1.jpg 823w, https:\/\/radiorevelacionfm.cl\/wp-content\/uploads\/2023\/11\/02-queulat_optimized-2-1-300x218.jpg 300w, https:\/\/radiorevelacionfm.cl\/wp-content\/uploads\/2023\/11\/02-queulat_optimized-2-1-768x557.jpg 768w, https:\/\/radiorevelacionfm.cl\/wp-content\/uploads\/2023\/11\/02-queulat_optimized-2-1-705x511.jpg 705w, https:\/\/radiorevelacionfm.cl\/wp-content\/uploads\/2023\/11\/02-queulat_optimized-2-1-450x326.jpg 450w, https:\/\/radiorevelacionfm.cl\/wp-content\/uploads\/2023\/11\/02-queulat_optimized-2-1-600x435.jpg 600w\" sizes=\"(max-width: 823px) 100vw, 823px\" \/><\/div><\/div><\/div><\/div><div class=\"flex_column av_one_full  flex_column_div av-zero-column-padding first  avia-builder-el-2  el_after_av_one_full  el_before_av_one_full  column-top-margin\" style='border-radius:0px; '><section class=\"av_textblock_section \"  itemscope=\"itemscope\" itemtype=\"https:\/\/schema.org\/BlogPosting\" itemprop=\"blogPost\" ><div class='avia_textblock  '   itemprop=\"text\" ><p style=\"text-align: center;\"><strong><span style=\"font-size: 18pt;\">Encuentros con gremios y visitas a lugares emblem\u00e1ticos de la regi\u00f3n marcaron la agenda de la Subsecretaria de Turismo en Ays\u00e9n<\/span><\/strong><\/p>\n<div id=\"gtx-trans\" style=\"position: absolute; left: -50px; top: 4.31534px;\">\n<div class=\"gtx-trans-icon\"><\/div>\n<\/div>\n<\/div><\/section><\/div><div class=\"flex_column av_one_full  flex_column_div av-zero-column-padding first  avia-builder-el-4  el_after_av_one_full  el_before_av_hr  column-top-margin\" style='border-radius:0px; '><section class=\"av_textblock_section \"  itemscope=\"itemscope\" itemtype=\"https:\/\/schema.org\/BlogPosting\" itemprop=\"blogPost\" ><div class='avia_textblock  '   itemprop=\"text\" ><p style=\"text-align: justify;\"><em>Con una agenda nutrida de actividades, se concret\u00f3 la primera visita a la regi\u00f3n de Ays\u00e9n de la subsecretaria, destacando el compromiso de Chile con el turismo sostenible y la conservaci\u00f3n del patrimonio natural de Ays\u00e9n.<\/em><\/p>\n<p style=\"text-align: justify;\">La Subsecretaria de Turismo, Ver\u00f3nica Pardo Lagos, complet\u00f3 una extensa visita de cuatro d\u00edas a la regi\u00f3n de Ays\u00e9n, con el firme prop\u00f3sito de conocer los desaf\u00edos y particularidades del territorio. Se reuni\u00f3 con autoridades regionales, representantes de los gremios del turismo de toda regi\u00f3n, tour operadores y visit\u00f3 algunos de los lugares de alta afluencia tur\u00edstica, con el firme prop\u00f3sito de trabajar conjuntamente en reforzar la posici\u00f3n de Ays\u00e9n como un destino tur\u00edstico de renombre mundial.<\/p>\n<p style=\"text-align: justify;\">Entre las actividades realizadas se encuentran la visita al Puerto Emporcha y Puerto Oxxean y un recorrido por el Hotel Lober\u00edas del Sur, en Puerto Chacabuco. Recorri\u00f3 las obras de infraestructura tur\u00edstica en el Parque Nacional Queulat, que involucran mejoramiento de senderos, estacionamientos y miradores y conoci\u00f3 el proyecto del Nuevo Aeropuerto de Balmaceda.<\/p>\n<p style=\"text-align: justify;\">Tras el recorrido por Parque Nacional Queulat, la subsecretaria Pardo enfatiz\u00f3 que \u00abChile est\u00e1 comprometido con el cuidado, regeneraci\u00f3n y mirada ambiental. Sabemos que esta regi\u00f3n si no cuida su territorio, si no comparte estos parques con toda nuestra ciudadan\u00eda, si no generamos la conciencia tur\u00edstica de lo que implica la regeneraci\u00f3n y la conservaci\u00f3n, dif\u00edcilmente vamos a poder entregar este legado al resto de las generaciones\u00bb.<\/p>\n<p style=\"text-align: justify;\">Ver\u00f3nica Pardo agreg\u00f3 que \u00abla mayor manera de poner a nuestro pa\u00eds al centro de una mirada tur\u00edstica, y que as\u00ed sea mirado por el resto del mundo, es potenciando el turismo de naturaleza como queremos hacerlo en la regi\u00f3n de Ays\u00e9n\u00bb, sostuvo.<\/p>\n<p style=\"text-align: justify;\">En tanto, el Delegado Presidencial Regional, Rodrigo Araya, enfatiz\u00f3 en la relevancia de la descentralizaci\u00f3n y la protecci\u00f3n del patrimonio natural de Ays\u00e9n. \u00abLa descentralizaci\u00f3n es fundamental en todas las \u00e1reas y en las \u00e1reas del desarrollo productivos y las que aportan al trabajo y el emprendimiento, el sector tur\u00edstico es fundamental en la regi\u00f3n de Ays\u00e9n. Nuestra regi\u00f3n es \u00fanica en biodiversidad, es un patrimonio natural que todos nosotros cuidamos y nos preocupamos que se mantenga as\u00ed\u00bb.<\/p>\n<p style=\"text-align: justify;\">Claudio Montecinos, director regional del Servicio Nacional de Turismo (SERNATUR) destac\u00f3 la extensa agenda que tuvo la subsecretaria. \u00abPara SERNATUR Ays\u00e9n es muy relevante la visita de la subsecretaria a nuestra regi\u00f3n, que tiene un foco muy especial en la conversaci\u00f3n con los gremios del turismo de toda la regi\u00f3n y, particularmente al Parque Nacional Queulat, que da cuenta del esfuerzo que est\u00e1 haciendo la regi\u00f3n de Ays\u00e9n en materia de financiamiento para infraestructura habilitante para el sector de turismo, que le da valor y posiciona de mejor manera el destino Ays\u00e9n Patagonia en los mercados nacionales e internacionales\u00bb, se\u00f1al\u00f3.<\/p>\n<p style=\"text-align: justify;\"><u>Conversando sobre Turismo<\/u><\/p>\n<p style=\"text-align: justify;\">Durante su visita a la regi\u00f3n de Ays\u00e9n, la Subsecretaria de Turismo, Ver\u00f3nica Pardo, celebr\u00f3 encuentros con representantes de los gremios tur\u00edsticos, realiz\u00e1ndose un conversatorio en la comuna de Ays\u00e9n, que cont\u00f3 con la presencia del alcalde, Julio Uribe, el delegado provincial Jorge D\u00edaz y el seremi de Econom\u00eda, Felipe Rojas. En Coyhaique, con participantes provenientes de distintos puntos de la regi\u00f3n, \u00a0gu\u00edas tur\u00edsticos, operadores y prestadores de servicios tur\u00edsticos abordaron con la autoridad las inquietudes y desaf\u00edos espec\u00edficos que enfrenta el sector del turismo en Ays\u00e9n.<\/p>\n<p style=\"text-align: justify;\">La Gobernadora de Ays\u00e9n, Andrea Mac\u00edas Palma, recibi\u00f3 a la Subsecretaria Pardo en dependencias de la casa regional, encuentro en que enfatizaron en la necesidad de trabajar de manera conjunta y colaborativa entre el Gobierno Regional y SERNATUR Ays\u00e9n, en materia de gobernanza p\u00fablico privada, planificaci\u00f3n estrat\u00e9gica, promoci\u00f3n tur\u00edstica y gesti\u00f3n del destino Ays\u00e9n Patagonia.<\/p>\n<p style=\"text-align: justify;\">A su vez, se concret\u00f3 una reuni\u00f3n con el presidente de Asociaci\u00f3n Regional de Municipalidades de Ays\u00e9n (AREMU) y alcalde de Chile Chico, Luperciano Mu\u00f1oz; el alcalde de Coyhaique, Carlos Gatica y el alcalde de Tortel, Abel Becerra, quien adem\u00e1s recibi\u00f3 de manos de la subsecretaria el reconocimiento \u00abBest Tourism Village\u00bb otorgado recientemente a Tortel por la Organizaci\u00f3n Mundial de Turismo.<\/p>\n<p style=\"text-align: justify;\">Ver\u00f3nica Pardo tambi\u00e9n particip\u00f3 del taller de inicio del Programa Estrat\u00e9gico Transforma \u00abRuta de los Parques de la Patagonia, Destino Mundial de Naturaleza y Conservaci\u00f3n\u00bb, organizado por CORFO y del Seminario sobre la \u00abLey de Servicio de Biodiversidad y \u00c1reas Protegidas (SBAP), Turismo y \u00c1reas Silvestres Protegidas (ASP)\u00bb, organizado conjuntamente por el Gobierno Regional de Ays\u00e9n, SERNATUR Ays\u00e9n y la Federaci\u00f3n de Turismo de Ays\u00e9n (FEGRETUR), donde se abordaron los alcances de la nueva normativa y el impacto en el desarrollo tur\u00edstico.<\/p>\n<p style=\"text-align: justify;\"><u>Entrega de Sello R<\/u><\/p>\n<p style=\"text-align: justify;\">En el contexto esta visita, la subsecretaria de Turismo, junto al director regional de SERNATUR y el seremi de econom\u00eda, entregaron el \u00abSello R\u00bb a ocho Tour Operadores, dos servicios de Alojamientos Tur\u00edsticos y un Gu\u00eda de Pesca, quienes fueron una muestra aleatoria de los m\u00e1s de 1900 empresas tur\u00edsticas de la regi\u00f3n de Ays\u00e9n que se encuentran registradas en SERNATUR, cumpliendo con los est\u00e1ndares de calidad para ofertar sus servicios tur\u00edsticos en Ays\u00e9n Patagonia.<\/p>\n<\/div><\/section><\/div><div  style='height:50px' class='hr hr-invisible   avia-builder-el-6  el_after_av_one_full  el_before_av_social_share '><span class='hr-inner ' ><span class='hr-inner-style'><\/span><\/span><\/div><\/p>\n<div  class='av-social-sharing-box  avia-builder-el-7  el_after_av_hr  el_before_av_hr  '><div class='av-share-box'><h5 class='av-share-link-description av-no-toc '>Compartir esta noticia<\/h5><ul class='av-share-box-list noLightbox'><li class='av-share-link av-social-link-facebook' ><a target=\"_blank\" aria-label=\"Compartir en Facebook\" href='https:\/\/www.facebook.com\/sharer.php?u=https:\/\/radiorevelacionfm.cl\/?p=36583&#038;t=Encuentros%20con%20gremios%20y%20visitas%20a%20lugares%20emblem%C3%A1ticos%20de%20la%20regi%C3%B3n%20marcaron%20la%20agenda%20de%20la%20Subsecretaria%20de%20Turismo%20en%20Ays%C3%A9n' aria-hidden='false' data-av_icon='\ue8f3' data-av_iconfont='entypo-fontello' title='' data-avia-related-tooltip='Compartir en Facebook' rel=\"noopener\"><span class='avia_hidden_link_text'>Compartir en Facebook<\/span><\/a><\/li><li class='av-share-link av-social-link-twitter' ><a target=\"_blank\" aria-label=\"Compartir en Twitter\" href='https:\/\/twitter.com\/share?text=Encuentros%20con%20gremios%20y%20visitas%20a%20lugares%20emblem%C3%A1ticos%20de%20la%20regi%C3%B3n%20marcaron%20la%20agenda%20de%20la%20Subsecretaria%20de%20Turismo%20en%20Ays%C3%A9n&#038;url=https:\/\/radiorevelacionfm.cl\/?p=36583' aria-hidden='false' data-av_icon='\ue8f1' data-av_iconfont='entypo-fontello' title='' data-avia-related-tooltip='Compartir en Twitter' rel=\"noopener\"><span class='avia_hidden_link_text'>Compartir en Twitter<\/span><\/a><\/li><li class='av-share-link av-social-link-whatsapp' ><a target=\"_blank\" aria-label=\"Compartir en Whatsapp\" href='https:\/\/api.whatsapp.com\/send?text=https:\/\/radiorevelacionfm.cl\/?p=36583' aria-hidden='false' data-av_icon='\uf232' data-av_iconfont='entypo-fontello' title='' data-avia-related-tooltip='Compartir en Whatsapp' rel=\"noopener\"><span class='avia_hidden_link_text'>Compartir en Whatsapp<\/span><\/a><\/li><li class='av-share-link av-social-link-linkedin' ><a target=\"_blank\" aria-label=\"Compartir en LinkedIn\" href='https:\/\/linkedin.com\/shareArticle?mini=true&#038;title=Encuentros%20con%20gremios%20y%20visitas%20a%20lugares%20emblem%C3%A1ticos%20de%20la%20regi%C3%B3n%20marcaron%20la%20agenda%20de%20la%20Subsecretaria%20de%20Turismo%20en%20Ays%C3%A9n&#038;url=https:\/\/radiorevelacionfm.cl\/?p=36583' aria-hidden='false' data-av_icon='\ue8fc' data-av_iconfont='entypo-fontello' title='' data-avia-related-tooltip='Compartir en LinkedIn' rel=\"noopener\"><span class='avia_hidden_link_text'>Compartir en LinkedIn<\/span><\/a><\/li><li class='av-share-link av-social-link-mail' ><a  aria-label=\"Compartir por correo\" href='mailto:?subject=Encuentros%20con%20gremios%20y%20visitas%20a%20lugares%20emblem%C3%A1ticos%20de%20la%20regi%C3%B3n%20marcaron%20la%20agenda%20de%20la%20Subsecretaria%20de%20Turismo%20en%20Ays%C3%A9n&#038;body=https:\/\/radiorevelacionfm.cl\/?p=36583' aria-hidden='false' data-av_icon='\ue805' data-av_iconfont='entypo-fontello' title='' data-avia-related-tooltip='Compartir por correo'><span class='avia_hidden_link_text'>Compartir por correo<\/span><\/a><\/li><\/ul><\/div><\/div>\n<div  style='height:50px' class='hr hr-invisible   avia-builder-el-8  el_after_av_social_share  el_before_av_comments_list '><span class='hr-inner ' ><span class='hr-inner-style'><\/span><\/span><\/div>\n<div  class='av-buildercomment  av-blog-meta-html-info-disabled av-blog-meta-tag-disabled  '><\/div>\n","protected":false},"excerpt":{"rendered":"","protected":false},"author":1,"featured_media":36584,"comment_status":"open","ping_status":"open","sticky":false,"template":"","format":"standard","meta":{"footnotes":""},"categories":[54],"tags":[],"class_list":["post-36583","post","type-post","status-publish","format-standard","has-post-thumbnail","hentry","category-turismo"],"jetpack_featured_media_url":"https:\/\/radiorevelacionfm.cl\/wp-content\/uploads\/2023\/11\/02-queulat_optimized-2-1.jpg","_links":{"self":[{"href":"https:\/\/radiorevelacionfm.cl\/index.php?rest_route=\/wp\/v2\/posts\/36583","targetHints":{"allow":["GET"]}}],"collection":[{"href":"https:\/\/radiorevelacionfm.cl\/index.php?rest_route=\/wp\/v2\/posts"}],"about":[{"href":"https:\/\/radiorevelacionfm.cl\/index.php?rest_route=\/wp\/v2\/types\/post"}],"author":[{"embeddable":true,"href":"https:\/\/radiorevelacionfm.cl\/index.php?rest_route=\/wp\/v2\/users\/1"}],"replies":[{"embeddable":true,"href":"https:\/\/radiorevelacionfm.cl\/index.php?rest_route=%2Fwp%2Fv2%2Fcomments&post=36583"}],"version-history":[{"count":1,"href":"https:\/\/radiorevelacionfm.cl\/index.php?rest_route=\/wp\/v2\/posts\/36583\/revisions"}],"predecessor-version":[{"id":36585,"href":"https:\/\/radiorevelacionfm.cl\/index.php?rest_route=\/wp\/v2\/posts\/36583\/revisions\/36585"}],"wp:featuredmedia":[{"embeddable":true,"href":"https:\/\/radiorevelacionfm.cl\/index.php?rest_route=\/wp\/v2\/media\/36584"}],"wp:attachment":[{"href":"https:\/\/radiorevelacionfm.cl\/index.php?rest_route=%2Fwp%2Fv2%2Fmedia&parent=36583"}],"wp:term":[{"taxonomy":"category","embeddable":true,"href":"https:\/\/radiorevelacionfm.cl\/index.php?rest_route=%2Fwp%2Fv2%2Fcategories&post=36583"},{"taxonomy":"post_tag","embeddable":true,"href":"https:\/\/radiorevelacionfm.cl\/index.php?rest_route=%2Fwp%2Fv2%2Ftags&post=36583"}],"curies":[{"name":"wp","href":"https:\/\/api.w.org\/{rel}","templated":true}]}}