{"id":36580,"date":"2023-11-05T14:47:01","date_gmt":"2023-11-05T17:47:01","guid":{"rendered":"https:\/\/radiorevelacionfm.cl\/?p=36580"},"modified":"2023-11-05T14:47:01","modified_gmt":"2023-11-05T17:47:01","slug":"mas-de-60-productores-as-ovinos-de-la-region-recibiran-equipamiento-para-mejorar-su-produccion","status":"publish","type":"post","link":"https:\/\/radiorevelacionfm.cl\/?p=36580","title":{"rendered":"M\u00e1s de 60 productores\/as ovinos de la regi\u00f3n recibir\u00e1n equipamiento para mejorar su producci\u00f3n"},"content":{"rendered":"<div class=\"flex_column av_one_full  flex_column_div av-zero-column-padding first  avia-builder-el-0  el_before_av_one_full  avia-builder-el-first  \" style='border-radius:0px; '><div  class='avia-image-container  av-styling-    avia-builder-el-1  avia-builder-el-no-sibling  avia-align-center '  itemprop=\"image\" itemscope=\"itemscope\" itemtype=\"https:\/\/schema.org\/ImageObject\"  ><div class='avia-image-container-inner'><div class='avia-image-overlay-wrap'><img decoding=\"async\" class='wp-image-36581 avia-img-lazy-loading-not-36581 avia_image' src=\"https:\/\/radiorevelacionfm.cl\/wp-content\/uploads\/2023\/11\/Entrega-equipamiento-2023-11-03.jpeg\" alt='' title='Entrega equipamiento 2023-11-03' height=\"600\" width=\"899\"  itemprop=\"thumbnailUrl\" srcset=\"https:\/\/radiorevelacionfm.cl\/wp-content\/uploads\/2023\/11\/Entrega-equipamiento-2023-11-03.jpeg 899w, https:\/\/radiorevelacionfm.cl\/wp-content\/uploads\/2023\/11\/Entrega-equipamiento-2023-11-03-300x200.jpeg 300w, https:\/\/radiorevelacionfm.cl\/wp-content\/uploads\/2023\/11\/Entrega-equipamiento-2023-11-03-768x513.jpeg 768w, https:\/\/radiorevelacionfm.cl\/wp-content\/uploads\/2023\/11\/Entrega-equipamiento-2023-11-03-705x471.jpeg 705w, https:\/\/radiorevelacionfm.cl\/wp-content\/uploads\/2023\/11\/Entrega-equipamiento-2023-11-03-450x300.jpeg 450w, https:\/\/radiorevelacionfm.cl\/wp-content\/uploads\/2023\/11\/Entrega-equipamiento-2023-11-03-600x400.jpeg 600w\" sizes=\"(max-width: 899px) 100vw, 899px\" \/><\/div><\/div><\/div><\/div><div class=\"flex_column av_one_full  flex_column_div av-zero-column-padding first  avia-builder-el-2  el_after_av_one_full  el_before_av_one_full  column-top-margin\" style='border-radius:0px; '><section class=\"av_textblock_section \"  itemscope=\"itemscope\" itemtype=\"https:\/\/schema.org\/BlogPosting\" itemprop=\"blogPost\" ><div class='avia_textblock  '   itemprop=\"text\" ><p style=\"text-align: center;\"><strong><span style=\"font-size: 18pt;\">M\u00e1s de 60 productores\/as ovinos de la regi\u00f3n recibir\u00e1n equipamiento para mejorar su producci\u00f3n<\/span><\/strong><\/p>\n<div id=\"gtx-trans\" style=\"position: absolute; left: -50px; top: 4.31534px;\">\n<div class=\"gtx-trans-icon\"><\/div>\n<\/div>\n<\/div><\/section><\/div><div class=\"flex_column av_one_full  flex_column_div av-zero-column-padding first  avia-builder-el-4  el_after_av_one_full  el_before_av_hr  column-top-margin\" style='border-radius:0px; '><section class=\"av_textblock_section \"  itemscope=\"itemscope\" itemtype=\"https:\/\/schema.org\/BlogPosting\" itemprop=\"blogPost\" ><div class='avia_textblock  '   itemprop=\"text\" ><p style=\"text-align: justify;\">En el marco de Programa Ovino con fondos del Gobierno Regional, m\u00e1s de 60 ganaderos\/as de toda la regi\u00f3n recibir\u00e1n diversos insumos para mejorar su producci\u00f3n.<\/p>\n<p style=\"text-align: justify;\">En un encuentro con productores\/as realizado en el Recinto Feria Vieja, sector El Claro de Coyhaique, se llev\u00f3 a cabo la primera entrega de equipamiento a 27 campesinos que forman parte del programa \u00abTransferencia, Modernizaci\u00f3n y Fortalecimiento del Negocio Ovejero en la Regi\u00f3n de Ays\u00e9n\u00bb.<\/p>\n<p style=\"text-align: justify;\">El programa, coordinado por la Seremi de Agricultura ejecutado por \u00a0INIA y SAG, busca potenciar el desarrollo sostenible del rubro ovino, modernizando y fortaleciendo la ovejer\u00eda regional mediante capacitaciones, manejo y apoyo a la inversi\u00f3n. En este contexto, se realiz\u00f3 un concurso denominado Fondo de Inversi\u00f3n del Programa Ovino, financiando equipamientos e insumos por un total de $146.096.082.<\/p>\n<p style=\"text-align: justify;\">En la entrega de la implementaci\u00f3n, el Seremi de Agricultura, Alan Espinoza Ortiz, junto a la Gobernadora, Andrea Mac\u00edas Palma, el Diputado Rene Alinco Bustos, el Consejero Omar Mu\u00f1oz Sierra y la Directora del INIA, Camila Reyes Santaolalla, destacaron el trabajo impulsado por el programa como una forma de apoyo concreto a los productores y productoras.<\/p>\n<p style=\"text-align: justify;\">\u00abHoy estamos con 27 productoras y productores de distintas localidades cercanas. Gracias al programa Mejoramiento Negocio Ovino liderado por la Seremi de Agricultura en conjunto con el INIA y el Servicio Agr\u00edcola y Ganadero y financiado con recursos del Gobierno Regional y su Consejo. Este programa busca aportar de manera directa a los productores en el manejo de su ganado ovino, por ejemplo, con corrales m\u00f3viles, lo que nos permitir\u00e1 tener un mejor manejo de los pi\u00f1os\u00bb, indic\u00f3 el Seremi de Agricultura, Alan Espinoza Ortiz.<\/p>\n<p style=\"text-align: justify;\">En esta primera entrega de equipamientos\u00a0campesinos\/as de sectores\u00a0aleda\u00f1os a Coyhaique, as\u00ed como tambi\u00e9n de Chile Chico, Cochrane y Amengual, se entregaron\u00a011 paquetes de cerco fijo de 800 m y 16 paquetes de corrales m\u00f3viles para 50 ovinos, lo que corresponde a una inversi\u00f3n de $85.726.377. Esto permitir\u00e1 a los productores\/as contar con las instalaciones apropiadas para el manejo del ganado y realizar un trabajo m\u00e1s eficiente con los animales.<\/p>\n<p style=\"text-align: justify;\">\u00abQuiero agradecer por el cerco que estoy recibiendo, porque eso me permite achicar el potrero de mis ovejas y tener un mejor manejo tanto con los zorros, los perros y los leones que tambi\u00e9n tenemos ah\u00ed visit\u00e1ndonos. Esto nos permitir\u00e1 producir mejores corderos. Esta ayuda es de gran importancia para nosotros\u00bb, se\u00f1al\u00f3 Patricia Mansilla Quiroz del sector Lago Caro.<\/p>\n<p style=\"text-align: justify;\">Esta implementaci\u00f3n forma parte del levantamiento de los equipos t\u00e9cnicos del INIA durante mayo de 2023 en torno a las necesidades de infraestructura, maquinaria e implementos, para mejorar u optimizar los sistemas ganaderos, en base al Plan de Manejo predial realizado en conjunto con los productores\/as a lo largo de la regi\u00f3n.<\/p>\n<p style=\"text-align: justify;\"><strong>Un programa integral para el mejoramiento de la ganader\u00eda ovina<\/strong><\/p>\n<p style=\"text-align: justify;\">El Programa Ovino ejecutado por la Seremi de Agricultura a trav\u00e9s del INIA y SAG, ha producido resultados concretos y medibles en la regi\u00f3n. Con 859 visitas individuales y m\u00e1s de cien actividades con productores, se ha logrado un impacto significativo en 65 reba\u00f1os a trav\u00e9s del fortalecimiento gen\u00e9tico. Adem\u00e1s, con la entrega estrat\u00e9gica de 23 perros pastores y 10 foxlights (control disuasorio para depredadores nocturno).<\/p>\n<p style=\"text-align: justify;\">\u00abEl programa ovino trabaja con los productores, proporcion\u00e1ndoles herramientas y mecanismos de gesti\u00f3n de negocio para fortalecer el sector y aumentar la masa ganadera en la regi\u00f3n. Desde el Gobierno Regional y su Consejo, continuaremos apoyando el desarrollo del sector. Entendemos que esto es parte fundamental de nuestra propia cultura como regi\u00f3n y por ello destinaremos todos los esfuerzos necesarios para seguir apoyando a los productores\u00bb, afirm\u00f3 la Gobernadora Regional, Andrea Mac\u00edas Palma.<\/p>\n<p style=\"text-align: justify;\">\u00abEs importante reconocer el apoyo brindado por un programa que lleva alrededor de tres a\u00f1os a los peque\u00f1os y medianos campesinos de la regi\u00f3n, es fundamental descentralizar el apoyo para las pol\u00edticas ganaderas que deben profundizarse y mejorar. Debemos recordar que la masa ganadera de todas sus especies ha disminuido desde la d\u00e9cada del 70 hasta la fecha.\u00a0 Es fundamental invertir en actividades y proyectos productivos\u00bb, resalt\u00f3 el Diputado Rene Alinco Bustos.<\/p>\n<p style=\"text-align: justify;\">En el \u00e1mbito de la salud animal, se han administrado m\u00e1s de 35 mil dosis de vacuna antihidat\u00eddica y se han realizado desparasitaciones tanto en ovinos como en caninos. Esta labor es crucial para evitar la hidatidosis, una enfermedad que afecta la salud p\u00fablica. Adem\u00e1s, se ha implementado un sistema de identificaci\u00f3n electr\u00f3nica para ovinos y microchipado de perros, mejorando as\u00ed la gesti\u00f3n y la trazabilidad.<\/p>\n<p style=\"text-align: justify;\">Asimismo, el programa en colaboraci\u00f3n con entidades como la Ilustre Municipalidad de Coyhaique y el Liceo Bicentenario Agr\u00edcola e Industrial de la Patagonia, ha permitido la venta asociativa de lana en medio de un mercado marcado por la ca\u00edda de los precios.<\/p>\n<\/div><\/section><\/div><div  style='height:50px' class='hr hr-invisible   avia-builder-el-6  el_after_av_one_full  el_before_av_social_share '><span class='hr-inner ' ><span class='hr-inner-style'><\/span><\/span><\/div><\/p>\n<div  class='av-social-sharing-box  avia-builder-el-7  el_after_av_hr  el_before_av_hr  '><div class='av-share-box'><h5 class='av-share-link-description av-no-toc '>Compartir esta noticia<\/h5><ul class='av-share-box-list noLightbox'><li class='av-share-link av-social-link-facebook' ><a target=\"_blank\" aria-label=\"Compartir en Facebook\" href='https:\/\/www.facebook.com\/sharer.php?u=https:\/\/radiorevelacionfm.cl\/?p=36580&#038;t=M%C3%A1s%20de%2060%20productores%2Fas%20ovinos%20de%20la%20regi%C3%B3n%20recibir%C3%A1n%20equipamiento%20para%20mejorar%20su%20producci%C3%B3n' aria-hidden='false' data-av_icon='\ue8f3' data-av_iconfont='entypo-fontello' title='' data-avia-related-tooltip='Compartir en Facebook' rel=\"noopener\"><span class='avia_hidden_link_text'>Compartir en Facebook<\/span><\/a><\/li><li class='av-share-link av-social-link-twitter' ><a target=\"_blank\" aria-label=\"Compartir en Twitter\" href='https:\/\/twitter.com\/share?text=M%C3%A1s%20de%2060%20productores%2Fas%20ovinos%20de%20la%20regi%C3%B3n%20recibir%C3%A1n%20equipamiento%20para%20mejorar%20su%20producci%C3%B3n&#038;url=https:\/\/radiorevelacionfm.cl\/?p=36580' aria-hidden='false' data-av_icon='\ue8f1' data-av_iconfont='entypo-fontello' title='' data-avia-related-tooltip='Compartir en Twitter' rel=\"noopener\"><span class='avia_hidden_link_text'>Compartir en Twitter<\/span><\/a><\/li><li class='av-share-link av-social-link-whatsapp' ><a target=\"_blank\" aria-label=\"Compartir en Whatsapp\" href='https:\/\/api.whatsapp.com\/send?text=https:\/\/radiorevelacionfm.cl\/?p=36580' aria-hidden='false' data-av_icon='\uf232' data-av_iconfont='entypo-fontello' title='' data-avia-related-tooltip='Compartir en Whatsapp' rel=\"noopener\"><span class='avia_hidden_link_text'>Compartir en Whatsapp<\/span><\/a><\/li><li class='av-share-link av-social-link-linkedin' ><a target=\"_blank\" aria-label=\"Compartir en LinkedIn\" href='https:\/\/linkedin.com\/shareArticle?mini=true&#038;title=M%C3%A1s%20de%2060%20productores%2Fas%20ovinos%20de%20la%20regi%C3%B3n%20recibir%C3%A1n%20equipamiento%20para%20mejorar%20su%20producci%C3%B3n&#038;url=https:\/\/radiorevelacionfm.cl\/?p=36580' aria-hidden='false' data-av_icon='\ue8fc' data-av_iconfont='entypo-fontello' title='' data-avia-related-tooltip='Compartir en LinkedIn' rel=\"noopener\"><span class='avia_hidden_link_text'>Compartir en LinkedIn<\/span><\/a><\/li><li class='av-share-link av-social-link-mail' ><a  aria-label=\"Compartir por correo\" href='mailto:?subject=M%C3%A1s%20de%2060%20productores%2Fas%20ovinos%20de%20la%20regi%C3%B3n%20recibir%C3%A1n%20equipamiento%20para%20mejorar%20su%20producci%C3%B3n&#038;body=https:\/\/radiorevelacionfm.cl\/?p=36580' aria-hidden='false' data-av_icon='\ue805' data-av_iconfont='entypo-fontello' title='' data-avia-related-tooltip='Compartir por correo'><span class='avia_hidden_link_text'>Compartir por correo<\/span><\/a><\/li><\/ul><\/div><\/div>\n<div  style='height:50px' class='hr hr-invisible   avia-builder-el-8  el_after_av_social_share  el_before_av_comments_list '><span class='hr-inner ' ><span class='hr-inner-style'><\/span><\/span><\/div>\n<div  class='av-buildercomment  av-blog-meta-html-info-disabled av-blog-meta-tag-disabled  '><\/div>\n","protected":false},"excerpt":{"rendered":"","protected":false},"author":1,"featured_media":36581,"comment_status":"open","ping_status":"open","sticky":false,"template":"","format":"standard","meta":{"footnotes":""},"categories":[58],"tags":[],"class_list":["post-36580","post","type-post","status-publish","format-standard","has-post-thumbnail","hentry","category-agricultura"],"jetpack_featured_media_url":"https:\/\/radiorevelacionfm.cl\/wp-content\/uploads\/2023\/11\/Entrega-equipamiento-2023-11-03.jpeg","_links":{"self":[{"href":"https:\/\/radiorevelacionfm.cl\/index.php?rest_route=\/wp\/v2\/posts\/36580","targetHints":{"allow":["GET"]}}],"collection":[{"href":"https:\/\/radiorevelacionfm.cl\/index.php?rest_route=\/wp\/v2\/posts"}],"about":[{"href":"https:\/\/radiorevelacionfm.cl\/index.php?rest_route=\/wp\/v2\/types\/post"}],"author":[{"embeddable":true,"href":"https:\/\/radiorevelacionfm.cl\/index.php?rest_route=\/wp\/v2\/users\/1"}],"replies":[{"embeddable":true,"href":"https:\/\/radiorevelacionfm.cl\/index.php?rest_route=%2Fwp%2Fv2%2Fcomments&post=36580"}],"version-history":[{"count":1,"href":"https:\/\/radiorevelacionfm.cl\/index.php?rest_route=\/wp\/v2\/posts\/36580\/revisions"}],"predecessor-version":[{"id":36582,"href":"https:\/\/radiorevelacionfm.cl\/index.php?rest_route=\/wp\/v2\/posts\/36580\/revisions\/36582"}],"wp:featuredmedia":[{"embeddable":true,"href":"https:\/\/radiorevelacionfm.cl\/index.php?rest_route=\/wp\/v2\/media\/36581"}],"wp:attachment":[{"href":"https:\/\/radiorevelacionfm.cl\/index.php?rest_route=%2Fwp%2Fv2%2Fmedia&parent=36580"}],"wp:term":[{"taxonomy":"category","embeddable":true,"href":"https:\/\/radiorevelacionfm.cl\/index.php?rest_route=%2Fwp%2Fv2%2Fcategories&post=36580"},{"taxonomy":"post_tag","embeddable":true,"href":"https:\/\/radiorevelacionfm.cl\/index.php?rest_route=%2Fwp%2Fv2%2Ftags&post=36580"}],"curies":[{"name":"wp","href":"https:\/\/api.w.org\/{rel}","templated":true}]}}