{"id":36571,"date":"2023-11-06T10:03:15","date_gmt":"2023-11-06T13:03:15","guid":{"rendered":"https:\/\/radiorevelacionfm.cl\/?p=36571"},"modified":"2023-11-06T10:03:15","modified_gmt":"2023-11-06T13:03:15","slug":"reuniones-con-funcionarios-y-autoridades-regionales-marcan-las-primeras-horas-del-nuevo-director-del-servicio-de-salud-aysen","status":"publish","type":"post","link":"https:\/\/radiorevelacionfm.cl\/?p=36571","title":{"rendered":"Reuniones con funcionarios y autoridades regionales marcan las primeras horas del nuevo director del Servicio de Salud Ays\u00e9n"},"content":{"rendered":"<div class=\"flex_column av_one_full  flex_column_div av-zero-column-padding first  avia-builder-el-0  el_before_av_one_full  avia-builder-el-first  \" style='border-radius:0px; '><div  class='avia-image-container  av-styling-    avia-builder-el-1  avia-builder-el-no-sibling  avia-align-center '  itemprop=\"image\" itemscope=\"itemscope\" itemtype=\"https:\/\/schema.org\/ImageObject\"  ><div class='avia-image-container-inner'><div class='avia-image-overlay-wrap'><img decoding=\"async\" class='wp-image-36572 avia-img-lazy-loading-not-36572 avia_image' src=\"https:\/\/radiorevelacionfm.cl\/wp-content\/uploads\/2023\/11\/director-ssa-2023-11-03-1_optimized.jpeg\" alt='' title='director-ssa-2023-11-03-(1)_optimized' height=\"600\" width=\"914\"  itemprop=\"thumbnailUrl\" srcset=\"https:\/\/radiorevelacionfm.cl\/wp-content\/uploads\/2023\/11\/director-ssa-2023-11-03-1_optimized.jpeg 914w, https:\/\/radiorevelacionfm.cl\/wp-content\/uploads\/2023\/11\/director-ssa-2023-11-03-1_optimized-300x197.jpeg 300w, https:\/\/radiorevelacionfm.cl\/wp-content\/uploads\/2023\/11\/director-ssa-2023-11-03-1_optimized-768x504.jpeg 768w, https:\/\/radiorevelacionfm.cl\/wp-content\/uploads\/2023\/11\/director-ssa-2023-11-03-1_optimized-705x463.jpeg 705w, https:\/\/radiorevelacionfm.cl\/wp-content\/uploads\/2023\/11\/director-ssa-2023-11-03-1_optimized-450x295.jpeg 450w, https:\/\/radiorevelacionfm.cl\/wp-content\/uploads\/2023\/11\/director-ssa-2023-11-03-1_optimized-600x394.jpeg 600w\" sizes=\"(max-width: 914px) 100vw, 914px\" \/><\/div><\/div><\/div><\/div><div class=\"flex_column av_one_full  flex_column_div av-zero-column-padding first  avia-builder-el-2  el_after_av_one_full  el_before_av_one_full  column-top-margin\" style='border-radius:0px; '><section class=\"av_textblock_section \"  itemscope=\"itemscope\" itemtype=\"https:\/\/schema.org\/BlogPosting\" itemprop=\"blogPost\" ><div class='avia_textblock  '   itemprop=\"text\" ><p style=\"text-align: center;\"><span style=\"font-size: 18pt;\"><b>Reuniones con funcionarios y autoridades regionales marcan las primeras horas del nuevo director del Servicio de Salud Ays\u00e9n<\/b><\/span><\/p>\n<div id=\"gtx-trans\" style=\"position: absolute; left: -50px; top: 4.31534px;\">\n<div class=\"gtx-trans-icon\"><\/div>\n<\/div>\n<\/div><\/section><\/div><div class=\"flex_column av_one_full  flex_column_div av-zero-column-padding first  avia-builder-el-4  el_after_av_one_full  el_before_av_hr  column-top-margin\" style='border-radius:0px; '><section class=\"av_textblock_section \"  itemscope=\"itemscope\" itemtype=\"https:\/\/schema.org\/BlogPosting\" itemprop=\"blogPost\" ><div class='avia_textblock  '   itemprop=\"text\" ><p style=\"font-weight: 400; text-align: justify;\">Con el desaf\u00edo de continuar los trabajos avanzados en la Red Asistencial de la Regi\u00f3n de Ays\u00e9n, este jueves 2 de noviembre, asumi\u00f3 el nuevo director Juan Pablo Bravo Quintana, originario de la comuna de Machal\u00ed, regi\u00f3n de O&#8217;Higgins.<\/p>\n<p style=\"font-weight: 400; text-align: justify;\">Desde su llegada a las instalaciones del Servicio de Salud, sus primeras actividades se han centrado en conocer a las funcionarias y funcionarios que dependen de la direcci\u00f3n, acci\u00f3n que pronto realizar\u00e1 en los establecimientos y hospitales de la regi\u00f3n.<\/p>\n<p style=\"font-weight: 400; text-align: justify;\">En esa misma l\u00ednea, la primera autoridad de la Red entreg\u00f3 un saludo al delegado presidencial regional, con quien se comprometi\u00f3 a seguir avanzado en las labores que hasta ahora se han desarrollado en conjunto con otras instituciones p\u00fablicas.<\/p>\n<p style=\"font-weight: 400; text-align: justify;\">\u201cAgradecer la reuni\u00f3n con el delegado presidencial y tambi\u00e9n de la seremi de Salud, el inicio ahora es seguir el trabajo en conjunto que se ha venido realizando, potenciar las distintas \u00e1reas de nuestro Sistema P\u00fablico, fortalecer la Atenci\u00f3n Primaria, acercar la salud a la comunidad y fortalecer los distintos ejes estrat\u00e9gicos que nos plantea el Gobierno que son: la lista de espera, la salud mental y llevar toda la atenci\u00f3n a las usuarias y usuarios\u00a0 de nuestra Red Asistencial\u201d, dijo la m\u00e1xima autoridad de la red, Juan Pablo Bravo Quintana.<\/p>\n<p style=\"font-weight: 400; text-align: justify;\">Asimismo, Rodrigo Araya Morales, delegado presidencial Ays\u00e9n, manifest\u00f3 \u201chemos tenido la visita del nuevo director del Servicio de Salud Ays\u00e9n, quien se ha incorporado recientemente a su trabajo ac\u00e1 en la regi\u00f3n, y estuvimos conversando junto a la autoridad sanitaria, de todos los desaf\u00edos que tiene el servicio, para garantizar y seguir manteniendo la buena atenci\u00f3n a todas las personas que viven en el territorio, incluyendo a los m\u00e1s apartados, no solamente la salud se trata de los hospitales, sino que tambi\u00e9n de c\u00f3mo la Atenci\u00f3n Primaria se relaciona con los especialistas, la tecnolog\u00eda, ex\u00e1menes y acceso a la salud, as\u00ed que muy bienvenido y esperamos tener un trabajo muy fruct\u00edfero con todos los desaf\u00edos que hay por delante\u201d.<\/p>\n<p style=\"font-weight: 400; text-align: justify;\">Tambi\u00e9n la autoridad sanitaria, Carmen Gloria Monsalve, dio la bienvenida al director, enfatizando su compromiso y apoyo en el trabajo colaborativo.<\/p>\n<p style=\"font-weight: 400; text-align: justify;\">\u201cContenta de recibir al nuevo director Juan Pablo Bravo, quien se incorpora a nuestra regi\u00f3n, con un desaf\u00edo muy importante. C\u00f3mo seremi de la regi\u00f3n de Ays\u00e9n y como representante de la ministra, Ximena Aguilera, le damos la bienvenida y esperamos mantener este trabajo colaborativo en beneficio del desarrollo de la salud de nuestra comunidad\u201d.<\/p>\n<p style=\"font-weight: 400; text-align: justify;\">Durante la tarde del viernes el director se reuni\u00f3n con la gobernadora, Andrea Mac\u00edas Palma, quien en su rol de encabezar la gesti\u00f3n del Gobierno Regional ha colaborado en impulsar y respaldar el financiamiento para importantes obras de infraestructura, actualmente en desarrollo, como las Postas de Salud Rural de Cerro Castillo y Puerto Guadal.<\/p>\n<p style=\"font-weight: 400; text-align: justify;\">\u201cTuvimos una reuni\u00f3n en la que pudimos acordar una forma de trabajo que nos permita sacar adelante sobre todo aquellos temas que son m\u00e1s dificultosos en la red de Salud. Como Gobierno Regional y su Consejo siempre reafirmamos nuestro compromiso con el sector, pero tambi\u00e9n invitamos a hacer este trabajo de manera eficiente y colaborativa, sabemos las demandas que existen en el territorio y que hoy la ciudadan\u00eda exige mejorar los servicios en el \u00e1mbito de Salud y para ello es fundamental esta alianza que podamos realizar\u201d, agreg\u00f3 la gobernadora, Andrea Mac\u00edas.<\/p>\n<p style=\"font-weight: 400; text-align: justify;\">Bravo Quintana, inici\u00f3 su trayectoria como analista senior de la Divisi\u00f3n de Gesti\u00f3n Financiera en la Subsecretar\u00eda de Redes Asistenciales. En 2014 asumi\u00f3 como jefe de la Unidad de Control de Gesti\u00f3n en el Hospital del Salvador, donde el a\u00f1o 2017 fue nombrado jefe de Finanzas.<\/p>\n<p style=\"font-weight: 400; text-align: justify;\">Entre 2018 y 2020 se desempe\u00f1\u00f3 como subdirector administrativo (s) en el mismo centro asistencial y antes de llegar a la regi\u00f3n, cumpl\u00eda labores como subdirector administrativo en el Servicio de Salud Metropolitano Oriente.<\/p>\n<\/div><\/section><\/div><div  style='height:50px' class='hr hr-invisible   avia-builder-el-6  el_after_av_one_full  el_before_av_social_share '><span class='hr-inner ' ><span class='hr-inner-style'><\/span><\/span><\/div><\/p>\n<div  class='av-social-sharing-box  avia-builder-el-7  el_after_av_hr  el_before_av_hr  '><div class='av-share-box'><h5 class='av-share-link-description av-no-toc '>Compartir esta noticia<\/h5><ul class='av-share-box-list noLightbox'><li class='av-share-link av-social-link-facebook' ><a target=\"_blank\" aria-label=\"Compartir en Facebook\" href='https:\/\/www.facebook.com\/sharer.php?u=https:\/\/radiorevelacionfm.cl\/?p=36571&#038;t=Reuniones%20con%20funcionarios%20y%20autoridades%20regionales%20marcan%20las%20primeras%20horas%20del%20nuevo%20director%20del%20Servicio%20de%20Salud%20Ays%C3%A9n' aria-hidden='false' data-av_icon='\ue8f3' data-av_iconfont='entypo-fontello' title='' data-avia-related-tooltip='Compartir en Facebook' rel=\"noopener\"><span class='avia_hidden_link_text'>Compartir en Facebook<\/span><\/a><\/li><li class='av-share-link av-social-link-twitter' ><a target=\"_blank\" aria-label=\"Compartir en Twitter\" href='https:\/\/twitter.com\/share?text=Reuniones%20con%20funcionarios%20y%20autoridades%20regionales%20marcan%20las%20primeras%20horas%20del%20nuevo%20director%20del%20Servicio%20de%20Salud%20Ays%C3%A9n&#038;url=https:\/\/radiorevelacionfm.cl\/?p=36571' aria-hidden='false' data-av_icon='\ue8f1' data-av_iconfont='entypo-fontello' title='' data-avia-related-tooltip='Compartir en Twitter' rel=\"noopener\"><span class='avia_hidden_link_text'>Compartir en Twitter<\/span><\/a><\/li><li class='av-share-link av-social-link-whatsapp' ><a target=\"_blank\" aria-label=\"Compartir en Whatsapp\" href='https:\/\/api.whatsapp.com\/send?text=https:\/\/radiorevelacionfm.cl\/?p=36571' aria-hidden='false' data-av_icon='\uf232' data-av_iconfont='entypo-fontello' title='' data-avia-related-tooltip='Compartir en Whatsapp' rel=\"noopener\"><span class='avia_hidden_link_text'>Compartir en Whatsapp<\/span><\/a><\/li><li class='av-share-link av-social-link-linkedin' ><a target=\"_blank\" aria-label=\"Compartir en LinkedIn\" href='https:\/\/linkedin.com\/shareArticle?mini=true&#038;title=Reuniones%20con%20funcionarios%20y%20autoridades%20regionales%20marcan%20las%20primeras%20horas%20del%20nuevo%20director%20del%20Servicio%20de%20Salud%20Ays%C3%A9n&#038;url=https:\/\/radiorevelacionfm.cl\/?p=36571' aria-hidden='false' data-av_icon='\ue8fc' data-av_iconfont='entypo-fontello' title='' data-avia-related-tooltip='Compartir en LinkedIn' rel=\"noopener\"><span class='avia_hidden_link_text'>Compartir en LinkedIn<\/span><\/a><\/li><li class='av-share-link av-social-link-mail' ><a  aria-label=\"Compartir por correo\" href='mailto:?subject=Reuniones%20con%20funcionarios%20y%20autoridades%20regionales%20marcan%20las%20primeras%20horas%20del%20nuevo%20director%20del%20Servicio%20de%20Salud%20Ays%C3%A9n&#038;body=https:\/\/radiorevelacionfm.cl\/?p=36571' aria-hidden='false' data-av_icon='\ue805' data-av_iconfont='entypo-fontello' title='' data-avia-related-tooltip='Compartir por correo'><span class='avia_hidden_link_text'>Compartir por correo<\/span><\/a><\/li><\/ul><\/div><\/div>\n<div  style='height:50px' class='hr hr-invisible   avia-builder-el-8  el_after_av_social_share  el_before_av_comments_list '><span class='hr-inner ' ><span class='hr-inner-style'><\/span><\/span><\/div>\n<div  class='av-buildercomment  av-blog-meta-html-info-disabled av-blog-meta-tag-disabled  '><\/div>\n","protected":false},"excerpt":{"rendered":"","protected":false},"author":1,"featured_media":36572,"comment_status":"open","ping_status":"open","sticky":false,"template":"","format":"standard","meta":{"footnotes":""},"categories":[46],"tags":[],"class_list":["post-36571","post","type-post","status-publish","format-standard","has-post-thumbnail","hentry","category-salud"],"jetpack_featured_media_url":"https:\/\/radiorevelacionfm.cl\/wp-content\/uploads\/2023\/11\/director-ssa-2023-11-03-1_optimized.jpeg","_links":{"self":[{"href":"https:\/\/radiorevelacionfm.cl\/index.php?rest_route=\/wp\/v2\/posts\/36571","targetHints":{"allow":["GET"]}}],"collection":[{"href":"https:\/\/radiorevelacionfm.cl\/index.php?rest_route=\/wp\/v2\/posts"}],"about":[{"href":"https:\/\/radiorevelacionfm.cl\/index.php?rest_route=\/wp\/v2\/types\/post"}],"author":[{"embeddable":true,"href":"https:\/\/radiorevelacionfm.cl\/index.php?rest_route=\/wp\/v2\/users\/1"}],"replies":[{"embeddable":true,"href":"https:\/\/radiorevelacionfm.cl\/index.php?rest_route=%2Fwp%2Fv2%2Fcomments&post=36571"}],"version-history":[{"count":1,"href":"https:\/\/radiorevelacionfm.cl\/index.php?rest_route=\/wp\/v2\/posts\/36571\/revisions"}],"predecessor-version":[{"id":36573,"href":"https:\/\/radiorevelacionfm.cl\/index.php?rest_route=\/wp\/v2\/posts\/36571\/revisions\/36573"}],"wp:featuredmedia":[{"embeddable":true,"href":"https:\/\/radiorevelacionfm.cl\/index.php?rest_route=\/wp\/v2\/media\/36572"}],"wp:attachment":[{"href":"https:\/\/radiorevelacionfm.cl\/index.php?rest_route=%2Fwp%2Fv2%2Fmedia&parent=36571"}],"wp:term":[{"taxonomy":"category","embeddable":true,"href":"https:\/\/radiorevelacionfm.cl\/index.php?rest_route=%2Fwp%2Fv2%2Fcategories&post=36571"},{"taxonomy":"post_tag","embeddable":true,"href":"https:\/\/radiorevelacionfm.cl\/index.php?rest_route=%2Fwp%2Fv2%2Ftags&post=36571"}],"curies":[{"name":"wp","href":"https:\/\/api.w.org\/{rel}","templated":true}]}}