{"id":36563,"date":"2023-11-04T19:17:39","date_gmt":"2023-11-04T22:17:39","guid":{"rendered":"https:\/\/radiorevelacionfm.cl\/?p=36563"},"modified":"2023-11-04T19:17:39","modified_gmt":"2023-11-04T22:17:39","slug":"turismo-en-areas-silvestres-protegidas-gobierno-regional-y-gremios-delinean-trabajo-conjunto-ante-nueva-ley-sbap","status":"publish","type":"post","link":"https:\/\/radiorevelacionfm.cl\/?p=36563","title":{"rendered":"Turismo en \u00c1reas Silvestres Protegidas: Gobierno Regional y gremios delinean trabajo conjunto ante nueva Ley SBAP"},"content":{"rendered":"<div class=\"flex_column av_one_full  flex_column_div av-zero-column-padding first  avia-builder-el-0  el_before_av_one_full  avia-builder-el-first  \" style='border-radius:0px; '><div  class='avia-image-container  av-styling-    avia-builder-el-1  avia-builder-el-no-sibling  avia-align-center '  itemprop=\"image\" itemscope=\"itemscope\" itemtype=\"https:\/\/schema.org\/ImageObject\"  ><div class='avia-image-container-inner'><div class='avia-image-overlay-wrap'><img decoding=\"async\" class='wp-image-36566 avia-img-lazy-loading-not-36566 avia_image' src=\"https:\/\/radiorevelacionfm.cl\/wp-content\/uploads\/2023\/11\/sbap-1-1_optimized-1.jpeg\" alt='' title='sbap-1-(1)_optimized (1)' height=\"600\" width=\"1067\"  itemprop=\"thumbnailUrl\" srcset=\"https:\/\/radiorevelacionfm.cl\/wp-content\/uploads\/2023\/11\/sbap-1-1_optimized-1.jpeg 1067w, https:\/\/radiorevelacionfm.cl\/wp-content\/uploads\/2023\/11\/sbap-1-1_optimized-1-300x169.jpeg 300w, https:\/\/radiorevelacionfm.cl\/wp-content\/uploads\/2023\/11\/sbap-1-1_optimized-1-1030x579.jpeg 1030w, https:\/\/radiorevelacionfm.cl\/wp-content\/uploads\/2023\/11\/sbap-1-1_optimized-1-768x432.jpeg 768w, https:\/\/radiorevelacionfm.cl\/wp-content\/uploads\/2023\/11\/sbap-1-1_optimized-1-705x396.jpeg 705w, https:\/\/radiorevelacionfm.cl\/wp-content\/uploads\/2023\/11\/sbap-1-1_optimized-1-450x253.jpeg 450w, https:\/\/radiorevelacionfm.cl\/wp-content\/uploads\/2023\/11\/sbap-1-1_optimized-1-600x337.jpeg 600w\" sizes=\"(max-width: 1067px) 100vw, 1067px\" \/><\/div><\/div><\/div><\/div><div class=\"flex_column av_one_full  flex_column_div av-zero-column-padding first  avia-builder-el-2  el_after_av_one_full  el_before_av_one_full  column-top-margin\" style='border-radius:0px; '><section class=\"av_textblock_section \"  itemscope=\"itemscope\" itemtype=\"https:\/\/schema.org\/BlogPosting\" itemprop=\"blogPost\" ><div class='avia_textblock  '   itemprop=\"text\" ><p style=\"text-align: center;\"><strong><span style=\"font-size: 18pt;\">Turismo en \u00c1reas Silvestres Protegidas: Gobierno Regional y gremios delinean trabajo conjunto ante nueva Ley SBAP<\/span><\/strong><\/p>\n<div id=\"gtx-trans\" style=\"position: absolute; left: -50px; top: 4.31534px;\">\n<div class=\"gtx-trans-icon\"><\/div>\n<\/div>\n<\/div><\/section><\/div><div class=\"flex_column av_one_full  flex_column_div av-zero-column-padding first  avia-builder-el-4  el_after_av_one_full  el_before_av_hr  column-top-margin\" style='border-radius:0px; '><section class=\"av_textblock_section \"  itemscope=\"itemscope\" itemtype=\"https:\/\/schema.org\/BlogPosting\" itemprop=\"blogPost\" ><div class='avia_textblock  '   itemprop=\"text\" ><p dir=\"ltr\" style=\"text-align: justify;\">Con la presencia de numerosos y variados actores del turismo local, se llev\u00f3 a cabo este viernes en el hall del Gobierno Regional de Ays\u00e9n el Seminario sobre la Ley del Servicio de Biodiversidad y \u00c1reas Protegidas (SBAP), para posteriormente dar lugar a talleres de trabajo durante la jornada de la tarde, donde las y los asistentes pudieron participar y dar a conocer sus cuestionamientos, reparos y expectativas ante la implementaci\u00f3n de esta nueva normativa.<\/p>\n<p dir=\"ltr\" style=\"text-align: justify;\">La reuni\u00f3n cont\u00f3 con la presencia de la Gobernadora Regional, Andrea Mac\u00edas Palma;\u00a0 la Subsecretaria de Turismo, Ver\u00f3nica Pardo; El Delegado Presidencial Regional, Rodrigo Araya; el Seremi de Econom\u00eda, Felipe Rojas; el Director Regional de Sernatur, Claudio Montecinos; la Directora Regional de CONAF, Loreto Pedraza; y la presidenta de la Federaci\u00f3n de Gremios de Turismo (Fegretur), Andrea Rosas, entre otras autoridades, dirigentes y operadores tur\u00edsticos.<\/p>\n<p dir=\"ltr\" style=\"text-align: justify;\">\u00abPara nosotros como Gobierno Regional fue muy importante haber sido parte de la organizaci\u00f3n de esta actividad junto con la Fegretur. Hablar de biodiversidad, de sustentabilidad, de \u00e1reas silvestres protegidas, son temas que inmediatamente nos sit\u00faan como regi\u00f3n en un espacio que es primordial. Porque hoy d\u00eda, tras la nueva ley que crea el Servicio de Biodiversidad y \u00c1reas Protegidas, se nos desaf\u00eda como regi\u00f3n para una nueva forma de gobernanza, de administraci\u00f3n y de una nueva institucionalidad\u00bb, se\u00f1al\u00f3 la Gobernadora Andrea Mac\u00edas.<\/p>\n<p dir=\"ltr\" style=\"text-align: justify;\">Esta nueva ley tiene por objetivo garantizar la preservaci\u00f3n de la flora y fauna de nuestro pa\u00eds, especialmente en aquellas zonas donde existe riesgo de actividades industriales, para lo que establece un traspaso de las \u00e1reas protegidas de CONAF al nuevo Servicio de Biodiversidad y \u00c1reas Protegidas. Esta transferencia tiene un plazo de tres a\u00f1os para ser llevada a cabo desde la entrada en funcionamiento del SBAP, por lo que en septiembre de 2027 la administraci\u00f3n de estos espacios ya pasar\u00eda a estar en manos del servicio p\u00fablico.<\/p>\n<p dir=\"ltr\" style=\"text-align: justify;\">\u00abDesde Turismo hemos estado empujando, primero, el que se tome al centro a un turista responsable, que tiene consciencia con la naturaleza. Queremos relevar c\u00f3mo Chile tiene un pulm\u00f3n del planeta, y eso requiere de tener muchos turistas, tambi\u00e9n mirando el cuidado que tenemos que tener. El segundo punto es que no se puede avanzar en una gesti\u00f3n de concesiones para los parques si no es con la comunidad, con la que est\u00e1 tanto alrededor como con la comunidad de profesionales que trabajan en los sectores\u00bb, explic\u00f3 la Subsecretaria Ver\u00f3nica Pardo.<\/p>\n<p dir=\"ltr\" style=\"text-align: justify;\">En ese sentido, y sobre c\u00f3mo va a afectar a los operadores tur\u00edsticos toda esta legislaci\u00f3n, as\u00ed como tambi\u00e9n lo que esperan del funcionamiento de este nuevo servicio, tuvo palabras la presidenta de la Fegretur, Andrea Rosas: \u00ablas catarsis ya est\u00e1n hechas, aqu\u00ed nadie viene a inventar la rueda. Lo que necesitamos es cohesionarnos, es que los gremios, los usuarios, las comunidades, los dirigentes, entiendan que son actores s\u00famamente relevantes e importantes para la administraci\u00f3n de su territorio\u00bb.<\/p>\n<p dir=\"ltr\" style=\"text-align: justify;\">\u00abQueremos nuestro Comit\u00e9 Regional de Administraci\u00f3n de \u00c1reas Silvestres Protegidas, creo que podemos hacerlo. Hasta el d\u00eda de hoy es el Gobierno Regional, a trav\u00e9s de distintas entidades, el que financia los programas y la infraestructura. Entonces, \u00bfcu\u00e1ndo? \u00bfCu\u00e1ndo decidimos como regi\u00f3n?\u00bb, plante\u00f3 la dirigenta de turismo.<\/p>\n<p dir=\"ltr\" style=\"text-align: justify;\"><strong>Premio y convenio para Tortel<\/strong><\/p>\n<p dir=\"ltr\" style=\"text-align: justify;\">Durante las presentaciones del seminario, hubo una pausa en el programa para que la Gobernadora y el Alcalde de Tortel, Abel Becerra, firmaran el convenio de transferencia para el programa de \u00abMejora de procesos productivos mediante el fomento tur\u00edstico de Tortel\u00bb, que busca fortalecer la innovaci\u00f3n y la competitividad del rubro en la comuna, para organizar una oferta que potencie la localidad como destino para visitantes de todo el mundo.<\/p>\n<p dir=\"ltr\" style=\"text-align: justify;\">\u00abTortel hoy supera el 82% de \u00e1reas silvestres en su territorio, y desde ah\u00ed quiero rescatar la importancia y el compromiso que han tenido nuestros prestadores de servicios hasta hoy (&#8230;) se nos viene un desaf\u00edo y una tarea bonita, que con esta nueva generaci\u00f3n de tortelinos y tortelinas, y de la gente que ha llegado a vivir a la caleta, estamos listos para hacerlo\u00bb, declar\u00f3 el jefe comunal.<\/p>\n<p style=\"text-align: justify;\">En la oportunidad, el alcalde tambi\u00e9n recibi\u00f3, de manos de la Gobernadora y de la Subsecretaria, el galard\u00f3n del premio Best Tourist Villages 2023, otorgado por la Organizaci\u00f3n Mundial de Turismo (OMT) y que reconoce a la localidad de Caleta Tortel como uno de los ejemplos notables de destinos rurales con valores naturales y culturales reconocidos.<\/p>\n<\/div><\/section><\/div><div  style='height:50px' class='hr hr-invisible   avia-builder-el-6  el_after_av_one_full  el_before_av_social_share '><span class='hr-inner ' ><span class='hr-inner-style'><\/span><\/span><\/div><\/p>\n<div  class='av-social-sharing-box  avia-builder-el-7  el_after_av_hr  el_before_av_hr  '><div class='av-share-box'><h5 class='av-share-link-description av-no-toc '>Compartir esta noticia<\/h5><ul class='av-share-box-list noLightbox'><li class='av-share-link av-social-link-facebook' ><a target=\"_blank\" aria-label=\"Compartir en Facebook\" href='https:\/\/www.facebook.com\/sharer.php?u=https:\/\/radiorevelacionfm.cl\/?p=36563&#038;t=Turismo%20en%20%C3%81reas%20Silvestres%20Protegidas%3A%20Gobierno%20Regional%20y%20gremios%20delinean%20trabajo%20conjunto%20ante%20nueva%20Ley%20SBAP' aria-hidden='false' data-av_icon='\ue8f3' data-av_iconfont='entypo-fontello' title='' data-avia-related-tooltip='Compartir en Facebook' rel=\"noopener\"><span class='avia_hidden_link_text'>Compartir en Facebook<\/span><\/a><\/li><li class='av-share-link av-social-link-twitter' ><a target=\"_blank\" aria-label=\"Compartir en Twitter\" href='https:\/\/twitter.com\/share?text=Turismo%20en%20%C3%81reas%20Silvestres%20Protegidas%3A%20Gobierno%20Regional%20y%20gremios%20delinean%20trabajo%20conjunto%20ante%20nueva%20Ley%20SBAP&#038;url=https:\/\/radiorevelacionfm.cl\/?p=36563' aria-hidden='false' data-av_icon='\ue8f1' data-av_iconfont='entypo-fontello' title='' data-avia-related-tooltip='Compartir en Twitter' rel=\"noopener\"><span class='avia_hidden_link_text'>Compartir en Twitter<\/span><\/a><\/li><li class='av-share-link av-social-link-whatsapp' ><a target=\"_blank\" aria-label=\"Compartir en Whatsapp\" href='https:\/\/api.whatsapp.com\/send?text=https:\/\/radiorevelacionfm.cl\/?p=36563' aria-hidden='false' data-av_icon='\uf232' data-av_iconfont='entypo-fontello' title='' data-avia-related-tooltip='Compartir en Whatsapp' rel=\"noopener\"><span class='avia_hidden_link_text'>Compartir en Whatsapp<\/span><\/a><\/li><li class='av-share-link av-social-link-linkedin' ><a target=\"_blank\" aria-label=\"Compartir en LinkedIn\" href='https:\/\/linkedin.com\/shareArticle?mini=true&#038;title=Turismo%20en%20%C3%81reas%20Silvestres%20Protegidas%3A%20Gobierno%20Regional%20y%20gremios%20delinean%20trabajo%20conjunto%20ante%20nueva%20Ley%20SBAP&#038;url=https:\/\/radiorevelacionfm.cl\/?p=36563' aria-hidden='false' data-av_icon='\ue8fc' data-av_iconfont='entypo-fontello' title='' data-avia-related-tooltip='Compartir en LinkedIn' rel=\"noopener\"><span class='avia_hidden_link_text'>Compartir en LinkedIn<\/span><\/a><\/li><li class='av-share-link av-social-link-mail' ><a  aria-label=\"Compartir por correo\" href='mailto:?subject=Turismo%20en%20%C3%81reas%20Silvestres%20Protegidas%3A%20Gobierno%20Regional%20y%20gremios%20delinean%20trabajo%20conjunto%20ante%20nueva%20Ley%20SBAP&#038;body=https:\/\/radiorevelacionfm.cl\/?p=36563' aria-hidden='false' data-av_icon='\ue805' data-av_iconfont='entypo-fontello' title='' data-avia-related-tooltip='Compartir por correo'><span class='avia_hidden_link_text'>Compartir por correo<\/span><\/a><\/li><\/ul><\/div><\/div>\n<div  style='height:50px' class='hr hr-invisible   avia-builder-el-8  el_after_av_social_share  el_before_av_comments_list '><span class='hr-inner ' ><span class='hr-inner-style'><\/span><\/span><\/div>\n<div  class='av-buildercomment  av-blog-meta-html-info-disabled av-blog-meta-tag-disabled  '><\/div>\n","protected":false},"excerpt":{"rendered":"","protected":false},"author":1,"featured_media":36566,"comment_status":"open","ping_status":"open","sticky":false,"template":"","format":"standard","meta":{"footnotes":""},"categories":[38],"tags":[],"class_list":["post-36563","post","type-post","status-publish","format-standard","has-post-thumbnail","hentry","category-regional"],"jetpack_featured_media_url":"https:\/\/radiorevelacionfm.cl\/wp-content\/uploads\/2023\/11\/sbap-1-1_optimized-1.jpeg","_links":{"self":[{"href":"https:\/\/radiorevelacionfm.cl\/index.php?rest_route=\/wp\/v2\/posts\/36563","targetHints":{"allow":["GET"]}}],"collection":[{"href":"https:\/\/radiorevelacionfm.cl\/index.php?rest_route=\/wp\/v2\/posts"}],"about":[{"href":"https:\/\/radiorevelacionfm.cl\/index.php?rest_route=\/wp\/v2\/types\/post"}],"author":[{"embeddable":true,"href":"https:\/\/radiorevelacionfm.cl\/index.php?rest_route=\/wp\/v2\/users\/1"}],"replies":[{"embeddable":true,"href":"https:\/\/radiorevelacionfm.cl\/index.php?rest_route=%2Fwp%2Fv2%2Fcomments&post=36563"}],"version-history":[{"count":1,"href":"https:\/\/radiorevelacionfm.cl\/index.php?rest_route=\/wp\/v2\/posts\/36563\/revisions"}],"predecessor-version":[{"id":36567,"href":"https:\/\/radiorevelacionfm.cl\/index.php?rest_route=\/wp\/v2\/posts\/36563\/revisions\/36567"}],"wp:featuredmedia":[{"embeddable":true,"href":"https:\/\/radiorevelacionfm.cl\/index.php?rest_route=\/wp\/v2\/media\/36566"}],"wp:attachment":[{"href":"https:\/\/radiorevelacionfm.cl\/index.php?rest_route=%2Fwp%2Fv2%2Fmedia&parent=36563"}],"wp:term":[{"taxonomy":"category","embeddable":true,"href":"https:\/\/radiorevelacionfm.cl\/index.php?rest_route=%2Fwp%2Fv2%2Fcategories&post=36563"},{"taxonomy":"post_tag","embeddable":true,"href":"https:\/\/radiorevelacionfm.cl\/index.php?rest_route=%2Fwp%2Fv2%2Ftags&post=36563"}],"curies":[{"name":"wp","href":"https:\/\/api.w.org\/{rel}","templated":true}]}}