{"id":36561,"date":"2023-11-03T19:04:32","date_gmt":"2023-11-03T22:04:32","guid":{"rendered":"https:\/\/radiorevelacionfm.cl\/?p=36561"},"modified":"2023-11-03T19:07:41","modified_gmt":"2023-11-03T22:07:41","slug":"melimoyu-revive-su-legado-historico-con-inauguracion-de-capilla-madre-de-la-divina-providencia","status":"publish","type":"post","link":"https:\/\/radiorevelacionfm.cl\/?p=36561","title":{"rendered":"Melimoyu revive su legado hist\u00f3rico con la inauguraci\u00f3n de Capilla Madre de la Divina Providencia"},"content":{"rendered":"<div class=\"flex_column av_one_full  flex_column_div av-zero-column-padding first  avia-builder-el-0  el_before_av_one_full  avia-builder-el-first  \" style='border-radius:0px; '><div  class='avia-image-container  av-styling-    avia-builder-el-1  avia-builder-el-no-sibling  avia-align-center '  itemprop=\"image\" itemscope=\"itemscope\" itemtype=\"https:\/\/schema.org\/ImageObject\"  ><div class='avia-image-container-inner'><div class='avia-image-overlay-wrap'><img decoding=\"async\" class='wp-image-36568 avia-img-lazy-loading-not-36568 avia_image' src=\"https:\/\/radiorevelacionfm.cl\/wp-content\/uploads\/2023\/11\/img_3133-1_optimized.jpeg\" alt='' title='img_3133-(1)_optimized' height=\"600\" width=\"1067\"  itemprop=\"thumbnailUrl\" srcset=\"https:\/\/radiorevelacionfm.cl\/wp-content\/uploads\/2023\/11\/img_3133-1_optimized.jpeg 1067w, https:\/\/radiorevelacionfm.cl\/wp-content\/uploads\/2023\/11\/img_3133-1_optimized-300x169.jpeg 300w, https:\/\/radiorevelacionfm.cl\/wp-content\/uploads\/2023\/11\/img_3133-1_optimized-1030x579.jpeg 1030w, https:\/\/radiorevelacionfm.cl\/wp-content\/uploads\/2023\/11\/img_3133-1_optimized-768x432.jpeg 768w, https:\/\/radiorevelacionfm.cl\/wp-content\/uploads\/2023\/11\/img_3133-1_optimized-705x396.jpeg 705w, https:\/\/radiorevelacionfm.cl\/wp-content\/uploads\/2023\/11\/img_3133-1_optimized-450x253.jpeg 450w, https:\/\/radiorevelacionfm.cl\/wp-content\/uploads\/2023\/11\/img_3133-1_optimized-600x337.jpeg 600w\" sizes=\"(max-width: 1067px) 100vw, 1067px\" \/><\/div><\/div><\/div><\/div>\n<div class=\"flex_column av_one_full  flex_column_div av-zero-column-padding first  avia-builder-el-2  el_after_av_one_full  el_before_av_one_full  column-top-margin\" style='border-radius:0px; '><section class=\"av_textblock_section \"  itemscope=\"itemscope\" itemtype=\"https:\/\/schema.org\/BlogPosting\" itemprop=\"blogPost\" ><div class='avia_textblock  '   itemprop=\"text\" ><p style=\"text-align: center;\"><strong><span style=\"font-size: 18pt;\">Melimoyu revive su legado hist\u00f3rico con la inauguraci\u00f3n de Capilla Madre de la Divina Providencia<\/span><\/strong><\/p>\n<div id=\"gtx-trans\" style=\"position: absolute; left: -50px; top: 4.31534px;\">\n<div class=\"gtx-trans-icon\"><\/div>\n<\/div>\n<\/div><\/section><\/div><div class=\"flex_column av_one_full  flex_column_div av-zero-column-padding first  avia-builder-el-4  el_after_av_one_full  el_before_av_hr  column-top-margin\" style='border-radius:0px; '><section class=\"av_textblock_section \"  itemscope=\"itemscope\" itemtype=\"https:\/\/schema.org\/BlogPosting\" itemprop=\"blogPost\" ><div class='avia_textblock  '   itemprop=\"text\" ><p style=\"text-align: justify;\">En un emotivo evento que quedar\u00e1 grabado en la memoria de la comunidad de Melimoyu, se llev\u00f3 a cabo la solemne inauguraci\u00f3n de la Capilla de la Madre de la Divina Providencia, un proyecto financiado con $79.300.060 de pesos del Gobierno Regional que restaura y preserva un patrimonio cultural invaluable.<\/p>\n<p style=\"text-align: justify;\">La Capilla, dedicada a la Madre de la Divina Providencia, es un s\u00edmbolo hist\u00f3rico de esta comunidad que data de la d\u00e9cada de 1980 y que fue erigida bajo la direcci\u00f3n del Padre Antonio Ronchi. Esta iglesia no solo sirvi\u00f3 como un lugar de culto, sino como el epicentro de la comunidad, donde colonos de diversas creencias se un\u00edan en una muestra de solidaridad y apoyo mutuo.<\/p>\n<p style=\"text-align: justify;\">La restauraci\u00f3n de la Capilla, que comenz\u00f3 en 2019 con la demolici\u00f3n de la estructura original, estuvo a cargo del Sr. Aldo Saavedra y se complet\u00f3 en 2022, manteniendo su dise\u00f1o original. Hoy, 3 de noviembre de 2023, la comunidad de Melimoyu se re\u00fane nuevamente en su Capilla, tal como lo hac\u00eda en los viejos tiempos, para celebrar la Eucarist\u00eda y honrar el legado del Padre Antonio Ronchi.<\/p>\n<p style=\"text-align: justify;\">En esta emotiva ceremonia, la comunidad agradeci\u00f3 a las autoridades presentes por su apoyo en la preservaci\u00f3n de este valioso patrimonio cultural e hist\u00f3rico. La restauraci\u00f3n de la Capilla de la Madre de la Divina Providencia no solo representa un hito importante en la historia de Melimoyu, sino que tambi\u00e9n es un tributo a la memoria del Padre Antonio Ronchi.<\/p>\n<\/div><\/section><\/div><\/p>\n<div  style='height:50px' class='hr hr-invisible   avia-builder-el-6  el_after_av_one_full  el_before_av_social_share '><span class='hr-inner ' ><span class='hr-inner-style'><\/span><\/span><\/div>\n<div  class='av-social-sharing-box  avia-builder-el-7  el_after_av_hr  el_before_av_hr  '><div class='av-share-box'><h5 class='av-share-link-description av-no-toc '>Compartir esta noticia<\/h5><ul class='av-share-box-list noLightbox'><li class='av-share-link av-social-link-facebook' ><a target=\"_blank\" aria-label=\"Compartir en Facebook\" href='https:\/\/www.facebook.com\/sharer.php?u=https:\/\/radiorevelacionfm.cl\/?p=36561&#038;t=Melimoyu%20revive%20su%20legado%20hist%C3%B3rico%20con%20la%20inauguraci%C3%B3n%20de%20Capilla%20Madre%20de%20la%20Divina%20Providencia' aria-hidden='false' data-av_icon='\ue8f3' data-av_iconfont='entypo-fontello' title='' data-avia-related-tooltip='Compartir en Facebook' rel=\"noopener\"><span class='avia_hidden_link_text'>Compartir en Facebook<\/span><\/a><\/li><li class='av-share-link av-social-link-twitter' ><a target=\"_blank\" aria-label=\"Compartir en Twitter\" href='https:\/\/twitter.com\/share?text=Melimoyu%20revive%20su%20legado%20hist%C3%B3rico%20con%20la%20inauguraci%C3%B3n%20de%20Capilla%20Madre%20de%20la%20Divina%20Providencia&#038;url=https:\/\/radiorevelacionfm.cl\/?p=36561' aria-hidden='false' data-av_icon='\ue8f1' data-av_iconfont='entypo-fontello' title='' data-avia-related-tooltip='Compartir en Twitter' rel=\"noopener\"><span class='avia_hidden_link_text'>Compartir en Twitter<\/span><\/a><\/li><li class='av-share-link av-social-link-whatsapp' ><a target=\"_blank\" aria-label=\"Compartir en Whatsapp\" href='https:\/\/api.whatsapp.com\/send?text=https:\/\/radiorevelacionfm.cl\/?p=36561' aria-hidden='false' data-av_icon='\uf232' data-av_iconfont='entypo-fontello' title='' data-avia-related-tooltip='Compartir en Whatsapp' rel=\"noopener\"><span class='avia_hidden_link_text'>Compartir en Whatsapp<\/span><\/a><\/li><li class='av-share-link av-social-link-linkedin' ><a target=\"_blank\" aria-label=\"Compartir en LinkedIn\" href='https:\/\/linkedin.com\/shareArticle?mini=true&#038;title=Melimoyu%20revive%20su%20legado%20hist%C3%B3rico%20con%20la%20inauguraci%C3%B3n%20de%20Capilla%20Madre%20de%20la%20Divina%20Providencia&#038;url=https:\/\/radiorevelacionfm.cl\/?p=36561' aria-hidden='false' data-av_icon='\ue8fc' data-av_iconfont='entypo-fontello' title='' data-avia-related-tooltip='Compartir en LinkedIn' rel=\"noopener\"><span class='avia_hidden_link_text'>Compartir en LinkedIn<\/span><\/a><\/li><li class='av-share-link av-social-link-mail' ><a  aria-label=\"Compartir por correo\" href='mailto:?subject=Melimoyu%20revive%20su%20legado%20hist%C3%B3rico%20con%20la%20inauguraci%C3%B3n%20de%20Capilla%20Madre%20de%20la%20Divina%20Providencia&#038;body=https:\/\/radiorevelacionfm.cl\/?p=36561' aria-hidden='false' data-av_icon='\ue805' data-av_iconfont='entypo-fontello' title='' data-avia-related-tooltip='Compartir por correo'><span class='avia_hidden_link_text'>Compartir por correo<\/span><\/a><\/li><\/ul><\/div><\/div>\n<div  style='height:50px' class='hr hr-invisible   avia-builder-el-8  el_after_av_social_share  el_before_av_comments_list '><span class='hr-inner ' ><span class='hr-inner-style'><\/span><\/span><\/div>\n<div  class='av-buildercomment  av-blog-meta-html-info-disabled av-blog-meta-tag-disabled  '><\/div>\n","protected":false},"excerpt":{"rendered":"","protected":false},"author":1,"featured_media":36568,"comment_status":"open","ping_status":"open","sticky":false,"template":"","format":"standard","meta":{"footnotes":""},"categories":[38],"tags":[],"class_list":["post-36561","post","type-post","status-publish","format-standard","has-post-thumbnail","hentry","category-regional"],"jetpack_featured_media_url":"https:\/\/radiorevelacionfm.cl\/wp-content\/uploads\/2023\/11\/img_3133-1_optimized.jpeg","_links":{"self":[{"href":"https:\/\/radiorevelacionfm.cl\/index.php?rest_route=\/wp\/v2\/posts\/36561","targetHints":{"allow":["GET"]}}],"collection":[{"href":"https:\/\/radiorevelacionfm.cl\/index.php?rest_route=\/wp\/v2\/posts"}],"about":[{"href":"https:\/\/radiorevelacionfm.cl\/index.php?rest_route=\/wp\/v2\/types\/post"}],"author":[{"embeddable":true,"href":"https:\/\/radiorevelacionfm.cl\/index.php?rest_route=\/wp\/v2\/users\/1"}],"replies":[{"embeddable":true,"href":"https:\/\/radiorevelacionfm.cl\/index.php?rest_route=%2Fwp%2Fv2%2Fcomments&post=36561"}],"version-history":[{"count":3,"href":"https:\/\/radiorevelacionfm.cl\/index.php?rest_route=\/wp\/v2\/posts\/36561\/revisions"}],"predecessor-version":[{"id":36570,"href":"https:\/\/radiorevelacionfm.cl\/index.php?rest_route=\/wp\/v2\/posts\/36561\/revisions\/36570"}],"wp:featuredmedia":[{"embeddable":true,"href":"https:\/\/radiorevelacionfm.cl\/index.php?rest_route=\/wp\/v2\/media\/36568"}],"wp:attachment":[{"href":"https:\/\/radiorevelacionfm.cl\/index.php?rest_route=%2Fwp%2Fv2%2Fmedia&parent=36561"}],"wp:term":[{"taxonomy":"category","embeddable":true,"href":"https:\/\/radiorevelacionfm.cl\/index.php?rest_route=%2Fwp%2Fv2%2Fcategories&post=36561"},{"taxonomy":"post_tag","embeddable":true,"href":"https:\/\/radiorevelacionfm.cl\/index.php?rest_route=%2Fwp%2Fv2%2Ftags&post=36561"}],"curies":[{"name":"wp","href":"https:\/\/api.w.org\/{rel}","templated":true}]}}