{"id":36552,"date":"2023-11-03T20:32:54","date_gmt":"2023-11-03T23:32:54","guid":{"rendered":"https:\/\/radiorevelacionfm.cl\/?p=36552"},"modified":"2023-11-03T20:32:54","modified_gmt":"2023-11-03T23:32:54","slug":"ruta-de-los-parques-de-la-patagonia-desarrollo-taller-de-arranque-en-aysen","status":"publish","type":"post","link":"https:\/\/radiorevelacionfm.cl\/?p=36552","title":{"rendered":"Ruta de Los Parques de la Patagonia desarroll\u00f3 \u201cTaller de Arranque\u201d en Ays\u00e9n"},"content":{"rendered":"<div class=\"flex_column av_one_full  flex_column_div av-zero-column-padding first  avia-builder-el-0  el_before_av_one_full  avia-builder-el-first  \" style='border-radius:0px; '><div  class='avia-image-container  av-styling-    avia-builder-el-1  avia-builder-el-no-sibling  avia-align-center '  itemprop=\"image\" itemscope=\"itemscope\" itemtype=\"https:\/\/schema.org\/ImageObject\"  ><div class='avia-image-container-inner'><div class='avia-image-overlay-wrap'><img decoding=\"async\" class='wp-image-36553 avia-img-lazy-loading-not-36553 avia_image' src=\"https:\/\/radiorevelacionfm.cl\/wp-content\/uploads\/2023\/11\/07-pem-3200x1604-6400x3208-1_optimized.jpg\" alt='' title='07-pem-3200x1604-6400x3208-(1)_optimized' height=\"600\" width=\"1102\"  itemprop=\"thumbnailUrl\" srcset=\"https:\/\/radiorevelacionfm.cl\/wp-content\/uploads\/2023\/11\/07-pem-3200x1604-6400x3208-1_optimized.jpg 1102w, https:\/\/radiorevelacionfm.cl\/wp-content\/uploads\/2023\/11\/07-pem-3200x1604-6400x3208-1_optimized-300x163.jpg 300w, https:\/\/radiorevelacionfm.cl\/wp-content\/uploads\/2023\/11\/07-pem-3200x1604-6400x3208-1_optimized-1030x561.jpg 1030w, https:\/\/radiorevelacionfm.cl\/wp-content\/uploads\/2023\/11\/07-pem-3200x1604-6400x3208-1_optimized-768x418.jpg 768w, https:\/\/radiorevelacionfm.cl\/wp-content\/uploads\/2023\/11\/07-pem-3200x1604-6400x3208-1_optimized-705x384.jpg 705w, https:\/\/radiorevelacionfm.cl\/wp-content\/uploads\/2023\/11\/07-pem-3200x1604-6400x3208-1_optimized-450x245.jpg 450w, https:\/\/radiorevelacionfm.cl\/wp-content\/uploads\/2023\/11\/07-pem-3200x1604-6400x3208-1_optimized-600x327.jpg 600w\" sizes=\"(max-width: 1102px) 100vw, 1102px\" \/><\/div><\/div><\/div><\/div><div class=\"flex_column av_one_full  flex_column_div av-zero-column-padding first  avia-builder-el-2  el_after_av_one_full  el_before_av_one_full  column-top-margin\" style='border-radius:0px; '><section class=\"av_textblock_section \"  itemscope=\"itemscope\" itemtype=\"https:\/\/schema.org\/BlogPosting\" itemprop=\"blogPost\" ><div class='avia_textblock  '   itemprop=\"text\" ><p style=\"text-align: center;\"><span style=\"font-size: 18pt;\"><b>Ruta de Los Parques de la Patagonia desarroll\u00f3 \u201cTaller de Arranque\u201d en Ays\u00e9n<\/b><\/span><\/p>\n<div id=\"gtx-trans\" style=\"position: absolute; left: -50px; top: 4.31534px;\">\n<div class=\"gtx-trans-icon\"><\/div>\n<\/div>\n<\/div><\/section><\/div><div class=\"flex_column av_one_full  flex_column_div av-zero-column-padding first  avia-builder-el-4  el_after_av_one_full  el_before_av_hr  column-top-margin\" style='border-radius:0px; '><section class=\"av_textblock_section \"  itemscope=\"itemscope\" itemtype=\"https:\/\/schema.org\/BlogPosting\" itemprop=\"blogPost\" ><div class='avia_textblock  '   itemprop=\"text\" ><p style=\"font-weight: 400; text-align: justify;\"><em>Esta alianza estrat\u00e9gica entre el sector p\u00fablico y privado, impulsado por Corfo, busca desarrollar estrategias de planificaci\u00f3n hacia un turismo con buenas pr\u00e1cticas, fortaleciendo las econom\u00edas locales a trav\u00e9s de sus parques nacionales.<\/em><\/p>\n<p style=\"font-weight: 400; text-align: justify;\">En dependencias del Museo Regional de Ays\u00e9n, se desarroll\u00f3 el Taller de Arranque destinado a presentar y analizar la planificaci\u00f3n plasmada en la Hoja de Ruta que guiar\u00e1 las acciones a desarrollar durante los pr\u00f3ximos nueve a\u00f1os, a trav\u00e9s del Programa Estrat\u00e9gico Meso Regional \u00abRuta de los Parques de la Patagonia\u201d, orientado a consolidarlo como un destino mundial de naturaleza y conservaci\u00f3n.<\/p>\n<p style=\"font-weight: 400; text-align: justify;\">Este programa tiene como objetivo conectar 17 Parques Nacionales, sobre la base del turismo de naturaleza y conservaci\u00f3n, atendiendo las consideraciones de los territorios y su patrimonio cultural, respetando las identidades locales aleda\u00f1as, en base a un recorrido esc\u00e9nico de 2.800 kms, con 11,5 millones de hect\u00e1reas protegidas desde Puerto Montt hasta el Cabo de Hornos.<\/p>\n<p style=\"font-weight: 400; text-align: justify;\">En la jornada de cierre de esta etapa, Ver\u00f3nica Pardo Lagos, subsecretaria de Turismo, explic\u00f3 que el programa meso-regional de Corfo tiene como objetivo unir los 17 parques de la Patagonia chilena, para ofrecer experiencias de turismo a un mismo nivel y asegurar la participaci\u00f3n de la comunidad y el territorio. \u201cEste programa tiene una mirada a largo plazo respaldada por los recursos de Corfo, que se enriquece y fortalece gracias a la aportaci\u00f3n de recursos del Gobierno Regional. El objetivo es garantizar que, a mediano y largo plazo, podamos ofrecer experiencias tur\u00edsticas de alta calidad en los 17 parques. Esto implica la participaci\u00f3n de la comunidad local y la integraci\u00f3n efectiva del entorno y donde aseguremos que las brechas que existen en el d\u00eda entre la experiencia de los distintos parques se igualen\u201d.<\/p>\n<p style=\"font-weight: 400; text-align: justify;\">Por su parte, Humberto Mar\u00edn Leiva, director de Corfo Ays\u00e9n, se\u00f1al\u00f3 que el programa busca desarrollar un plan de acci\u00f3n para los pr\u00f3ximos nueve a\u00f1os. \u201cEl proyecto interviene en los parques de la Patagonia en una colaboraci\u00f3n multisectorial para impulsar el desarrollo del territorio y trabajar con las comunidades locales. Por lo tanto, se promueve un entorno colaborativo que involucra al sector privado, sociedad civil, academia y el sector p\u00fablico\u201d.<\/p>\n<p style=\"font-weight: 400; text-align: justify;\"><strong>PROGRAMA<\/strong><\/p>\n<p style=\"font-weight: 400; text-align: justify;\">Las autoridades explicaron que se implementar\u00e1 un modelo de gobernanza que servir\u00e1 como el marco de gobierno del programa. Este modelo tiene como objetivo integrar a los sectores p\u00fablico y privado, la academia y la sociedad civil. La colaboraci\u00f3n entre estos actores permitir\u00e1 la construcci\u00f3n de una visi\u00f3n compartida y su puesta en pr\u00e1ctica a trav\u00e9s de acciones y proyectos concretos. Este enfoque abarca las regiones de Los Lagos, Ays\u00e9n y Magallanes y se sit\u00faa en el contexto de la ruta esc\u00e9nica de los Parques de la Patagonia.<\/p>\n<p style=\"font-weight: 400; text-align: justify;\">Con esta actividad, finaliza la fase inicial de este programa, en la que se ha realizado un diagn\u00f3stico y se ha establecido una hoja de ruta que detalla un plan de acci\u00f3n para los pr\u00f3ximos 10 a\u00f1os. Esta perspectiva a largo plazo se orienta a abordar y solventar las brechas identificadas, con el prop\u00f3sito de reducirlas y resolverlas de manera efectiva.<\/p>\n<p style=\"font-weight: 400; text-align: justify;\">El programa consolidar\u00e1 la ruta como un destino de conservaci\u00f3n de importancia mundial, integrando al territorio y a las comunidades aleda\u00f1as a trav\u00e9s de la puesta en valor del patrimonio natural y cultural. Esto se traducir\u00e1 en la creaci\u00f3n de nuevas oportunidades de desarrollo y en la mejora de la calidad de vida de estas comunidades, atendiendo a sus necesidades espec\u00edficas. Para lograrlo, se busca una estrecha coordinaci\u00f3n entre entidades p\u00fablicas como Sernatur, Conaf, la Subsecretar\u00eda de Turismo y el Ministerio de Obras P\u00fablicas, con el prop\u00f3sito de impulsar un desarrollo productivo que fortalezca el turismo y preserve el patrimonio natural, todo ello enmarcado en un enfoque de sostenibilidad.<\/p>\n<\/div><\/section><\/div><div  style='height:50px' class='hr hr-invisible   avia-builder-el-6  el_after_av_one_full  el_before_av_social_share '><span class='hr-inner ' ><span class='hr-inner-style'><\/span><\/span><\/div><\/p>\n<div  class='av-social-sharing-box  avia-builder-el-7  el_after_av_hr  el_before_av_hr  '><div class='av-share-box'><h5 class='av-share-link-description av-no-toc '>Compartir esta noticia<\/h5><ul class='av-share-box-list noLightbox'><li class='av-share-link av-social-link-facebook' ><a target=\"_blank\" aria-label=\"Compartir en Facebook\" href='https:\/\/www.facebook.com\/sharer.php?u=https:\/\/radiorevelacionfm.cl\/?p=36552&#038;t=Ruta%20de%20Los%20Parques%20de%20la%20Patagonia%20desarroll%C3%B3%20%E2%80%9CTaller%20de%20Arranque%E2%80%9D%20en%20Ays%C3%A9n' aria-hidden='false' data-av_icon='\ue8f3' data-av_iconfont='entypo-fontello' title='' data-avia-related-tooltip='Compartir en Facebook' rel=\"noopener\"><span class='avia_hidden_link_text'>Compartir en Facebook<\/span><\/a><\/li><li class='av-share-link av-social-link-twitter' ><a target=\"_blank\" aria-label=\"Compartir en Twitter\" href='https:\/\/twitter.com\/share?text=Ruta%20de%20Los%20Parques%20de%20la%20Patagonia%20desarroll%C3%B3%20%E2%80%9CTaller%20de%20Arranque%E2%80%9D%20en%20Ays%C3%A9n&#038;url=https:\/\/radiorevelacionfm.cl\/?p=36552' aria-hidden='false' data-av_icon='\ue8f1' data-av_iconfont='entypo-fontello' title='' data-avia-related-tooltip='Compartir en Twitter' rel=\"noopener\"><span class='avia_hidden_link_text'>Compartir en Twitter<\/span><\/a><\/li><li class='av-share-link av-social-link-whatsapp' ><a target=\"_blank\" aria-label=\"Compartir en Whatsapp\" href='https:\/\/api.whatsapp.com\/send?text=https:\/\/radiorevelacionfm.cl\/?p=36552' aria-hidden='false' data-av_icon='\uf232' data-av_iconfont='entypo-fontello' title='' data-avia-related-tooltip='Compartir en Whatsapp' rel=\"noopener\"><span class='avia_hidden_link_text'>Compartir en Whatsapp<\/span><\/a><\/li><li class='av-share-link av-social-link-linkedin' ><a target=\"_blank\" aria-label=\"Compartir en LinkedIn\" href='https:\/\/linkedin.com\/shareArticle?mini=true&#038;title=Ruta%20de%20Los%20Parques%20de%20la%20Patagonia%20desarroll%C3%B3%20%E2%80%9CTaller%20de%20Arranque%E2%80%9D%20en%20Ays%C3%A9n&#038;url=https:\/\/radiorevelacionfm.cl\/?p=36552' aria-hidden='false' data-av_icon='\ue8fc' data-av_iconfont='entypo-fontello' title='' data-avia-related-tooltip='Compartir en LinkedIn' rel=\"noopener\"><span class='avia_hidden_link_text'>Compartir en LinkedIn<\/span><\/a><\/li><li class='av-share-link av-social-link-mail' ><a  aria-label=\"Compartir por correo\" href='mailto:?subject=Ruta%20de%20Los%20Parques%20de%20la%20Patagonia%20desarroll%C3%B3%20%E2%80%9CTaller%20de%20Arranque%E2%80%9D%20en%20Ays%C3%A9n&#038;body=https:\/\/radiorevelacionfm.cl\/?p=36552' aria-hidden='false' data-av_icon='\ue805' data-av_iconfont='entypo-fontello' title='' data-avia-related-tooltip='Compartir por correo'><span class='avia_hidden_link_text'>Compartir por correo<\/span><\/a><\/li><\/ul><\/div><\/div>\n<div  style='height:50px' class='hr hr-invisible   avia-builder-el-8  el_after_av_social_share  el_before_av_comments_list '><span class='hr-inner ' ><span class='hr-inner-style'><\/span><\/span><\/div>\n<div  class='av-buildercomment  av-blog-meta-html-info-disabled av-blog-meta-tag-disabled  '><\/div>\n","protected":false},"excerpt":{"rendered":"","protected":false},"author":1,"featured_media":36553,"comment_status":"open","ping_status":"open","sticky":false,"template":"","format":"standard","meta":{"footnotes":""},"categories":[54],"tags":[],"class_list":["post-36552","post","type-post","status-publish","format-standard","has-post-thumbnail","hentry","category-turismo"],"jetpack_featured_media_url":"https:\/\/radiorevelacionfm.cl\/wp-content\/uploads\/2023\/11\/07-pem-3200x1604-6400x3208-1_optimized.jpg","_links":{"self":[{"href":"https:\/\/radiorevelacionfm.cl\/index.php?rest_route=\/wp\/v2\/posts\/36552","targetHints":{"allow":["GET"]}}],"collection":[{"href":"https:\/\/radiorevelacionfm.cl\/index.php?rest_route=\/wp\/v2\/posts"}],"about":[{"href":"https:\/\/radiorevelacionfm.cl\/index.php?rest_route=\/wp\/v2\/types\/post"}],"author":[{"embeddable":true,"href":"https:\/\/radiorevelacionfm.cl\/index.php?rest_route=\/wp\/v2\/users\/1"}],"replies":[{"embeddable":true,"href":"https:\/\/radiorevelacionfm.cl\/index.php?rest_route=%2Fwp%2Fv2%2Fcomments&post=36552"}],"version-history":[{"count":1,"href":"https:\/\/radiorevelacionfm.cl\/index.php?rest_route=\/wp\/v2\/posts\/36552\/revisions"}],"predecessor-version":[{"id":36554,"href":"https:\/\/radiorevelacionfm.cl\/index.php?rest_route=\/wp\/v2\/posts\/36552\/revisions\/36554"}],"wp:featuredmedia":[{"embeddable":true,"href":"https:\/\/radiorevelacionfm.cl\/index.php?rest_route=\/wp\/v2\/media\/36553"}],"wp:attachment":[{"href":"https:\/\/radiorevelacionfm.cl\/index.php?rest_route=%2Fwp%2Fv2%2Fmedia&parent=36552"}],"wp:term":[{"taxonomy":"category","embeddable":true,"href":"https:\/\/radiorevelacionfm.cl\/index.php?rest_route=%2Fwp%2Fv2%2Fcategories&post=36552"},{"taxonomy":"post_tag","embeddable":true,"href":"https:\/\/radiorevelacionfm.cl\/index.php?rest_route=%2Fwp%2Fv2%2Ftags&post=36552"}],"curies":[{"name":"wp","href":"https:\/\/api.w.org\/{rel}","templated":true}]}}