{"id":36546,"date":"2023-11-03T16:18:12","date_gmt":"2023-11-03T19:18:12","guid":{"rendered":"https:\/\/radiorevelacionfm.cl\/?p=36546"},"modified":"2023-11-03T16:18:12","modified_gmt":"2023-11-03T19:18:12","slug":"programa-liberando-talento-llega-por-primera-vez-a-coyhaique","status":"publish","type":"post","link":"https:\/\/radiorevelacionfm.cl\/?p=36546","title":{"rendered":"Programa Liberando Talento llega por primera vez a Coyhaique"},"content":{"rendered":"<div class=\"flex_column av_one_full  flex_column_div av-zero-column-padding first  avia-builder-el-0  el_before_av_one_full  avia-builder-el-first  \" style='border-radius:0px; '><div  class='avia-image-container  av-styling-    avia-builder-el-1  avia-builder-el-no-sibling  avia-align-center '  itemprop=\"image\" itemscope=\"itemscope\" itemtype=\"https:\/\/schema.org\/ImageObject\"  ><div class='avia-image-container-inner'><div class='avia-image-overlay-wrap'><img decoding=\"async\" class='wp-image-36547 avia-img-lazy-loading-not-36547 avia_image' src=\"https:\/\/radiorevelacionfm.cl\/wp-content\/uploads\/2023\/11\/liberando-talento-1_optimized.jpg\" alt='' title='liberando-talento-(1)_optimized' height=\"600\" width=\"800\"  itemprop=\"thumbnailUrl\" srcset=\"https:\/\/radiorevelacionfm.cl\/wp-content\/uploads\/2023\/11\/liberando-talento-1_optimized.jpg 800w, https:\/\/radiorevelacionfm.cl\/wp-content\/uploads\/2023\/11\/liberando-talento-1_optimized-300x225.jpg 300w, https:\/\/radiorevelacionfm.cl\/wp-content\/uploads\/2023\/11\/liberando-talento-1_optimized-768x576.jpg 768w, https:\/\/radiorevelacionfm.cl\/wp-content\/uploads\/2023\/11\/liberando-talento-1_optimized-705x529.jpg 705w, https:\/\/radiorevelacionfm.cl\/wp-content\/uploads\/2023\/11\/liberando-talento-1_optimized-450x338.jpg 450w, https:\/\/radiorevelacionfm.cl\/wp-content\/uploads\/2023\/11\/liberando-talento-1_optimized-600x450.jpg 600w\" sizes=\"(max-width: 800px) 100vw, 800px\" \/><\/div><\/div><\/div><\/div><div class=\"flex_column av_one_full  flex_column_div av-zero-column-padding first  avia-builder-el-2  el_after_av_one_full  el_before_av_one_full  column-top-margin\" style='border-radius:0px; '><section class=\"av_textblock_section \"  itemscope=\"itemscope\" itemtype=\"https:\/\/schema.org\/BlogPosting\" itemprop=\"blogPost\" ><div class='avia_textblock  '   itemprop=\"text\" ><p style=\"text-align: center;\"><span style=\"font-size: 18pt;\"><b>Programa Liberando Talento llega por primera vez a Coyhaique<\/b><\/span><\/p>\n<div id=\"gtx-trans\" style=\"position: absolute; left: -50px; top: 4.31534px;\">\n<div class=\"gtx-trans-icon\"><\/div>\n<\/div>\n<\/div><\/section><\/div><div class=\"flex_column av_one_full  flex_column_div av-zero-column-padding first  avia-builder-el-4  el_after_av_one_full  el_before_av_hr  column-top-margin\" style='border-radius:0px; '><section class=\"av_textblock_section \"  itemscope=\"itemscope\" itemtype=\"https:\/\/schema.org\/BlogPosting\" itemprop=\"blogPost\" ><div class='avia_textblock  '   itemprop=\"text\" ><p style=\"text-align: justify;\">\u201cSe me alegr\u00f3 el coraz\u00f3n\u201d. De este modo, uno de los muchachos que participaron en el programa Liberando Talento de las Escuelas de Rock y M\u00fasica Popular en el Centro de Internaci\u00f3n Provisoria del Servicio Nacional de Menores en Coyhaique, manifest\u00f3 su felicidad.<\/p>\n<p style=\"text-align: justify;\">Fueron casi dos semanas de trabajo con un total de 32 sesiones y casi 100 horas. Los participantes pudieron no solo aprender conceptos musicales, sino crear sus propias canciones y hasta grabar un videoclip.<\/p>\n<p style=\"text-align: justify;\">As\u00ed lo explica Andr\u00e9s Godoy, m\u00fasico fundador de las Escuelas de Rock en 1994 y parte del equipo de Liberando Talento: \u201cFue una preparaci\u00f3n de largo tiempo. Hac\u00eda mucho tiempo que Coyhaique estaba solicit\u00e1ndonos venir y finalmente se pudo concretar ahora. Pudimos conseguir logros inesperados, incluso para la gente con la cual trabajan ellos permanentemente. Es decir, trabajamos en textos, m\u00fasica, en creaci\u00f3n. En distintos \u00e1mbitos de lo que es la creaci\u00f3n musical. Cuestiones t\u00e9cnicas. Para nosotros tener esa primera impresi\u00f3n era importante porque sab\u00edamos que ten\u00edamos que poner una energ\u00eda particular y Liberando Talento tiene esa energ\u00eda particular\u201d.<\/p>\n<p style=\"text-align: justify;\">El joven interno lo confirma tras bajarse del escenario entre los aplausos de su familia y compa\u00f1eros: \u201cAgradezco porque (Andr\u00e9s) me ense\u00f1\u00f3 muchas cosas. Me ense\u00f1\u00f3 bastante con sus palabras y eso me hizo superarme a m\u00ed mismo porque yo antes ad\u00f3nde iba a actuar solo. Estando \u00e9l presente como que se me alegra el coraz\u00f3n. Me sent\u00ed confiado en el escenario. Si ya est\u00e1bamos ah\u00ed en el baile, hab\u00eda que bailar nom\u00e1s\u201d.<\/p>\n<p style=\"text-align: justify;\">El seremi de Culturas Ays\u00e9n, Felipe Quiroz, tras entregar los diplomas de participaci\u00f3n se mostr\u00f3 satisfecho con los resultados de Liberando Talento en Coyhaique: \u201cEstamos frente a una experiencia muy especial en un escenario inusual para la cultura, pero que queremos que sea cada vez m\u00e1s com\u00fan. Que los espacios no convencionales alberguen experiencias culturales de calidad es uno de los objetivos que perseguimos desde el Gobierno del presidente Boric\u201d.<\/p>\n<p style=\"text-align: justify;\">La directora del Centro de Internaci\u00f3n Provisoria de Coyhaique, Pabla Erices Urenda, dijo que \u201cha sido una experiencia para nosotros muy positiva. Es una estrategia innovadora para trabajar con los j\u00f3venes en cosas que no tienen solamente que ver con la promoci\u00f3n de la cultura, sino que se van trabajando otros aspectos de desarrollo personal que a nosotros nos permiten capitalizarlos en los procesos de intervenci\u00f3n que realizamos. Y en realidad tienen el mismo fin: nos ayudan a caminar hacia la reinserci\u00f3n social\u201d. Sobre la presencia del m\u00fasico Andr\u00e9s Godoy, a\u00f1ade: \u201cYo creo que nunca los j\u00f3venes dimensionaron a qui\u00e9n ten\u00edan al interior del centro. Algunos de nosotros conoc\u00edamos a Andr\u00e9s Godoy, pero \u00e9l se pas\u00f3, se integr\u00f3 al equipo. Todo eso les permiti\u00f3 generar y establecer un v\u00ednculo muy positivo y en poco tiempo. Eso me llamo mucho la atenci\u00f3n\u201d.<\/p>\n<p style=\"text-align: justify;\">Paralelamente a la ejecuci\u00f3n del programa Liberando Talento, la Seremi de Culturas Ays\u00e9n desarrolla este fin de semana en la Plaza Pentagonal de Coyhaique, la Feria de las Culturas Ays\u00e9n, donde un grupo de internas del Centro de Cumplimiento Penitenciario de la ciudad est\u00e1 exponiendo obras textiles, resultado de los talleres que desarroll\u00f3 la Agrupaci\u00f3n Gremial Artesanos de Ays\u00e9n durante este a\u00f1o.<\/p>\n<p style=\"text-align: justify;\">En la misma l\u00ednea de trabajar por llevar cultura a lugares no convencionales, junto a la Subsecretar\u00eda de Prevenci\u00f3n del Delito, \u201chemos estado trabajando en la recuperaci\u00f3n de espacios p\u00fablicos, llevando numerosas actividades a sedes sociales de la comuna de Coyhaique\u201d, finaliz\u00f3 el seremi Felipe Quiroz.<\/p>\n<\/div><\/section><\/div><div  style='height:50px' class='hr hr-invisible   avia-builder-el-6  el_after_av_one_full  el_before_av_social_share '><span class='hr-inner ' ><span class='hr-inner-style'><\/span><\/span><\/div><\/p>\n<div  class='av-social-sharing-box  avia-builder-el-7  el_after_av_hr  el_before_av_hr  '><div class='av-share-box'><h5 class='av-share-link-description av-no-toc '>Compartir esta noticia<\/h5><ul class='av-share-box-list noLightbox'><li class='av-share-link av-social-link-facebook' ><a target=\"_blank\" aria-label=\"Compartir en Facebook\" href='https:\/\/www.facebook.com\/sharer.php?u=https:\/\/radiorevelacionfm.cl\/?p=36546&#038;t=Programa%20Liberando%20Talento%20llega%20por%20primera%20vez%20a%20Coyhaique' aria-hidden='false' data-av_icon='\ue8f3' data-av_iconfont='entypo-fontello' title='' data-avia-related-tooltip='Compartir en Facebook' rel=\"noopener\"><span class='avia_hidden_link_text'>Compartir en Facebook<\/span><\/a><\/li><li class='av-share-link av-social-link-twitter' ><a target=\"_blank\" aria-label=\"Compartir en Twitter\" href='https:\/\/twitter.com\/share?text=Programa%20Liberando%20Talento%20llega%20por%20primera%20vez%20a%20Coyhaique&#038;url=https:\/\/radiorevelacionfm.cl\/?p=36546' aria-hidden='false' data-av_icon='\ue8f1' data-av_iconfont='entypo-fontello' title='' data-avia-related-tooltip='Compartir en Twitter' rel=\"noopener\"><span class='avia_hidden_link_text'>Compartir en Twitter<\/span><\/a><\/li><li class='av-share-link av-social-link-whatsapp' ><a target=\"_blank\" aria-label=\"Compartir en Whatsapp\" href='https:\/\/api.whatsapp.com\/send?text=https:\/\/radiorevelacionfm.cl\/?p=36546' aria-hidden='false' data-av_icon='\uf232' data-av_iconfont='entypo-fontello' title='' data-avia-related-tooltip='Compartir en Whatsapp' rel=\"noopener\"><span class='avia_hidden_link_text'>Compartir en Whatsapp<\/span><\/a><\/li><li class='av-share-link av-social-link-linkedin' ><a target=\"_blank\" aria-label=\"Compartir en LinkedIn\" href='https:\/\/linkedin.com\/shareArticle?mini=true&#038;title=Programa%20Liberando%20Talento%20llega%20por%20primera%20vez%20a%20Coyhaique&#038;url=https:\/\/radiorevelacionfm.cl\/?p=36546' aria-hidden='false' data-av_icon='\ue8fc' data-av_iconfont='entypo-fontello' title='' data-avia-related-tooltip='Compartir en LinkedIn' rel=\"noopener\"><span class='avia_hidden_link_text'>Compartir en LinkedIn<\/span><\/a><\/li><li class='av-share-link av-social-link-mail' ><a  aria-label=\"Compartir por correo\" href='mailto:?subject=Programa%20Liberando%20Talento%20llega%20por%20primera%20vez%20a%20Coyhaique&#038;body=https:\/\/radiorevelacionfm.cl\/?p=36546' aria-hidden='false' data-av_icon='\ue805' data-av_iconfont='entypo-fontello' title='' data-avia-related-tooltip='Compartir por correo'><span class='avia_hidden_link_text'>Compartir por correo<\/span><\/a><\/li><\/ul><\/div><\/div>\n<div  style='height:50px' class='hr hr-invisible   avia-builder-el-8  el_after_av_social_share  el_before_av_comments_list '><span class='hr-inner ' ><span class='hr-inner-style'><\/span><\/span><\/div>\n<div  class='av-buildercomment  av-blog-meta-html-info-disabled av-blog-meta-tag-disabled  '><\/div>\n","protected":false},"excerpt":{"rendered":"","protected":false},"author":1,"featured_media":36547,"comment_status":"open","ping_status":"open","sticky":false,"template":"","format":"standard","meta":{"footnotes":""},"categories":[52],"tags":[],"class_list":["post-36546","post","type-post","status-publish","format-standard","has-post-thumbnail","hentry","category-cultura"],"jetpack_featured_media_url":"https:\/\/radiorevelacionfm.cl\/wp-content\/uploads\/2023\/11\/liberando-talento-1_optimized.jpg","_links":{"self":[{"href":"https:\/\/radiorevelacionfm.cl\/index.php?rest_route=\/wp\/v2\/posts\/36546","targetHints":{"allow":["GET"]}}],"collection":[{"href":"https:\/\/radiorevelacionfm.cl\/index.php?rest_route=\/wp\/v2\/posts"}],"about":[{"href":"https:\/\/radiorevelacionfm.cl\/index.php?rest_route=\/wp\/v2\/types\/post"}],"author":[{"embeddable":true,"href":"https:\/\/radiorevelacionfm.cl\/index.php?rest_route=\/wp\/v2\/users\/1"}],"replies":[{"embeddable":true,"href":"https:\/\/radiorevelacionfm.cl\/index.php?rest_route=%2Fwp%2Fv2%2Fcomments&post=36546"}],"version-history":[{"count":1,"href":"https:\/\/radiorevelacionfm.cl\/index.php?rest_route=\/wp\/v2\/posts\/36546\/revisions"}],"predecessor-version":[{"id":36548,"href":"https:\/\/radiorevelacionfm.cl\/index.php?rest_route=\/wp\/v2\/posts\/36546\/revisions\/36548"}],"wp:featuredmedia":[{"embeddable":true,"href":"https:\/\/radiorevelacionfm.cl\/index.php?rest_route=\/wp\/v2\/media\/36547"}],"wp:attachment":[{"href":"https:\/\/radiorevelacionfm.cl\/index.php?rest_route=%2Fwp%2Fv2%2Fmedia&parent=36546"}],"wp:term":[{"taxonomy":"category","embeddable":true,"href":"https:\/\/radiorevelacionfm.cl\/index.php?rest_route=%2Fwp%2Fv2%2Fcategories&post=36546"},{"taxonomy":"post_tag","embeddable":true,"href":"https:\/\/radiorevelacionfm.cl\/index.php?rest_route=%2Fwp%2Fv2%2Ftags&post=36546"}],"curies":[{"name":"wp","href":"https:\/\/api.w.org\/{rel}","templated":true}]}}