{"id":36542,"date":"2023-11-03T15:43:39","date_gmt":"2023-11-03T18:43:39","guid":{"rendered":"https:\/\/radiorevelacionfm.cl\/?p=36542"},"modified":"2023-11-03T15:43:39","modified_gmt":"2023-11-03T18:43:39","slug":"feria-de-la-mujer-rural-exitoso-hito-de-comercializacion-para-emprendedoras-regionales","status":"publish","type":"post","link":"https:\/\/radiorevelacionfm.cl\/?p=36542","title":{"rendered":"Feria de la Mujer Rural: Exitoso hito de comercializaci\u00f3n para emprendedoras regionales"},"content":{"rendered":"<div class=\"flex_column av_one_full  flex_column_div av-zero-column-padding first  avia-builder-el-0  el_before_av_one_full  avia-builder-el-first  \" style='border-radius:0px; '><div  class='avia-image-container  av-styling-    avia-builder-el-1  avia-builder-el-no-sibling  avia-align-center '  itemprop=\"image\" itemscope=\"itemscope\" itemtype=\"https:\/\/schema.org\/ImageObject\"  ><div class='avia-image-container-inner'><div class='avia-image-overlay-wrap'><img decoding=\"async\" class='wp-image-36543 avia-img-lazy-loading-not-36543 avia_image' src=\"https:\/\/radiorevelacionfm.cl\/wp-content\/uploads\/2023\/11\/IMG-20231025-WA0007-1-1.jpg\" alt='' title='IMG-20231025-WA0007 (1) (1)' height=\"600\" width=\"921\"  itemprop=\"thumbnailUrl\" srcset=\"https:\/\/radiorevelacionfm.cl\/wp-content\/uploads\/2023\/11\/IMG-20231025-WA0007-1-1.jpg 921w, https:\/\/radiorevelacionfm.cl\/wp-content\/uploads\/2023\/11\/IMG-20231025-WA0007-1-1-300x195.jpg 300w, https:\/\/radiorevelacionfm.cl\/wp-content\/uploads\/2023\/11\/IMG-20231025-WA0007-1-1-768x500.jpg 768w, https:\/\/radiorevelacionfm.cl\/wp-content\/uploads\/2023\/11\/IMG-20231025-WA0007-1-1-705x459.jpg 705w, https:\/\/radiorevelacionfm.cl\/wp-content\/uploads\/2023\/11\/IMG-20231025-WA0007-1-1-450x293.jpg 450w, https:\/\/radiorevelacionfm.cl\/wp-content\/uploads\/2023\/11\/IMG-20231025-WA0007-1-1-600x391.jpg 600w\" sizes=\"(max-width: 921px) 100vw, 921px\" \/><\/div><\/div><\/div><\/div><div class=\"flex_column av_one_full  flex_column_div av-zero-column-padding first  avia-builder-el-2  el_after_av_one_full  el_before_av_one_full  column-top-margin\" style='border-radius:0px; '><section class=\"av_textblock_section \"  itemscope=\"itemscope\" itemtype=\"https:\/\/schema.org\/BlogPosting\" itemprop=\"blogPost\" ><div class='avia_textblock  '   itemprop=\"text\" ><p style=\"text-align: center;\"><strong><span style=\"font-size: 18pt;\">Feria de la Mujer Rural: Exitoso hito de comercializaci\u00f3n para emprendedoras regionales<\/span><\/strong><\/p>\n<div id=\"gtx-trans\" style=\"position: absolute; left: -50px; top: 4.31534px;\">\n<div class=\"gtx-trans-icon\"><\/div>\n<\/div>\n<\/div><\/section><\/div><div class=\"flex_column av_one_full  flex_column_div av-zero-column-padding first  avia-builder-el-4  el_after_av_one_full  el_before_av_hr  column-top-margin\" style='border-radius:0px; '><section class=\"av_textblock_section \"  itemscope=\"itemscope\" itemtype=\"https:\/\/schema.org\/BlogPosting\" itemprop=\"blogPost\" ><div class='avia_textblock  '   itemprop=\"text\" ><p style=\"text-align: justify;\">Este fin de semana se desarroll\u00f3 el primero de estos eventos, que en su primera versi\u00f3n congreg\u00f3 a productoras de diferentes comunas y rubros derivados del agro.<\/p>\n<p style=\"text-align: justify;\">En dos jornadas que buscaron resaltar el impacto y la importancia de las mujeres rurales en la regi\u00f3n, se llev\u00f3 a cabo la primera Feria de la Mujer Rural durante el fin de semana del 21 y 22 de octubre. Esta iniciativa, desarrollada por la Seremi de la Mujer y la Equidad de G\u00e9nero en colaboraci\u00f3n con Sodimac Homecenter, surgi\u00f3 en el marco de las actividades conmemorativas del D\u00eda Internacional de las Mujeres Rurales.<\/p>\n<p style=\"text-align: justify;\">Adem\u00e1s de los tradicionales productos agr\u00edcolas, las 10 emprendedoras convocadas exhibieron una rica diversidad de art\u00edculos, que incluyeron cosm\u00e9ticos naturales, tejidos de lana, vestimenta en fieltro de oveja, mermeladas, suplementos alimenticios, tejidos a telar, y una amplia variedad de manualidades recicladas.<\/p>\n<p style=\"text-align: justify;\">La ubicaci\u00f3n estrat\u00e9gica de los puestos, ubicados en los estacionamientos del Homecenter de Coyhaique, brind\u00f3 un f\u00e1cil acceso a la comunidad local y permiti\u00f3 que la feria recibiera una afluencia significativa de visitantes, quienes expresaron entusiasmo por los alimentos y confecciones presentadas.<\/p>\n<p style=\"text-align: justify;\">Nancy Sep\u00falveda, una de las participantes y guardadoras de semillas, comparti\u00f3 su gratitud por el espacio, enfatizando c\u00f3mo este tipo de eventos no solo fomentan las ventas, sino que tambi\u00e9n ofrecen la oportunidad de establecer conexiones valiosas entre mujeres emprendedoras con vivencias comunes: \u00abSoy una peque\u00f1a agricultora, hace poco comenc\u00e9 un emprendimiento de las plantas, comenc\u00e9 con un invernadero donde cultivo plantas, recolecto y produzco semillas org\u00e1nicas. Estoy muy contenta con esta experiencia y espero que se repita en el futuro\u00bb, coment\u00f3.<\/p>\n<p style=\"text-align: justify;\">La seremi de la Mujer y la Equidad de G\u00e9nero, Andrea M\u00e9ndez Valenzuela, resalt\u00f3 la importancia de crear espacios de comercializaci\u00f3n como una estrategia clave para impulsar la autonom\u00eda econ\u00f3mica de las mujeres: \u00abEsta feria es resultado del trabajo permanente que se desarrolla junto a la Mesa Mujer Rural, y es un excelente ejemplo de c\u00f3mo podemos realizar colaboraciones p\u00fablico-privadas para entregar a las mujeres, en este caso a las emprendedoras rurales, plataformas que les permitan mostrar sus saberes y vender sus productos\u201d.<\/p>\n<p style=\"text-align: justify;\">Con un enfoque en la diversificaci\u00f3n de las oportunidades econ\u00f3micas para las mujeres rurales, la feria no s\u00f3lo ha impulsado la visibilidad de sus emprendimientos, sino que tambi\u00e9n ha destacado su papel crucial en el desarrollo sostenible de la regi\u00f3n.<\/p>\n<\/div><\/section><\/div><div  style='height:50px' class='hr hr-invisible   avia-builder-el-6  el_after_av_one_full  el_before_av_social_share '><span class='hr-inner ' ><span class='hr-inner-style'><\/span><\/span><\/div><\/p>\n<div  class='av-social-sharing-box  avia-builder-el-7  el_after_av_hr  el_before_av_hr  '><div class='av-share-box'><h5 class='av-share-link-description av-no-toc '>Compartir esta noticia<\/h5><ul class='av-share-box-list noLightbox'><li class='av-share-link av-social-link-facebook' ><a target=\"_blank\" aria-label=\"Compartir en Facebook\" href='https:\/\/www.facebook.com\/sharer.php?u=https:\/\/radiorevelacionfm.cl\/?p=36542&#038;t=Feria%20de%20la%20Mujer%20Rural%3A%20Exitoso%20hito%20de%20comercializaci%C3%B3n%20para%20emprendedoras%20regionales' aria-hidden='false' data-av_icon='\ue8f3' data-av_iconfont='entypo-fontello' title='' data-avia-related-tooltip='Compartir en Facebook' rel=\"noopener\"><span class='avia_hidden_link_text'>Compartir en Facebook<\/span><\/a><\/li><li class='av-share-link av-social-link-twitter' ><a target=\"_blank\" aria-label=\"Compartir en Twitter\" href='https:\/\/twitter.com\/share?text=Feria%20de%20la%20Mujer%20Rural%3A%20Exitoso%20hito%20de%20comercializaci%C3%B3n%20para%20emprendedoras%20regionales&#038;url=https:\/\/radiorevelacionfm.cl\/?p=36542' aria-hidden='false' data-av_icon='\ue8f1' data-av_iconfont='entypo-fontello' title='' data-avia-related-tooltip='Compartir en Twitter' rel=\"noopener\"><span class='avia_hidden_link_text'>Compartir en Twitter<\/span><\/a><\/li><li class='av-share-link av-social-link-whatsapp' ><a target=\"_blank\" aria-label=\"Compartir en Whatsapp\" href='https:\/\/api.whatsapp.com\/send?text=https:\/\/radiorevelacionfm.cl\/?p=36542' aria-hidden='false' data-av_icon='\uf232' data-av_iconfont='entypo-fontello' title='' data-avia-related-tooltip='Compartir en Whatsapp' rel=\"noopener\"><span class='avia_hidden_link_text'>Compartir en Whatsapp<\/span><\/a><\/li><li class='av-share-link av-social-link-linkedin' ><a target=\"_blank\" aria-label=\"Compartir en LinkedIn\" href='https:\/\/linkedin.com\/shareArticle?mini=true&#038;title=Feria%20de%20la%20Mujer%20Rural%3A%20Exitoso%20hito%20de%20comercializaci%C3%B3n%20para%20emprendedoras%20regionales&#038;url=https:\/\/radiorevelacionfm.cl\/?p=36542' aria-hidden='false' data-av_icon='\ue8fc' data-av_iconfont='entypo-fontello' title='' data-avia-related-tooltip='Compartir en LinkedIn' rel=\"noopener\"><span class='avia_hidden_link_text'>Compartir en LinkedIn<\/span><\/a><\/li><li class='av-share-link av-social-link-mail' ><a  aria-label=\"Compartir por correo\" href='mailto:?subject=Feria%20de%20la%20Mujer%20Rural%3A%20Exitoso%20hito%20de%20comercializaci%C3%B3n%20para%20emprendedoras%20regionales&#038;body=https:\/\/radiorevelacionfm.cl\/?p=36542' aria-hidden='false' data-av_icon='\ue805' data-av_iconfont='entypo-fontello' title='' data-avia-related-tooltip='Compartir por correo'><span class='avia_hidden_link_text'>Compartir por correo<\/span><\/a><\/li><\/ul><\/div><\/div>\n<div  style='height:50px' class='hr hr-invisible   avia-builder-el-8  el_after_av_social_share  el_before_av_comments_list '><span class='hr-inner ' ><span class='hr-inner-style'><\/span><\/span><\/div>\n<div  class='av-buildercomment  av-blog-meta-html-info-disabled av-blog-meta-tag-disabled  '><\/div>\n","protected":false},"excerpt":{"rendered":"","protected":false},"author":1,"featured_media":36543,"comment_status":"open","ping_status":"open","sticky":false,"template":"","format":"standard","meta":{"footnotes":""},"categories":[38],"tags":[],"class_list":["post-36542","post","type-post","status-publish","format-standard","has-post-thumbnail","hentry","category-regional"],"jetpack_featured_media_url":"https:\/\/radiorevelacionfm.cl\/wp-content\/uploads\/2023\/11\/IMG-20231025-WA0007-1-1.jpg","_links":{"self":[{"href":"https:\/\/radiorevelacionfm.cl\/index.php?rest_route=\/wp\/v2\/posts\/36542","targetHints":{"allow":["GET"]}}],"collection":[{"href":"https:\/\/radiorevelacionfm.cl\/index.php?rest_route=\/wp\/v2\/posts"}],"about":[{"href":"https:\/\/radiorevelacionfm.cl\/index.php?rest_route=\/wp\/v2\/types\/post"}],"author":[{"embeddable":true,"href":"https:\/\/radiorevelacionfm.cl\/index.php?rest_route=\/wp\/v2\/users\/1"}],"replies":[{"embeddable":true,"href":"https:\/\/radiorevelacionfm.cl\/index.php?rest_route=%2Fwp%2Fv2%2Fcomments&post=36542"}],"version-history":[{"count":1,"href":"https:\/\/radiorevelacionfm.cl\/index.php?rest_route=\/wp\/v2\/posts\/36542\/revisions"}],"predecessor-version":[{"id":36544,"href":"https:\/\/radiorevelacionfm.cl\/index.php?rest_route=\/wp\/v2\/posts\/36542\/revisions\/36544"}],"wp:featuredmedia":[{"embeddable":true,"href":"https:\/\/radiorevelacionfm.cl\/index.php?rest_route=\/wp\/v2\/media\/36543"}],"wp:attachment":[{"href":"https:\/\/radiorevelacionfm.cl\/index.php?rest_route=%2Fwp%2Fv2%2Fmedia&parent=36542"}],"wp:term":[{"taxonomy":"category","embeddable":true,"href":"https:\/\/radiorevelacionfm.cl\/index.php?rest_route=%2Fwp%2Fv2%2Fcategories&post=36542"},{"taxonomy":"post_tag","embeddable":true,"href":"https:\/\/radiorevelacionfm.cl\/index.php?rest_route=%2Fwp%2Fv2%2Ftags&post=36542"}],"curies":[{"name":"wp","href":"https:\/\/api.w.org\/{rel}","templated":true}]}}