{"id":36539,"date":"2023-11-06T10:30:19","date_gmt":"2023-11-06T13:30:19","guid":{"rendered":"https:\/\/radiorevelacionfm.cl\/?p=36539"},"modified":"2023-11-06T10:30:19","modified_gmt":"2023-11-06T13:30:19","slug":"mujeres-con-energia-de-edelaysen-inicia-su-5-academia-de-emprendedoras","status":"publish","type":"post","link":"https:\/\/radiorevelacionfm.cl\/?p=36539","title":{"rendered":"\u201cMujeres con Energ\u00eda\u201d de Edelaysen inicia su 5\u00b0 academia de emprendedoras"},"content":{"rendered":"<div class=\"flex_column av_one_full  flex_column_div av-zero-column-padding first  avia-builder-el-0  el_before_av_one_full  avia-builder-el-first  \" style='border-radius:0px; '><div  class='avia-image-container  av-styling-    avia-builder-el-1  avia-builder-el-no-sibling  avia-align-center '  itemprop=\"image\" itemscope=\"itemscope\" itemtype=\"https:\/\/schema.org\/ImageObject\"  ><div class='avia-image-container-inner'><div class='avia-image-overlay-wrap'><img decoding=\"async\" class='wp-image-36540 avia-img-lazy-loading-not-36540 avia_image' src=\"https:\/\/radiorevelacionfm.cl\/wp-content\/uploads\/2023\/11\/GANADORA-MUJERES-ENERGIA-1-1.jpeg\" alt='' title='GANADORA MUJERES ENERGIA (1) (1)' height=\"600\" width=\"921\"  itemprop=\"thumbnailUrl\" srcset=\"https:\/\/radiorevelacionfm.cl\/wp-content\/uploads\/2023\/11\/GANADORA-MUJERES-ENERGIA-1-1.jpeg 921w, https:\/\/radiorevelacionfm.cl\/wp-content\/uploads\/2023\/11\/GANADORA-MUJERES-ENERGIA-1-1-300x195.jpeg 300w, https:\/\/radiorevelacionfm.cl\/wp-content\/uploads\/2023\/11\/GANADORA-MUJERES-ENERGIA-1-1-768x500.jpeg 768w, https:\/\/radiorevelacionfm.cl\/wp-content\/uploads\/2023\/11\/GANADORA-MUJERES-ENERGIA-1-1-705x459.jpeg 705w, https:\/\/radiorevelacionfm.cl\/wp-content\/uploads\/2023\/11\/GANADORA-MUJERES-ENERGIA-1-1-450x293.jpeg 450w, https:\/\/radiorevelacionfm.cl\/wp-content\/uploads\/2023\/11\/GANADORA-MUJERES-ENERGIA-1-1-600x391.jpeg 600w\" sizes=\"(max-width: 921px) 100vw, 921px\" \/><\/div><\/div><\/div><\/div><div class=\"flex_column av_one_full  flex_column_div av-zero-column-padding first  avia-builder-el-2  el_after_av_one_full  el_before_av_one_full  column-top-margin\" style='border-radius:0px; '><section class=\"av_textblock_section \"  itemscope=\"itemscope\" itemtype=\"https:\/\/schema.org\/BlogPosting\" itemprop=\"blogPost\" ><div class='avia_textblock  '   itemprop=\"text\" ><p style=\"text-align: center;\"><strong><span style=\"font-size: 18pt;\">\u201cMujeres con Energ\u00eda\u201d de Edelaysen inicia su 5\u00b0 academia de emprendedoras<\/span><\/strong><\/p>\n<div id=\"gtx-trans\" style=\"position: absolute; left: -50px; top: 4.31534px;\">\n<div class=\"gtx-trans-icon\"><\/div>\n<\/div>\n<\/div><\/section><\/div><div class=\"flex_column av_one_full  flex_column_div av-zero-column-padding first  avia-builder-el-4  el_after_av_one_full  el_before_av_hr  column-top-margin\" style='border-radius:0px; '><section class=\"av_textblock_section \"  itemscope=\"itemscope\" itemtype=\"https:\/\/schema.org\/BlogPosting\" itemprop=\"blogPost\" ><div class='avia_textblock  '   itemprop=\"text\" ><p style=\"text-align: justify;\">El pr\u00f3ximo lunes 06 de noviembre, Edelaysen dar\u00e1 inicio a la quinta versi\u00f3n de la \u201cAcademia de Emprendedoras\u201d, que en esta ocasi\u00f3n permitir\u00e1 capacitar a 140 mujeres, entre las regiones del \u00d1uble y Ays\u00e9n, mediante clases virtuales, con m\u00f3dulos de libre acceso y clases magistrales. Estas ser\u00e1n impartidas por docentes del Instituto Profesional AIEP, en coordinaci\u00f3n con el Centro de Negocios de Sercotec de Puerto Varas.<\/p>\n<p style=\"text-align: justify;\">Esta iniciativa se enmarca en el programa de vinculaci\u00f3n con la comunidad \u201cMujeres con Energ\u00eda\u201d, impulsado por Edelaysen desde 2021. Su principal objetivo es transformar positivamente la vida de emprendedoras del sur de Chile, mediante la capacitaci\u00f3n y la entrega de herramientas para fortalecer sus negocios.<\/p>\n<p style=\"text-align: justify;\">\u201cEstamos muy contentos por el inter\u00e9s y las ganas de participar de las mujeres que se inscribieron para esta quinta versi\u00f3n de la Academia. Esto, sin duda, nos motiva a seguir impulsando el que adquieran herramientas que aporten en su formaci\u00f3n como emprendedoras, as\u00ed como tambi\u00e9n, en el desarrollo y crecimiento de sus negocios. Son todas micro y peque\u00f1as empresarias y trabajadoras con diversidad de edades, clientas de nuestras y que cada d\u00eda se esfuerzan por\u00a0 mejorar sus ideas de negocio. Esperamos que nuestro programa \u2018Mujeres con Energ\u00eda\u2019 les permita seguir creciendo, tal y como ha ocurrido con emprendedoras que han participado en las ediciones anteriores\u201d, destac\u00f3 el Gerente Zonal Leonardo Mor\u00e1n.<\/p>\n<p style=\"text-align: justify;\">A la fecha, la \u201cAcademia de Emprendedoras\u201d de Edelaysen ha formado a 366 mujeres, quienes reconocen el aporte del programa, destacando el impacto que ha significado para sus negocios y sus vidas haber sido parte de esta iniciativa, gracias a la que pudieron compartir experiencias, sue\u00f1os y objetivos con otras emprendedoras.<\/p>\n<p style=\"text-align: justify;\">Entre las 140 alumnas inscritas para esta versi\u00f3n de la academia de \u201cMujeres con Energ\u00eda\u201d, las 24 emprendedoras que obtengan las mejores calificaciones durante el periodo de capacitaci\u00f3n ser\u00e1n reconocidas con la entrega de $1.000.000 de libre disposici\u00f3n, con la finalidad de apoyar sus proyectos de negocio.<\/p>\n<\/div><\/section><\/div><div  style='height:50px' class='hr hr-invisible   avia-builder-el-6  el_after_av_one_full  el_before_av_social_share '><span class='hr-inner ' ><span class='hr-inner-style'><\/span><\/span><\/div><\/p>\n<div  class='av-social-sharing-box  avia-builder-el-7  el_after_av_hr  el_before_av_hr  '><div class='av-share-box'><h5 class='av-share-link-description av-no-toc '>Compartir esta noticia<\/h5><ul class='av-share-box-list noLightbox'><li class='av-share-link av-social-link-facebook' ><a target=\"_blank\" aria-label=\"Compartir en Facebook\" href='https:\/\/www.facebook.com\/sharer.php?u=https:\/\/radiorevelacionfm.cl\/?p=36539&#038;t=%E2%80%9CMujeres%20con%20Energ%C3%ADa%E2%80%9D%20de%20Edelaysen%20inicia%20su%205%C2%B0%20academia%20de%20emprendedoras' aria-hidden='false' data-av_icon='\ue8f3' data-av_iconfont='entypo-fontello' title='' data-avia-related-tooltip='Compartir en Facebook' rel=\"noopener\"><span class='avia_hidden_link_text'>Compartir en Facebook<\/span><\/a><\/li><li class='av-share-link av-social-link-twitter' ><a target=\"_blank\" aria-label=\"Compartir en Twitter\" href='https:\/\/twitter.com\/share?text=%E2%80%9CMujeres%20con%20Energ%C3%ADa%E2%80%9D%20de%20Edelaysen%20inicia%20su%205%C2%B0%20academia%20de%20emprendedoras&#038;url=https:\/\/radiorevelacionfm.cl\/?p=36539' aria-hidden='false' data-av_icon='\ue8f1' data-av_iconfont='entypo-fontello' title='' data-avia-related-tooltip='Compartir en Twitter' rel=\"noopener\"><span class='avia_hidden_link_text'>Compartir en Twitter<\/span><\/a><\/li><li class='av-share-link av-social-link-whatsapp' ><a target=\"_blank\" aria-label=\"Compartir en Whatsapp\" href='https:\/\/api.whatsapp.com\/send?text=https:\/\/radiorevelacionfm.cl\/?p=36539' aria-hidden='false' data-av_icon='\uf232' data-av_iconfont='entypo-fontello' title='' data-avia-related-tooltip='Compartir en Whatsapp' rel=\"noopener\"><span class='avia_hidden_link_text'>Compartir en Whatsapp<\/span><\/a><\/li><li class='av-share-link av-social-link-linkedin' ><a target=\"_blank\" aria-label=\"Compartir en LinkedIn\" href='https:\/\/linkedin.com\/shareArticle?mini=true&#038;title=%E2%80%9CMujeres%20con%20Energ%C3%ADa%E2%80%9D%20de%20Edelaysen%20inicia%20su%205%C2%B0%20academia%20de%20emprendedoras&#038;url=https:\/\/radiorevelacionfm.cl\/?p=36539' aria-hidden='false' data-av_icon='\ue8fc' data-av_iconfont='entypo-fontello' title='' data-avia-related-tooltip='Compartir en LinkedIn' rel=\"noopener\"><span class='avia_hidden_link_text'>Compartir en LinkedIn<\/span><\/a><\/li><li class='av-share-link av-social-link-mail' ><a  aria-label=\"Compartir por correo\" href='mailto:?subject=%E2%80%9CMujeres%20con%20Energ%C3%ADa%E2%80%9D%20de%20Edelaysen%20inicia%20su%205%C2%B0%20academia%20de%20emprendedoras&#038;body=https:\/\/radiorevelacionfm.cl\/?p=36539' aria-hidden='false' data-av_icon='\ue805' data-av_iconfont='entypo-fontello' title='' data-avia-related-tooltip='Compartir por correo'><span class='avia_hidden_link_text'>Compartir por correo<\/span><\/a><\/li><\/ul><\/div><\/div>\n<div  style='height:50px' class='hr hr-invisible   avia-builder-el-8  el_after_av_social_share  el_before_av_comments_list '><span class='hr-inner ' ><span class='hr-inner-style'><\/span><\/span><\/div>\n<div  class='av-buildercomment  av-blog-meta-html-info-disabled av-blog-meta-tag-disabled  '><\/div>\n","protected":false},"excerpt":{"rendered":"","protected":false},"author":1,"featured_media":36540,"comment_status":"open","ping_status":"open","sticky":false,"template":"","format":"standard","meta":{"footnotes":""},"categories":[38],"tags":[],"class_list":["post-36539","post","type-post","status-publish","format-standard","has-post-thumbnail","hentry","category-regional"],"jetpack_featured_media_url":"https:\/\/radiorevelacionfm.cl\/wp-content\/uploads\/2023\/11\/GANADORA-MUJERES-ENERGIA-1-1.jpeg","_links":{"self":[{"href":"https:\/\/radiorevelacionfm.cl\/index.php?rest_route=\/wp\/v2\/posts\/36539","targetHints":{"allow":["GET"]}}],"collection":[{"href":"https:\/\/radiorevelacionfm.cl\/index.php?rest_route=\/wp\/v2\/posts"}],"about":[{"href":"https:\/\/radiorevelacionfm.cl\/index.php?rest_route=\/wp\/v2\/types\/post"}],"author":[{"embeddable":true,"href":"https:\/\/radiorevelacionfm.cl\/index.php?rest_route=\/wp\/v2\/users\/1"}],"replies":[{"embeddable":true,"href":"https:\/\/radiorevelacionfm.cl\/index.php?rest_route=%2Fwp%2Fv2%2Fcomments&post=36539"}],"version-history":[{"count":1,"href":"https:\/\/radiorevelacionfm.cl\/index.php?rest_route=\/wp\/v2\/posts\/36539\/revisions"}],"predecessor-version":[{"id":36541,"href":"https:\/\/radiorevelacionfm.cl\/index.php?rest_route=\/wp\/v2\/posts\/36539\/revisions\/36541"}],"wp:featuredmedia":[{"embeddable":true,"href":"https:\/\/radiorevelacionfm.cl\/index.php?rest_route=\/wp\/v2\/media\/36540"}],"wp:attachment":[{"href":"https:\/\/radiorevelacionfm.cl\/index.php?rest_route=%2Fwp%2Fv2%2Fmedia&parent=36539"}],"wp:term":[{"taxonomy":"category","embeddable":true,"href":"https:\/\/radiorevelacionfm.cl\/index.php?rest_route=%2Fwp%2Fv2%2Fcategories&post=36539"},{"taxonomy":"post_tag","embeddable":true,"href":"https:\/\/radiorevelacionfm.cl\/index.php?rest_route=%2Fwp%2Fv2%2Ftags&post=36539"}],"curies":[{"name":"wp","href":"https:\/\/api.w.org\/{rel}","templated":true}]}}