{"id":36536,"date":"2023-11-03T17:01:14","date_gmt":"2023-11-03T20:01:14","guid":{"rendered":"https:\/\/radiorevelacionfm.cl\/?p=36536"},"modified":"2023-11-03T17:01:14","modified_gmt":"2023-11-03T20:01:14","slug":"presidente-de-la-corte-de-coyhaique-realizo-visita-a-tribunales-de-la-zona-sur-de-aysen","status":"publish","type":"post","link":"https:\/\/radiorevelacionfm.cl\/?p=36536","title":{"rendered":"Presidente de la Corte de Coyhaique realiz\u00f3 visita a tribunales de la zona sur de Ays\u00e9n"},"content":{"rendered":"<div class=\"flex_column av_one_full  flex_column_div av-zero-column-padding first  avia-builder-el-0  el_before_av_one_full  avia-builder-el-first  \" style='border-radius:0px; '><div  class='avia-image-container  av-styling-    avia-builder-el-1  avia-builder-el-no-sibling  avia-align-center '  itemprop=\"image\" itemscope=\"itemscope\" itemtype=\"https:\/\/schema.org\/ImageObject\"  ><div class='avia-image-container-inner'><div class='avia-image-overlay-wrap'><img decoding=\"async\" class='wp-image-36537 avia-img-lazy-loading-not-36537 avia_image' src=\"https:\/\/radiorevelacionfm.cl\/wp-content\/uploads\/2023\/11\/dia5503-1_optimized-1_optimized-1.jpg\" alt='' title='_dia5503-(1)_optimized-(1)_optimized (1)' height=\"600\" width=\"987\"  itemprop=\"thumbnailUrl\" srcset=\"https:\/\/radiorevelacionfm.cl\/wp-content\/uploads\/2023\/11\/dia5503-1_optimized-1_optimized-1.jpg 987w, https:\/\/radiorevelacionfm.cl\/wp-content\/uploads\/2023\/11\/dia5503-1_optimized-1_optimized-1-300x182.jpg 300w, https:\/\/radiorevelacionfm.cl\/wp-content\/uploads\/2023\/11\/dia5503-1_optimized-1_optimized-1-768x467.jpg 768w, https:\/\/radiorevelacionfm.cl\/wp-content\/uploads\/2023\/11\/dia5503-1_optimized-1_optimized-1-705x429.jpg 705w, https:\/\/radiorevelacionfm.cl\/wp-content\/uploads\/2023\/11\/dia5503-1_optimized-1_optimized-1-450x274.jpg 450w, https:\/\/radiorevelacionfm.cl\/wp-content\/uploads\/2023\/11\/dia5503-1_optimized-1_optimized-1-600x365.jpg 600w\" sizes=\"(max-width: 987px) 100vw, 987px\" \/><\/div><\/div><\/div><\/div><div class=\"flex_column av_one_full  flex_column_div av-zero-column-padding first  avia-builder-el-2  el_after_av_one_full  el_before_av_one_full  column-top-margin\" style='border-radius:0px; '><section class=\"av_textblock_section \"  itemscope=\"itemscope\" itemtype=\"https:\/\/schema.org\/BlogPosting\" itemprop=\"blogPost\" ><div class='avia_textblock  '   itemprop=\"text\" ><p style=\"text-align: center;\"><span style=\"font-size: 18pt;\"><b>Presidente de la Corte de Coyhaique realiz\u00f3 visita a tribunales de la zona sur de Ays\u00e9n<\/b><\/span><\/p>\n<div id=\"gtx-trans\" style=\"position: absolute; left: -50px; top: 4.31534px;\">\n<div class=\"gtx-trans-icon\"><\/div>\n<\/div>\n<\/div><\/section><\/div><div class=\"flex_column av_one_full  flex_column_div av-zero-column-padding first  avia-builder-el-4  el_after_av_one_full  el_before_av_hr  column-top-margin\" style='border-radius:0px; '><section class=\"av_textblock_section \"  itemscope=\"itemscope\" itemtype=\"https:\/\/schema.org\/BlogPosting\" itemprop=\"blogPost\" ><div class='avia_textblock  '   itemprop=\"text\" ><p class=\"v1MsoNormal\" style=\"text-align: justify;\">Entre el lunes 23\u00a0 y el jueves 26 de octubre, el presidente de la Corte de Apelaciones de Coyhaique, ministro Jos\u00e9 Ignacio Mora, se desplaz\u00f3 hasta las comunidades de Chile Chico y Cochrane, para ver en terreno el funcionamiento de los juzgados mixtos que administran justicia en estas zonas aisladas de la regi\u00f3n de Ays\u00e9n.<\/p>\n<p class=\"v1MsoNormal\" style=\"text-align: justify;\">En la instancia recorri\u00f3 los juzgados de polic\u00eda local, centros penitenciarios y se reuni\u00f3 con autoridades y medios de comunicaci\u00f3n.<\/p>\n<p class=\"v1MsoNormal\" style=\"text-align: justify;\">\u00abRevisar el funcionamiento de los tribunales, tanto en el aspecto jurisdiccional como tambi\u00e9n en el\u00a0 administrativo y ver las necesidades y requerimientos que podamos como ministros visitadores, ayudar a que se solucionen. En ese marco tambi\u00e9n llegamos a radios locales y pudimos visitar los centros penitenciarios de ambas comunas y sus respectivas notar\u00edas y Juzgados de Polic\u00eda local\u00bb, sostuvo el ministro Jos\u00e9 Ignacio Mora.<\/p>\n<p class=\"v1MsoNormal\" style=\"text-align: justify;\">A\u00f1adi\u00f3 que\u00a0 \u00abfue una actividad bastante integradora y multisist\u00e9mica, para poder ver desde todo punto de vista, para abordar las problem\u00e1ticas que en distintos lugares tiene su particularidad, pero el saldo es absolutamente positivo\u00bb.<\/p>\n<p class=\"v1MsoNormal\" style=\"text-align: justify;\">\u00abHay mucho esp\u00edritu de trabajo, de superar las adversidades, tanto del clima, de la lejan\u00eda y el aislamiento, pero es gente que ya est\u00e1 preparada y eso me tiene\u00a0 muy tranquilo\u00bb, concluy\u00f3.<\/p>\n<p class=\"v1MsoNormal\" style=\"text-align: justify;\">Por su parte, el magistrado Guillermo Frene Cand\u00eda, del Juzgado de Letras, Garant\u00eda y Familia de Chile Chico indic\u00f3 que \u00abesta es una oportunidad tambi\u00e9n para transparentar nuestras formas de trabajo, el estado general de tramitaci\u00f3n de causas y demostrar tambi\u00e9n cu\u00e1les son nuestras ventajas en el acceso a la justicia que tenemos para nuestra comunidad, dada la caracter\u00edsticas propias de la zona\u00bb.<\/p>\n<p class=\"v1MsoNormal\" style=\"text-align: justify;\">En tanto, Javiera Alarc\u00f3n Zurita, magistrada del Juzgado de Letras, Garant\u00eda y Familia de Cochrane, se\u00f1al\u00f3 que \u00abesta instancia permite a nuestros superiores jer\u00e1rquicos, a los ministros de las Corte de Apelaciones, en este caso, interiorizarse de alguna manera y conocer de alguna forma el modo en que nosotros desempe\u00f1amos la labor jurisdiccional, la funci\u00f3n p\u00fablica que desempe\u00f1amos en estas localidades apartadas de la capital regional\u00bb.<\/p>\n<p class=\"v1MsoNormal\" style=\"text-align: justify;\">La visita culmin\u00f3 el pasado lunes 30 de octubre con la inspecci\u00f3n del Juzgado de Polic\u00eda Local de R\u00edo Ib\u00e1\u00f1ez, instancia en la que el presidente de la Corte de Apelaciones particip\u00f3 junto al juez Patricio Ramos, de un programa radial denominado \u00abEducaci\u00f3n C\u00edvica y Algo m\u00e1s\u00bb.<\/p>\n<p class=\"v1MsoNormal\" style=\"text-align: justify;\">Finalmente, esta misma visita a tribunales efectu\u00f3 el ministro de la Corte de Apelaciones, Pedro Castro Espinoza, en los juzgados de Puerto Cisnes y Puerto Ays\u00e9n, y los ministros Luis Aedo Mora y Natalia Rencoret Oliva en los cinco juzgados que administran justicia en la ciudad de Coyhaique.<\/p>\n<\/div><\/section><\/div><div  style='height:50px' class='hr hr-invisible   avia-builder-el-6  el_after_av_one_full  el_before_av_social_share '><span class='hr-inner ' ><span class='hr-inner-style'><\/span><\/span><\/div><\/p>\n<div  class='av-social-sharing-box  avia-builder-el-7  el_after_av_hr  el_before_av_hr  '><div class='av-share-box'><h5 class='av-share-link-description av-no-toc '>Compartir esta noticia<\/h5><ul class='av-share-box-list noLightbox'><li class='av-share-link av-social-link-facebook' ><a target=\"_blank\" aria-label=\"Compartir en Facebook\" href='https:\/\/www.facebook.com\/sharer.php?u=https:\/\/radiorevelacionfm.cl\/?p=36536&#038;t=Presidente%20de%20la%20Corte%20de%20Coyhaique%20realiz%C3%B3%20visita%20a%20tribunales%20de%20la%20zona%20sur%20de%20Ays%C3%A9n' aria-hidden='false' data-av_icon='\ue8f3' data-av_iconfont='entypo-fontello' title='' data-avia-related-tooltip='Compartir en Facebook' rel=\"noopener\"><span class='avia_hidden_link_text'>Compartir en Facebook<\/span><\/a><\/li><li class='av-share-link av-social-link-twitter' ><a target=\"_blank\" aria-label=\"Compartir en Twitter\" href='https:\/\/twitter.com\/share?text=Presidente%20de%20la%20Corte%20de%20Coyhaique%20realiz%C3%B3%20visita%20a%20tribunales%20de%20la%20zona%20sur%20de%20Ays%C3%A9n&#038;url=https:\/\/radiorevelacionfm.cl\/?p=36536' aria-hidden='false' data-av_icon='\ue8f1' data-av_iconfont='entypo-fontello' title='' data-avia-related-tooltip='Compartir en Twitter' rel=\"noopener\"><span class='avia_hidden_link_text'>Compartir en Twitter<\/span><\/a><\/li><li class='av-share-link av-social-link-whatsapp' ><a target=\"_blank\" aria-label=\"Compartir en Whatsapp\" href='https:\/\/api.whatsapp.com\/send?text=https:\/\/radiorevelacionfm.cl\/?p=36536' aria-hidden='false' data-av_icon='\uf232' data-av_iconfont='entypo-fontello' title='' data-avia-related-tooltip='Compartir en Whatsapp' rel=\"noopener\"><span class='avia_hidden_link_text'>Compartir en Whatsapp<\/span><\/a><\/li><li class='av-share-link av-social-link-linkedin' ><a target=\"_blank\" aria-label=\"Compartir en LinkedIn\" href='https:\/\/linkedin.com\/shareArticle?mini=true&#038;title=Presidente%20de%20la%20Corte%20de%20Coyhaique%20realiz%C3%B3%20visita%20a%20tribunales%20de%20la%20zona%20sur%20de%20Ays%C3%A9n&#038;url=https:\/\/radiorevelacionfm.cl\/?p=36536' aria-hidden='false' data-av_icon='\ue8fc' data-av_iconfont='entypo-fontello' title='' data-avia-related-tooltip='Compartir en LinkedIn' rel=\"noopener\"><span class='avia_hidden_link_text'>Compartir en LinkedIn<\/span><\/a><\/li><li class='av-share-link av-social-link-mail' ><a  aria-label=\"Compartir por correo\" href='mailto:?subject=Presidente%20de%20la%20Corte%20de%20Coyhaique%20realiz%C3%B3%20visita%20a%20tribunales%20de%20la%20zona%20sur%20de%20Ays%C3%A9n&#038;body=https:\/\/radiorevelacionfm.cl\/?p=36536' aria-hidden='false' data-av_icon='\ue805' data-av_iconfont='entypo-fontello' title='' data-avia-related-tooltip='Compartir por correo'><span class='avia_hidden_link_text'>Compartir por correo<\/span><\/a><\/li><\/ul><\/div><\/div>\n<div  style='height:50px' class='hr hr-invisible   avia-builder-el-8  el_after_av_social_share  el_before_av_comments_list '><span class='hr-inner ' ><span class='hr-inner-style'><\/span><\/span><\/div>\n<div  class='av-buildercomment  av-blog-meta-html-info-disabled av-blog-meta-tag-disabled  '><\/div>\n","protected":false},"excerpt":{"rendered":"","protected":false},"author":1,"featured_media":36537,"comment_status":"open","ping_status":"open","sticky":false,"template":"","format":"standard","meta":{"footnotes":""},"categories":[55],"tags":[],"class_list":["post-36536","post","type-post","status-publish","format-standard","has-post-thumbnail","hentry","category-justicia"],"jetpack_featured_media_url":"https:\/\/radiorevelacionfm.cl\/wp-content\/uploads\/2023\/11\/dia5503-1_optimized-1_optimized-1.jpg","_links":{"self":[{"href":"https:\/\/radiorevelacionfm.cl\/index.php?rest_route=\/wp\/v2\/posts\/36536","targetHints":{"allow":["GET"]}}],"collection":[{"href":"https:\/\/radiorevelacionfm.cl\/index.php?rest_route=\/wp\/v2\/posts"}],"about":[{"href":"https:\/\/radiorevelacionfm.cl\/index.php?rest_route=\/wp\/v2\/types\/post"}],"author":[{"embeddable":true,"href":"https:\/\/radiorevelacionfm.cl\/index.php?rest_route=\/wp\/v2\/users\/1"}],"replies":[{"embeddable":true,"href":"https:\/\/radiorevelacionfm.cl\/index.php?rest_route=%2Fwp%2Fv2%2Fcomments&post=36536"}],"version-history":[{"count":1,"href":"https:\/\/radiorevelacionfm.cl\/index.php?rest_route=\/wp\/v2\/posts\/36536\/revisions"}],"predecessor-version":[{"id":36538,"href":"https:\/\/radiorevelacionfm.cl\/index.php?rest_route=\/wp\/v2\/posts\/36536\/revisions\/36538"}],"wp:featuredmedia":[{"embeddable":true,"href":"https:\/\/radiorevelacionfm.cl\/index.php?rest_route=\/wp\/v2\/media\/36537"}],"wp:attachment":[{"href":"https:\/\/radiorevelacionfm.cl\/index.php?rest_route=%2Fwp%2Fv2%2Fmedia&parent=36536"}],"wp:term":[{"taxonomy":"category","embeddable":true,"href":"https:\/\/radiorevelacionfm.cl\/index.php?rest_route=%2Fwp%2Fv2%2Fcategories&post=36536"},{"taxonomy":"post_tag","embeddable":true,"href":"https:\/\/radiorevelacionfm.cl\/index.php?rest_route=%2Fwp%2Fv2%2Ftags&post=36536"}],"curies":[{"name":"wp","href":"https:\/\/api.w.org\/{rel}","templated":true}]}}