{"id":36526,"date":"2023-11-03T09:49:15","date_gmt":"2023-11-03T12:49:15","guid":{"rendered":"https:\/\/radiorevelacionfm.cl\/?p=36526"},"modified":"2023-11-03T09:49:15","modified_gmt":"2023-11-03T12:49:15","slug":"senadora-ordenes-en-aysen-algunos-caminos-ya-cumplieron-su-vida-util","status":"publish","type":"post","link":"https:\/\/radiorevelacionfm.cl\/?p=36526","title":{"rendered":"Senadora Ordenes: \u201cEn Ays\u00e9n algunos caminos ya cumplieron su vida \u00fatil\u201d"},"content":{"rendered":"<div class=\"flex_column av_one_full  flex_column_div av-zero-column-padding first  avia-builder-el-0  el_before_av_one_full  avia-builder-el-first  \" style='border-radius:0px; '><div  class='avia-image-container  av-styling-    avia-builder-el-1  avia-builder-el-no-sibling  avia-align-center '  itemprop=\"image\" itemscope=\"itemscope\" itemtype=\"https:\/\/schema.org\/ImageObject\"  ><div class='avia-image-container-inner'><div class='avia-image-overlay-wrap'><img decoding=\"async\" class='wp-image-36527 avia-img-lazy-loading-not-36527 avia_image' src=\"https:\/\/radiorevelacionfm.cl\/wp-content\/uploads\/2023\/11\/foto-4-13-1_optimized-1.jpg\" alt='' title='foto-4-(13)-(1)_optimized (1)' height=\"600\" width=\"1067\"  itemprop=\"thumbnailUrl\" srcset=\"https:\/\/radiorevelacionfm.cl\/wp-content\/uploads\/2023\/11\/foto-4-13-1_optimized-1.jpg 1067w, https:\/\/radiorevelacionfm.cl\/wp-content\/uploads\/2023\/11\/foto-4-13-1_optimized-1-300x169.jpg 300w, https:\/\/radiorevelacionfm.cl\/wp-content\/uploads\/2023\/11\/foto-4-13-1_optimized-1-1030x579.jpg 1030w, https:\/\/radiorevelacionfm.cl\/wp-content\/uploads\/2023\/11\/foto-4-13-1_optimized-1-768x432.jpg 768w, https:\/\/radiorevelacionfm.cl\/wp-content\/uploads\/2023\/11\/foto-4-13-1_optimized-1-705x396.jpg 705w, https:\/\/radiorevelacionfm.cl\/wp-content\/uploads\/2023\/11\/foto-4-13-1_optimized-1-450x253.jpg 450w, https:\/\/radiorevelacionfm.cl\/wp-content\/uploads\/2023\/11\/foto-4-13-1_optimized-1-600x337.jpg 600w\" sizes=\"(max-width: 1067px) 100vw, 1067px\" \/><\/div><\/div><\/div><\/div><div class=\"flex_column av_one_full  flex_column_div av-zero-column-padding first  avia-builder-el-2  el_after_av_one_full  el_before_av_one_full  column-top-margin\" style='border-radius:0px; '><section class=\"av_textblock_section \"  itemscope=\"itemscope\" itemtype=\"https:\/\/schema.org\/BlogPosting\" itemprop=\"blogPost\" ><div class='avia_textblock  '   itemprop=\"text\" ><p style=\"text-align: center;\"><strong><span style=\"font-size: 18pt;\">Senadora Ordenes: \u201cEn Ays\u00e9n algunos caminos ya cumplieron su vida \u00fatil\u201d<\/span><\/strong><\/p>\n<div id=\"gtx-trans\" style=\"position: absolute; left: -50px; top: 4.31534px;\">\n<div class=\"gtx-trans-icon\"><\/div>\n<\/div>\n<\/div><\/section><\/div><div class=\"flex_column av_one_full  flex_column_div av-zero-column-padding first  avia-builder-el-4  el_after_av_one_full  el_before_av_hr  column-top-margin\" style='border-radius:0px; '><section class=\"av_textblock_section \"  itemscope=\"itemscope\" itemtype=\"https:\/\/schema.org\/BlogPosting\" itemprop=\"blogPost\" ><div class='avia_textblock  '   itemprop=\"text\" ><p style=\"text-align: justify;\"><em>\u201cEl paso de los a\u00f1os ha deteriorado el pavimento en diversos puntos de las rutas m\u00e1s transitadas de nuestra regi\u00f3n\u201d, se\u00f1al\u00f3 la senadora por la regi\u00f3n de Ays\u00e9n, Ximena \u00d3rdenes, mostrando su preocupaci\u00f3n por el evidente deterioro de los tramos que van desde Puerto Ays\u00e9n hasta Coyhaique, de Coyhaique a Balmaceda y el cruce Balmaceda- Ib\u00e1\u00f1ez.<\/em><\/p>\n<p style=\"text-align: justify;\">La parlamentaria se reuni\u00f3 con la ministra Jessica L\u00f3pez, actual cabeza del Ministerio de Obras P\u00fablicas, ante la cual manifest\u00f3 su preocupaci\u00f3n por el deterioro de estos tramos. En la cita, entre otros temas, le coment\u00f3 que estas rutas son parte de la columna vertebral de la regi\u00f3n de Ays\u00e9n y que en muchos puntos de estos caminos el paso de los a\u00f1os se hace notar, con baches y parches en la carpeta asf\u00e1ltica, la cual ya cumpli\u00f3 su vida \u00fatil.<\/p>\n<p style=\"text-align: justify;\">\u201cEs com\u00fan transitar sobre parches de adocreto o asfalto lo largo de las rutas y si bien es necesario generar soluciones r\u00e1pidas a estos problemas, creo que el verdadero problema no es si podemos o no parchar el camino, sino que este ya cumpli\u00f3 su vida \u00fatil y es momento de pensar en una soluci\u00f3n m\u00e1s definitiva para los pr\u00f3ximos a\u00f1os\u201d, manifest\u00f3 la senadora \u00d3rdenes.<\/p>\n<p style=\"text-align: justify;\">Seg\u00fan inform\u00f3 el seremi del MOP Ays\u00e9n, Patricio Sanhueza, los sectores m\u00e1s deteriorados en estas rutas de pavimento asf\u00e1ltico son visibles a la altura de Laguna Foitzick y en el sector del Salto, pero estas rutas presentan graves problemas en diversos otros puntos.<\/p>\n<p style=\"text-align: justify;\">\u201cEn materia de conectividad vial, un desaf\u00edo fundamental en estos tiempos es la repavimentaci\u00f3n a lo menos de la ruta 240 que une la capital regional con la ciudad de Ays\u00e9n. Hablamos de caminos con alta circulaci\u00f3n de veh\u00edculos. El tr\u00e1nsito diario medio anual es muy importante, por lo que la prioridad tiene que estar marcada por indicadores de este tipo\u201d, concluy\u00f3 la parlamentaria, quien insisti\u00f3 en que esta materia debe tener prioridad en la regi\u00f3n.<\/p>\n<p style=\"text-align: justify;\">El pavimento que conecta la capital regional con la ciudad de Puerto Ays\u00e9n data desde la d\u00e9cada del 80, cuando se conecta la ciudad puerto con Chacabuco y tambi\u00e9n Coyhaique hasta el t\u00fanel de Farell\u00f3n, logrando ya a finales de esta d\u00e9cada conectar ambas ciudades en la actual ruta 240, con una carpeta de hormig\u00f3n.<\/p>\n<p style=\"text-align: justify;\">Ya en los 90 se avanz\u00f3 en la pavimentaci\u00f3n desde Coyhaique hasta Balmaceda usando asfalto, carpetas de pavimento que tienen una vida \u00fatil mucho m\u00e1s acotada -entre 10 y 15 a\u00f1os-, por lo que estas han excedido su vida \u00fatil en por lo menos 15 a\u00f1os.<\/p>\n<\/div><\/section><\/div><div  style='height:50px' class='hr hr-invisible   avia-builder-el-6  el_after_av_one_full  el_before_av_social_share '><span class='hr-inner ' ><span class='hr-inner-style'><\/span><\/span><\/div><\/p>\n<div  class='av-social-sharing-box  avia-builder-el-7  el_after_av_hr  el_before_av_hr  '><div class='av-share-box'><h5 class='av-share-link-description av-no-toc '>Compartir esta noticia<\/h5><ul class='av-share-box-list noLightbox'><li class='av-share-link av-social-link-facebook' ><a target=\"_blank\" aria-label=\"Compartir en Facebook\" href='https:\/\/www.facebook.com\/sharer.php?u=https:\/\/radiorevelacionfm.cl\/?p=36526&#038;t=Senadora%20Ordenes%3A%20%E2%80%9CEn%20Ays%C3%A9n%20algunos%20caminos%20ya%20cumplieron%20su%20vida%20%C3%BAtil%E2%80%9D' aria-hidden='false' data-av_icon='\ue8f3' data-av_iconfont='entypo-fontello' title='' data-avia-related-tooltip='Compartir en Facebook' rel=\"noopener\"><span class='avia_hidden_link_text'>Compartir en Facebook<\/span><\/a><\/li><li class='av-share-link av-social-link-twitter' ><a target=\"_blank\" aria-label=\"Compartir en Twitter\" href='https:\/\/twitter.com\/share?text=Senadora%20Ordenes%3A%20%E2%80%9CEn%20Ays%C3%A9n%20algunos%20caminos%20ya%20cumplieron%20su%20vida%20%C3%BAtil%E2%80%9D&#038;url=https:\/\/radiorevelacionfm.cl\/?p=36526' aria-hidden='false' data-av_icon='\ue8f1' data-av_iconfont='entypo-fontello' title='' data-avia-related-tooltip='Compartir en Twitter' rel=\"noopener\"><span class='avia_hidden_link_text'>Compartir en Twitter<\/span><\/a><\/li><li class='av-share-link av-social-link-whatsapp' ><a target=\"_blank\" aria-label=\"Compartir en Whatsapp\" href='https:\/\/api.whatsapp.com\/send?text=https:\/\/radiorevelacionfm.cl\/?p=36526' aria-hidden='false' data-av_icon='\uf232' data-av_iconfont='entypo-fontello' title='' data-avia-related-tooltip='Compartir en Whatsapp' rel=\"noopener\"><span class='avia_hidden_link_text'>Compartir en Whatsapp<\/span><\/a><\/li><li class='av-share-link av-social-link-linkedin' ><a target=\"_blank\" aria-label=\"Compartir en LinkedIn\" href='https:\/\/linkedin.com\/shareArticle?mini=true&#038;title=Senadora%20Ordenes%3A%20%E2%80%9CEn%20Ays%C3%A9n%20algunos%20caminos%20ya%20cumplieron%20su%20vida%20%C3%BAtil%E2%80%9D&#038;url=https:\/\/radiorevelacionfm.cl\/?p=36526' aria-hidden='false' data-av_icon='\ue8fc' data-av_iconfont='entypo-fontello' title='' data-avia-related-tooltip='Compartir en LinkedIn' rel=\"noopener\"><span class='avia_hidden_link_text'>Compartir en LinkedIn<\/span><\/a><\/li><li class='av-share-link av-social-link-mail' ><a  aria-label=\"Compartir por correo\" href='mailto:?subject=Senadora%20Ordenes%3A%20%E2%80%9CEn%20Ays%C3%A9n%20algunos%20caminos%20ya%20cumplieron%20su%20vida%20%C3%BAtil%E2%80%9D&#038;body=https:\/\/radiorevelacionfm.cl\/?p=36526' aria-hidden='false' data-av_icon='\ue805' data-av_iconfont='entypo-fontello' title='' data-avia-related-tooltip='Compartir por correo'><span class='avia_hidden_link_text'>Compartir por correo<\/span><\/a><\/li><\/ul><\/div><\/div>\n<div  style='height:50px' class='hr hr-invisible   avia-builder-el-8  el_after_av_social_share  el_before_av_comments_list '><span class='hr-inner ' ><span class='hr-inner-style'><\/span><\/span><\/div>\n<div  class='av-buildercomment  av-blog-meta-html-info-disabled av-blog-meta-tag-disabled  '><\/div>\n","protected":false},"excerpt":{"rendered":"","protected":false},"author":1,"featured_media":36527,"comment_status":"open","ping_status":"open","sticky":false,"template":"","format":"standard","meta":{"footnotes":""},"categories":[35],"tags":[],"class_list":["post-36526","post","type-post","status-publish","format-standard","has-post-thumbnail","hentry","category-politica"],"jetpack_featured_media_url":"https:\/\/radiorevelacionfm.cl\/wp-content\/uploads\/2023\/11\/foto-4-13-1_optimized-1.jpg","_links":{"self":[{"href":"https:\/\/radiorevelacionfm.cl\/index.php?rest_route=\/wp\/v2\/posts\/36526","targetHints":{"allow":["GET"]}}],"collection":[{"href":"https:\/\/radiorevelacionfm.cl\/index.php?rest_route=\/wp\/v2\/posts"}],"about":[{"href":"https:\/\/radiorevelacionfm.cl\/index.php?rest_route=\/wp\/v2\/types\/post"}],"author":[{"embeddable":true,"href":"https:\/\/radiorevelacionfm.cl\/index.php?rest_route=\/wp\/v2\/users\/1"}],"replies":[{"embeddable":true,"href":"https:\/\/radiorevelacionfm.cl\/index.php?rest_route=%2Fwp%2Fv2%2Fcomments&post=36526"}],"version-history":[{"count":1,"href":"https:\/\/radiorevelacionfm.cl\/index.php?rest_route=\/wp\/v2\/posts\/36526\/revisions"}],"predecessor-version":[{"id":36528,"href":"https:\/\/radiorevelacionfm.cl\/index.php?rest_route=\/wp\/v2\/posts\/36526\/revisions\/36528"}],"wp:featuredmedia":[{"embeddable":true,"href":"https:\/\/radiorevelacionfm.cl\/index.php?rest_route=\/wp\/v2\/media\/36527"}],"wp:attachment":[{"href":"https:\/\/radiorevelacionfm.cl\/index.php?rest_route=%2Fwp%2Fv2%2Fmedia&parent=36526"}],"wp:term":[{"taxonomy":"category","embeddable":true,"href":"https:\/\/radiorevelacionfm.cl\/index.php?rest_route=%2Fwp%2Fv2%2Fcategories&post=36526"},{"taxonomy":"post_tag","embeddable":true,"href":"https:\/\/radiorevelacionfm.cl\/index.php?rest_route=%2Fwp%2Fv2%2Ftags&post=36526"}],"curies":[{"name":"wp","href":"https:\/\/api.w.org\/{rel}","templated":true}]}}