{"id":36523,"date":"2023-11-02T19:12:50","date_gmt":"2023-11-02T22:12:50","guid":{"rendered":"https:\/\/radiorevelacionfm.cl\/?p=36523"},"modified":"2023-11-02T19:12:50","modified_gmt":"2023-11-02T22:12:50","slug":"entregan-bicicletas-de-alta-gama-a-destacados-deportistas-regionales","status":"publish","type":"post","link":"https:\/\/radiorevelacionfm.cl\/?p=36523","title":{"rendered":"Entregan bicicletas de alta gama a destacados deportistas regionales"},"content":{"rendered":"<div class=\"flex_column av_one_full  flex_column_div av-zero-column-padding first  avia-builder-el-0  el_before_av_one_full  avia-builder-el-first  \" style='border-radius:0px; '><div  class='avia-image-container  av-styling-    avia-builder-el-1  avia-builder-el-no-sibling  avia-align-center '  itemprop=\"image\" itemscope=\"itemscope\" itemtype=\"https:\/\/schema.org\/ImageObject\"  ><div class='avia-image-container-inner'><div class='avia-image-overlay-wrap'><img decoding=\"async\" class='wp-image-36524 avia-img-lazy-loading-not-36524 avia_image' src=\"https:\/\/radiorevelacionfm.cl\/wp-content\/uploads\/2023\/11\/bici-2-1_optimized-1.jpeg\" alt='' title='bici-2-(1)_optimized (1)' height=\"600\" width=\"1068\"  itemprop=\"thumbnailUrl\" srcset=\"https:\/\/radiorevelacionfm.cl\/wp-content\/uploads\/2023\/11\/bici-2-1_optimized-1.jpeg 1068w, https:\/\/radiorevelacionfm.cl\/wp-content\/uploads\/2023\/11\/bici-2-1_optimized-1-300x169.jpeg 300w, https:\/\/radiorevelacionfm.cl\/wp-content\/uploads\/2023\/11\/bici-2-1_optimized-1-1030x579.jpeg 1030w, https:\/\/radiorevelacionfm.cl\/wp-content\/uploads\/2023\/11\/bici-2-1_optimized-1-768x431.jpeg 768w, https:\/\/radiorevelacionfm.cl\/wp-content\/uploads\/2023\/11\/bici-2-1_optimized-1-705x396.jpeg 705w, https:\/\/radiorevelacionfm.cl\/wp-content\/uploads\/2023\/11\/bici-2-1_optimized-1-450x253.jpeg 450w, https:\/\/radiorevelacionfm.cl\/wp-content\/uploads\/2023\/11\/bici-2-1_optimized-1-600x337.jpeg 600w\" sizes=\"(max-width: 1068px) 100vw, 1068px\" \/><\/div><\/div><\/div><\/div><div class=\"flex_column av_one_full  flex_column_div av-zero-column-padding first  avia-builder-el-2  el_after_av_one_full  el_before_av_one_full  column-top-margin\" style='border-radius:0px; '><section class=\"av_textblock_section \"  itemscope=\"itemscope\" itemtype=\"https:\/\/schema.org\/BlogPosting\" itemprop=\"blogPost\" ><div class='avia_textblock  '   itemprop=\"text\" ><p style=\"text-align: center;\"><strong><span style=\"font-size: 18pt;\">Entregan bicicletas de alta gama a destacados deportistas regionales<\/span><\/strong><\/p>\n<div id=\"gtx-trans\" style=\"position: absolute; left: -50px; top: 4.31534px;\">\n<div class=\"gtx-trans-icon\"><\/div>\n<\/div>\n<\/div><\/section><\/div><div class=\"flex_column av_one_full  flex_column_div av-zero-column-padding first  avia-builder-el-4  el_after_av_one_full  el_before_av_hr  column-top-margin\" style='border-radius:0px; '><section class=\"av_textblock_section \"  itemscope=\"itemscope\" itemtype=\"https:\/\/schema.org\/BlogPosting\" itemprop=\"blogPost\" ><div class='avia_textblock  '   itemprop=\"text\" ><p dir=\"ltr\" style=\"text-align: justify;\">\u00abPara m\u00ed me est\u00e1n entregando una nave de otro planeta, es la bicicleta m\u00e1s tope de gama que he tenido en mis manos\u00bb, fueron las palabras de la sobresaliente deportista regional, Gabriela Alarc\u00f3n, al recibir de parte de la Gobernadora de Ays\u00e9n, Andrea Mac\u00edas Palma, una moderna bicicleta que la acompa\u00f1ar\u00e1 en los desaf\u00edos que tiene por delante en su promisoria carrera.<\/p>\n<p dir=\"ltr\" style=\"text-align: justify;\">En total fueron dos bicicletas las que entreg\u00f3 la Gobernadora: una marca Colnago profesional Ruta Dama Elite para Gabriela, y una Colnago profesional Contra Reloj para Jos\u00e9 Luis \u00abPipo\u00bb Rodr\u00edguez, quien acaba de representar a la regi\u00f3n y al pa\u00eds en los Juegos Panamericanos Santiago 2023.<\/p>\n<p dir=\"ltr\" style=\"text-align: justify;\">\u00abSi nosotros logramos poner foco en el deporte, yo estoy absolutamente segura de que tambi\u00e9n vamos a lograr que muchos j\u00f3venes y adolescentes puedan tener otros espacios, salir de este letargo que nos lleva a otra situaciones. El deporte es vida, es salud, una oportunidad para poder tener una mejor salud mental, para que entre todos y todas podamos tener mejores v\u00ednculos sociales\u00bb, explic\u00f3 la Gobernadora Regional de Ays\u00e9n.<\/p>\n<p dir=\"ltr\" style=\"text-align: justify;\">La m\u00e1xima autoridad de la regi\u00f3n tambi\u00e9n recalc\u00f3 que esto se enmarca en una estrategia y un proyecto que se est\u00e1 trabajando junto al Ministerio del Deporte y al Instituto Nacional del Deporte (IND) para apoyar y fomentar el desarrollo del ciclismo en Ays\u00e9n, territorio donde la pr\u00e1ctica de esta disciplina posee un potencial de crecimiento tremendo.<\/p>\n<p dir=\"ltr\" style=\"text-align: justify;\">\u00abEsto nace como una iniciativa de parte de la Gobernadora, Andrea Mac\u00edas Palma, de poder financiar equipamiento deportivo para los ciclistas que est\u00e1n represent\u00e1ndonos hoy (&#8230;) estamos muy contentos con nuestro servicio asociado que es el IND, cuyo equipo regional fue el ente t\u00e9cnico, la contraparte que levanta el proyecto para ser financiado por el Gobierno Regional, y no solamente a los dos deportistas a quienes se les entregaron las bicicletas, sino que tambi\u00e9n para dos clubes de ciclismo que pertenecen a la Regi\u00f3n de Ays\u00e9n\u00bb, recalc\u00f3 la seremi Mar\u00eda Eugenia Dur\u00e1n.<\/p>\n<p dir=\"ltr\" style=\"text-align: justify;\">En tanto, \u00abPipo\u00bb Rodr\u00edguez agradeci\u00f3 el apoyo de las instituciones y autoridades, no s\u00f3lo para con \u00e9l sino que para el resto de ni\u00f1os, ni\u00f1as y j\u00f3venes de la Patagonia que contar\u00e1n con equipamientos para desarrollarse en el ciclismo. \u00abEstoy contento por tener esta bicicleta que hay pocas en el mundo, y tambi\u00e9n porque de alguna manera Gabriela tiene una bicicleta que le va a permitir seguir avanzando, y tambi\u00e9n para el club, viene material para los chicos que est\u00e1n inici\u00e1ndose en esto. Hay que seguir remando hacia adelante. Agradecer al IND y al Gobierno Regional, que est\u00e1n trabajando en conjunto y pudieron hacer este sue\u00f1o realidad\u00bb, manifest\u00f3.<\/p>\n<p dir=\"ltr\" style=\"text-align: justify;\">Por \u00faltimo, la ciclista Gabriela Alarc\u00f3n se\u00f1al\u00f3 que esta bicicleta \u00absignifica muchas cosas. Tanto as\u00ed como la motivaci\u00f3n, ganas de correr, de probarla, de entrenar, con lluvia, con nieve, con lo que sea le doy en esa bici, ya nada me va a parar. As\u00ed que, m\u00e1s ganas de seguir tray\u00e9ndole medallas a la regi\u00f3n, al club y ojal\u00e1 en su momento a Chile\u00bb.<\/p>\n<\/div><\/section><\/div><div  style='height:50px' class='hr hr-invisible   avia-builder-el-6  el_after_av_one_full  el_before_av_social_share '><span class='hr-inner ' ><span class='hr-inner-style'><\/span><\/span><\/div><\/p>\n<div  class='av-social-sharing-box  avia-builder-el-7  el_after_av_hr  el_before_av_hr  '><div class='av-share-box'><h5 class='av-share-link-description av-no-toc '>Compartir esta noticia<\/h5><ul class='av-share-box-list noLightbox'><li class='av-share-link av-social-link-facebook' ><a target=\"_blank\" aria-label=\"Compartir en Facebook\" href='https:\/\/www.facebook.com\/sharer.php?u=https:\/\/radiorevelacionfm.cl\/?p=36523&#038;t=Entregan%20bicicletas%20de%20alta%20gama%20a%20destacados%20deportistas%20regionales' aria-hidden='false' data-av_icon='\ue8f3' data-av_iconfont='entypo-fontello' title='' data-avia-related-tooltip='Compartir en Facebook' rel=\"noopener\"><span class='avia_hidden_link_text'>Compartir en Facebook<\/span><\/a><\/li><li class='av-share-link av-social-link-twitter' ><a target=\"_blank\" aria-label=\"Compartir en Twitter\" href='https:\/\/twitter.com\/share?text=Entregan%20bicicletas%20de%20alta%20gama%20a%20destacados%20deportistas%20regionales&#038;url=https:\/\/radiorevelacionfm.cl\/?p=36523' aria-hidden='false' data-av_icon='\ue8f1' data-av_iconfont='entypo-fontello' title='' data-avia-related-tooltip='Compartir en Twitter' rel=\"noopener\"><span class='avia_hidden_link_text'>Compartir en Twitter<\/span><\/a><\/li><li class='av-share-link av-social-link-whatsapp' ><a target=\"_blank\" aria-label=\"Compartir en Whatsapp\" href='https:\/\/api.whatsapp.com\/send?text=https:\/\/radiorevelacionfm.cl\/?p=36523' aria-hidden='false' data-av_icon='\uf232' data-av_iconfont='entypo-fontello' title='' data-avia-related-tooltip='Compartir en Whatsapp' rel=\"noopener\"><span class='avia_hidden_link_text'>Compartir en Whatsapp<\/span><\/a><\/li><li class='av-share-link av-social-link-linkedin' ><a target=\"_blank\" aria-label=\"Compartir en LinkedIn\" href='https:\/\/linkedin.com\/shareArticle?mini=true&#038;title=Entregan%20bicicletas%20de%20alta%20gama%20a%20destacados%20deportistas%20regionales&#038;url=https:\/\/radiorevelacionfm.cl\/?p=36523' aria-hidden='false' data-av_icon='\ue8fc' data-av_iconfont='entypo-fontello' title='' data-avia-related-tooltip='Compartir en LinkedIn' rel=\"noopener\"><span class='avia_hidden_link_text'>Compartir en LinkedIn<\/span><\/a><\/li><li class='av-share-link av-social-link-mail' ><a  aria-label=\"Compartir por correo\" href='mailto:?subject=Entregan%20bicicletas%20de%20alta%20gama%20a%20destacados%20deportistas%20regionales&#038;body=https:\/\/radiorevelacionfm.cl\/?p=36523' aria-hidden='false' data-av_icon='\ue805' data-av_iconfont='entypo-fontello' title='' data-avia-related-tooltip='Compartir por correo'><span class='avia_hidden_link_text'>Compartir por correo<\/span><\/a><\/li><\/ul><\/div><\/div>\n<div  style='height:50px' class='hr hr-invisible   avia-builder-el-8  el_after_av_social_share  el_before_av_comments_list '><span class='hr-inner ' ><span class='hr-inner-style'><\/span><\/span><\/div>\n<div  class='av-buildercomment  av-blog-meta-html-info-disabled av-blog-meta-tag-disabled  '><\/div>\n","protected":false},"excerpt":{"rendered":"","protected":false},"author":1,"featured_media":36524,"comment_status":"open","ping_status":"open","sticky":false,"template":"","format":"standard","meta":{"footnotes":""},"categories":[38],"tags":[],"class_list":["post-36523","post","type-post","status-publish","format-standard","has-post-thumbnail","hentry","category-regional"],"jetpack_featured_media_url":"https:\/\/radiorevelacionfm.cl\/wp-content\/uploads\/2023\/11\/bici-2-1_optimized-1.jpeg","_links":{"self":[{"href":"https:\/\/radiorevelacionfm.cl\/index.php?rest_route=\/wp\/v2\/posts\/36523","targetHints":{"allow":["GET"]}}],"collection":[{"href":"https:\/\/radiorevelacionfm.cl\/index.php?rest_route=\/wp\/v2\/posts"}],"about":[{"href":"https:\/\/radiorevelacionfm.cl\/index.php?rest_route=\/wp\/v2\/types\/post"}],"author":[{"embeddable":true,"href":"https:\/\/radiorevelacionfm.cl\/index.php?rest_route=\/wp\/v2\/users\/1"}],"replies":[{"embeddable":true,"href":"https:\/\/radiorevelacionfm.cl\/index.php?rest_route=%2Fwp%2Fv2%2Fcomments&post=36523"}],"version-history":[{"count":1,"href":"https:\/\/radiorevelacionfm.cl\/index.php?rest_route=\/wp\/v2\/posts\/36523\/revisions"}],"predecessor-version":[{"id":36525,"href":"https:\/\/radiorevelacionfm.cl\/index.php?rest_route=\/wp\/v2\/posts\/36523\/revisions\/36525"}],"wp:featuredmedia":[{"embeddable":true,"href":"https:\/\/radiorevelacionfm.cl\/index.php?rest_route=\/wp\/v2\/media\/36524"}],"wp:attachment":[{"href":"https:\/\/radiorevelacionfm.cl\/index.php?rest_route=%2Fwp%2Fv2%2Fmedia&parent=36523"}],"wp:term":[{"taxonomy":"category","embeddable":true,"href":"https:\/\/radiorevelacionfm.cl\/index.php?rest_route=%2Fwp%2Fv2%2Fcategories&post=36523"},{"taxonomy":"post_tag","embeddable":true,"href":"https:\/\/radiorevelacionfm.cl\/index.php?rest_route=%2Fwp%2Fv2%2Ftags&post=36523"}],"curies":[{"name":"wp","href":"https:\/\/api.w.org\/{rel}","templated":true}]}}