{"id":36520,"date":"2023-11-03T11:21:56","date_gmt":"2023-11-03T14:21:56","guid":{"rendered":"https:\/\/radiorevelacionfm.cl\/?p=36520"},"modified":"2023-11-03T11:21:56","modified_gmt":"2023-11-03T14:21:56","slug":"comunidades-educativas-de-islas-huichas-resuelven-sus-dudas-en-torno-a-los-servicios-locales-de-educacion","status":"publish","type":"post","link":"https:\/\/radiorevelacionfm.cl\/?p=36520","title":{"rendered":"Comunidades educativas de Islas Huichas resuelven sus dudas en torno a los Servicios Locales de Educaci\u00f3n"},"content":{"rendered":"<div class=\"flex_column av_one_full  flex_column_div av-zero-column-padding first  avia-builder-el-0  el_before_av_one_full  avia-builder-el-first  \" style='border-radius:0px; '><div  class='avia-image-container  av-styling-    avia-builder-el-1  avia-builder-el-no-sibling  avia-align-center '  itemprop=\"image\" itemscope=\"itemscope\" itemtype=\"https:\/\/schema.org\/ImageObject\"  ><div class='avia-image-container-inner'><div class='avia-image-overlay-wrap'><img decoding=\"async\" class='wp-image-36521 avia-img-lazy-loading-not-36521 avia_image' src=\"https:\/\/radiorevelacionfm.cl\/wp-content\/uploads\/2023\/11\/slep-huichas-5-1_optimized.jpeg\" alt='' title='slep-huichas-5-(1)_optimized' height=\"600\" width=\"1067\"  itemprop=\"thumbnailUrl\" srcset=\"https:\/\/radiorevelacionfm.cl\/wp-content\/uploads\/2023\/11\/slep-huichas-5-1_optimized.jpeg 1067w, https:\/\/radiorevelacionfm.cl\/wp-content\/uploads\/2023\/11\/slep-huichas-5-1_optimized-300x169.jpeg 300w, https:\/\/radiorevelacionfm.cl\/wp-content\/uploads\/2023\/11\/slep-huichas-5-1_optimized-1030x579.jpeg 1030w, https:\/\/radiorevelacionfm.cl\/wp-content\/uploads\/2023\/11\/slep-huichas-5-1_optimized-768x432.jpeg 768w, https:\/\/radiorevelacionfm.cl\/wp-content\/uploads\/2023\/11\/slep-huichas-5-1_optimized-705x396.jpeg 705w, https:\/\/radiorevelacionfm.cl\/wp-content\/uploads\/2023\/11\/slep-huichas-5-1_optimized-450x253.jpeg 450w, https:\/\/radiorevelacionfm.cl\/wp-content\/uploads\/2023\/11\/slep-huichas-5-1_optimized-600x337.jpeg 600w\" sizes=\"(max-width: 1067px) 100vw, 1067px\" \/><\/div><\/div><\/div><\/div><div class=\"flex_column av_one_full  flex_column_div av-zero-column-padding first  avia-builder-el-2  el_after_av_one_full  el_before_av_one_full  column-top-margin\" style='border-radius:0px; '><section class=\"av_textblock_section \"  itemscope=\"itemscope\" itemtype=\"https:\/\/schema.org\/BlogPosting\" itemprop=\"blogPost\" ><div class='avia_textblock  '   itemprop=\"text\" ><p style=\"text-align: center;\"><strong><span style=\"font-size: 18pt;\">Comunidades educativas de Islas Huichas resuelven sus dudas en torno a los Servicios Locales de Educaci\u00f3n<\/span><\/strong><\/p>\n<div id=\"gtx-trans\" style=\"position: absolute; left: -50px; top: 4.31534px;\">\n<div class=\"gtx-trans-icon\"><\/div>\n<\/div>\n<\/div><\/section><\/div><div class=\"flex_column av_one_full  flex_column_div av-zero-column-padding first  avia-builder-el-4  el_after_av_one_full  el_before_av_hr  column-top-margin\" style='border-radius:0px; '><section class=\"av_textblock_section \"  itemscope=\"itemscope\" itemtype=\"https:\/\/schema.org\/BlogPosting\" itemprop=\"blogPost\" ><div class='avia_textblock  '   itemprop=\"text\" ><p style=\"text-align: justify;\">A requerimiento de la comunidad, el Alcalde de Ays\u00e9n Julio Uribe, convoc\u00f3 al director ejecutivo del SLEP Sebasti\u00e1n Gonz\u00e1lez, a ser parte en reuniones con las comunidades educativas de la escuela Carlos Condell de Caleta Andrade y Pedro Aguirre Cerda de Puerto Aguirre.<\/p>\n<p style=\"text-align: justify;\">En la oportunidad, se despejaron todas las dudas en torno al nuevo sistema, que a contar del 2024 estar\u00e1 a cargo de la educaci\u00f3n p\u00fablica en nuestra regi\u00f3n. Siendo una de las principales inquietudes, si el liceo continuar\u00e1 una vez que se pongan en marcha los Servicio Locales de Educaci\u00f3n.<\/p>\n<p style=\"text-align: justify;\">\u201cUna de las grandes dudas era si continua el liceo, ah\u00ed se dio la seguridad y eso los ha dejado tranquilos. Esperar que todo lo que estamos haciendo, resulte de la mejor forma para tenga la continuidad el liceo y se mejore el establecimiento. La semana pasada firmamos los convenios para que la escuela Pedro Aguirre Cerda hoy liceo, tambi\u00e9n sea reparada\u201d, manifest\u00f3 el Alcalde de la comuna de Ays\u00e9n, Julio Uribe.<\/p>\n<p style=\"text-align: justify;\">En el dialogo con estudiantes, profesores, asistentes de la educaci\u00f3n, padres y apoderados, el director ejecutivo del SLEP, Sebasti\u00e1n Gonz\u00e1lez, afirm\u00f3 que este nuevo sistema busca mejorar la calidad de la educaci\u00f3n mediante un trabajo en conjunto.<\/p>\n<p style=\"text-align: justify;\">\u201cEn general, los apoderados tienen la inquietud de c\u00f3mo vamos a mejorar la calidad de la educaci\u00f3n en distintas dimensiones, primero la infraestructura en las necesidades que tienen los estudiantes, pero, sobre todo, en las necesidades de aprendizaje que ellos tienen. Tambi\u00e9n les hicimos ver que esto es participativo, esto lo vamos a construir de a poco, en conjunto, especialmente ac\u00e1 tienen la inquietud del liceo, que siga creciendo, que es muy importante para la comunidad. A partir de enero, todos los establecimientos que hoy dependen de los Municipios van a pasar a la nueva educaci\u00f3n p\u00fablica, esto es m\u00e1s que un cambio de administraci\u00f3n, esto es una invitaci\u00f3n a que so\u00f1emos la educaci\u00f3n p\u00fablica que queremos\u201d.<\/p>\n<p style=\"text-align: justify;\">La directora (s) de la escuela Pedro Aguirre Cerda de Puerto Aguirre, Karina Oliva, cree que para avanzar, hay dar prioridad a un trabajo colaborativo.<\/p>\n<p style=\"text-align: justify;\">\u201cYo creo que el trabajo colaborativo es lo que nos toca hacer ahora, sobre todo en lugares tan aislados como nosotros, entonces, es una muy buena iniciativa que ellos vengan ac\u00e1 y puedan estar interactuando con las personas, con los apoderados, con nuestras familias y tambi\u00e9n darles la tranquilidad que ellos necesitan, que es que, nosotros vamos a perdurar como ense\u00f1anza media, que es lo que muchas de las personas que viven en este territorio por a\u00f1os han pedido. Creo que es un muy buen inicio, esperamos que contin\u00fae as\u00ed y tambi\u00e9n darles la tranquilidad a nuestras familias, de que, va a estar todo bien y vamos a seguir adelante\u201d.<\/p>\n<p style=\"text-align: justify;\">Por su parte, H\u00e9ctor Toledo, presidente del centro de padres y apoderados de la escuela Pedro Aguirre Cerda, se mostr\u00f3 m\u00e1s tranquilo al poder resolver sus dudas, por ejemplo, respecto a la continuidad de la ense\u00f1anza media en la isla.<\/p>\n<p style=\"text-align: justify;\">\u201cUn poco m\u00e1s claro, se agradece al SLEP por haber venido y disipar todas las dudas que ten\u00edamos, porque est\u00e1bamos en el limbo de que iba a pasar con la administraci\u00f3n y gracias a esta reuni\u00f3n se aclararon todos los puntos y estamos m\u00e1s tranquilos para el pr\u00f3ximo a\u00f1o, a seguir trabajando para sacar adelante el pr\u00f3ximo a\u00f1o el tercero y el cuarto y as\u00ed poder tener la primera generaci\u00f3n de cuarto medio de Islas Huichas. Este es un cambio que como se ve en las noticias en el norte est\u00e1n en contra del cambio, entonces, todas esas dudas las ten\u00edamos nosotros, pero ac\u00e1 el director del SLEP don Sebasti\u00e1n Gonz\u00e1lez junto al Alcalde, nos dejaron m\u00e1s tranquilos, con ganas de seguir trabajando para sacar esto adelante\u201d.<\/p>\n<p style=\"text-align: justify;\">Las autoridades mostraron toda la disposici\u00f3n de continuar trabajando de la mano con los establecimientos educacionales, resolver las dudas de sus equipos, apoderados y estudiantes, con la finalidad de que la educaci\u00f3n p\u00fablica siga creciendo en bien de los y las estudiantes.<\/p>\n<\/div><\/section><\/div><div  style='height:50px' class='hr hr-invisible   avia-builder-el-6  el_after_av_one_full  el_before_av_social_share '><span class='hr-inner ' ><span class='hr-inner-style'><\/span><\/span><\/div><\/p>\n<div  class='av-social-sharing-box  avia-builder-el-7  el_after_av_hr  el_before_av_hr  '><div class='av-share-box'><h5 class='av-share-link-description av-no-toc '>Compartir esta noticia<\/h5><ul class='av-share-box-list noLightbox'><li class='av-share-link av-social-link-facebook' ><a target=\"_blank\" aria-label=\"Compartir en Facebook\" href='https:\/\/www.facebook.com\/sharer.php?u=https:\/\/radiorevelacionfm.cl\/?p=36520&#038;t=Comunidades%20educativas%20de%20Islas%20Huichas%20resuelven%20sus%20dudas%20en%20torno%20a%20los%20Servicios%20Locales%20de%20Educaci%C3%B3n' aria-hidden='false' data-av_icon='\ue8f3' data-av_iconfont='entypo-fontello' title='' data-avia-related-tooltip='Compartir en Facebook' rel=\"noopener\"><span class='avia_hidden_link_text'>Compartir en Facebook<\/span><\/a><\/li><li class='av-share-link av-social-link-twitter' ><a target=\"_blank\" aria-label=\"Compartir en Twitter\" href='https:\/\/twitter.com\/share?text=Comunidades%20educativas%20de%20Islas%20Huichas%20resuelven%20sus%20dudas%20en%20torno%20a%20los%20Servicios%20Locales%20de%20Educaci%C3%B3n&#038;url=https:\/\/radiorevelacionfm.cl\/?p=36520' aria-hidden='false' data-av_icon='\ue8f1' data-av_iconfont='entypo-fontello' title='' data-avia-related-tooltip='Compartir en Twitter' rel=\"noopener\"><span class='avia_hidden_link_text'>Compartir en Twitter<\/span><\/a><\/li><li class='av-share-link av-social-link-whatsapp' ><a target=\"_blank\" aria-label=\"Compartir en Whatsapp\" href='https:\/\/api.whatsapp.com\/send?text=https:\/\/radiorevelacionfm.cl\/?p=36520' aria-hidden='false' data-av_icon='\uf232' data-av_iconfont='entypo-fontello' title='' data-avia-related-tooltip='Compartir en Whatsapp' rel=\"noopener\"><span class='avia_hidden_link_text'>Compartir en Whatsapp<\/span><\/a><\/li><li class='av-share-link av-social-link-linkedin' ><a target=\"_blank\" aria-label=\"Compartir en LinkedIn\" href='https:\/\/linkedin.com\/shareArticle?mini=true&#038;title=Comunidades%20educativas%20de%20Islas%20Huichas%20resuelven%20sus%20dudas%20en%20torno%20a%20los%20Servicios%20Locales%20de%20Educaci%C3%B3n&#038;url=https:\/\/radiorevelacionfm.cl\/?p=36520' aria-hidden='false' data-av_icon='\ue8fc' data-av_iconfont='entypo-fontello' title='' data-avia-related-tooltip='Compartir en LinkedIn' rel=\"noopener\"><span class='avia_hidden_link_text'>Compartir en LinkedIn<\/span><\/a><\/li><li class='av-share-link av-social-link-mail' ><a  aria-label=\"Compartir por correo\" href='mailto:?subject=Comunidades%20educativas%20de%20Islas%20Huichas%20resuelven%20sus%20dudas%20en%20torno%20a%20los%20Servicios%20Locales%20de%20Educaci%C3%B3n&#038;body=https:\/\/radiorevelacionfm.cl\/?p=36520' aria-hidden='false' data-av_icon='\ue805' data-av_iconfont='entypo-fontello' title='' data-avia-related-tooltip='Compartir por correo'><span class='avia_hidden_link_text'>Compartir por correo<\/span><\/a><\/li><\/ul><\/div><\/div>\n<div  style='height:50px' class='hr hr-invisible   avia-builder-el-8  el_after_av_social_share  el_before_av_comments_list '><span class='hr-inner ' ><span class='hr-inner-style'><\/span><\/span><\/div>\n<div  class='av-buildercomment  av-blog-meta-html-info-disabled av-blog-meta-tag-disabled  '><\/div>\n","protected":false},"excerpt":{"rendered":"","protected":false},"author":1,"featured_media":36521,"comment_status":"open","ping_status":"open","sticky":false,"template":"","format":"standard","meta":{"footnotes":""},"categories":[38],"tags":[],"class_list":["post-36520","post","type-post","status-publish","format-standard","has-post-thumbnail","hentry","category-regional"],"jetpack_featured_media_url":"https:\/\/radiorevelacionfm.cl\/wp-content\/uploads\/2023\/11\/slep-huichas-5-1_optimized.jpeg","_links":{"self":[{"href":"https:\/\/radiorevelacionfm.cl\/index.php?rest_route=\/wp\/v2\/posts\/36520","targetHints":{"allow":["GET"]}}],"collection":[{"href":"https:\/\/radiorevelacionfm.cl\/index.php?rest_route=\/wp\/v2\/posts"}],"about":[{"href":"https:\/\/radiorevelacionfm.cl\/index.php?rest_route=\/wp\/v2\/types\/post"}],"author":[{"embeddable":true,"href":"https:\/\/radiorevelacionfm.cl\/index.php?rest_route=\/wp\/v2\/users\/1"}],"replies":[{"embeddable":true,"href":"https:\/\/radiorevelacionfm.cl\/index.php?rest_route=%2Fwp%2Fv2%2Fcomments&post=36520"}],"version-history":[{"count":1,"href":"https:\/\/radiorevelacionfm.cl\/index.php?rest_route=\/wp\/v2\/posts\/36520\/revisions"}],"predecessor-version":[{"id":36522,"href":"https:\/\/radiorevelacionfm.cl\/index.php?rest_route=\/wp\/v2\/posts\/36520\/revisions\/36522"}],"wp:featuredmedia":[{"embeddable":true,"href":"https:\/\/radiorevelacionfm.cl\/index.php?rest_route=\/wp\/v2\/media\/36521"}],"wp:attachment":[{"href":"https:\/\/radiorevelacionfm.cl\/index.php?rest_route=%2Fwp%2Fv2%2Fmedia&parent=36520"}],"wp:term":[{"taxonomy":"category","embeddable":true,"href":"https:\/\/radiorevelacionfm.cl\/index.php?rest_route=%2Fwp%2Fv2%2Fcategories&post=36520"},{"taxonomy":"post_tag","embeddable":true,"href":"https:\/\/radiorevelacionfm.cl\/index.php?rest_route=%2Fwp%2Fv2%2Ftags&post=36520"}],"curies":[{"name":"wp","href":"https:\/\/api.w.org\/{rel}","templated":true}]}}