{"id":3652,"date":"2021-04-29T16:19:24","date_gmt":"2021-04-29T19:19:24","guid":{"rendered":"https:\/\/radiorevelacionfm.cl\/?p=3652"},"modified":"2021-04-29T16:19:24","modified_gmt":"2021-04-29T19:19:24","slug":"subsecretario-de-transportes-inaugura-nuevo-servicio-subsidiado-entre-bahia-murta-y-coyhaique","status":"publish","type":"post","link":"https:\/\/radiorevelacionfm.cl\/?p=3652","title":{"rendered":"Subsecretario de Transportes inaugura nuevo servicio subsidiado entre Bah\u00eda Murta y Coyhaique"},"content":{"rendered":"<div class=\"flex_column av_one_full  flex_column_div av-zero-column-padding first  avia-builder-el-0  el_before_av_one_full  avia-builder-el-first  \" style='border-radius:0px; '><div  class='avia-image-container  av-styling-    avia-builder-el-1  avia-builder-el-no-sibling  avia-align-center '  itemprop=\"image\" itemscope=\"itemscope\" itemtype=\"https:\/\/schema.org\/ImageObject\"  ><div class='avia-image-container-inner'><div class='avia-image-overlay-wrap'><img decoding=\"async\" class='wp-image-0 avia-img-lazy-loading-not-0 avia_image' src=\"https:\/\/radiorevelacionfm.cl\/wp-content\/uploads\/2021\/04\/image-20-2_optimized.png\" alt='' title=''   itemprop=\"thumbnailUrl\"  \/><\/div><\/div><\/div><\/div><div class=\"flex_column av_one_full  flex_column_div av-zero-column-padding first  avia-builder-el-2  el_after_av_one_full  el_before_av_one_full  column-top-margin\" style='border-radius:0px; '><section class=\"av_textblock_section \"  itemscope=\"itemscope\" itemtype=\"https:\/\/schema.org\/BlogPosting\" itemprop=\"blogPost\" ><div class='avia_textblock  '   itemprop=\"text\" ><p style=\"text-align: center;\"><strong><span style=\"font-size: 18pt;\">Subsecretario de Transportes inaugura nuevo servicio subsidiado entre Bah\u00eda Murta y Coyhaique<\/span><\/strong><\/p>\n<div id=\"gtx-trans\" style=\"position: absolute; left: -50px; top: 4.31534px;\">\n<div class=\"gtx-trans-icon\"><\/div>\n<\/div>\n<\/div><\/section><\/div><div class=\"flex_column av_one_full  flex_column_div av-zero-column-padding first  avia-builder-el-4  el_after_av_one_full  el_before_av_hr  column-top-margin\" style='border-radius:0px; '><section class=\"av_textblock_section \"  itemscope=\"itemscope\" itemtype=\"https:\/\/schema.org\/BlogPosting\" itemprop=\"blogPost\" ><div class='avia_textblock  '   itemprop=\"text\" ><p style=\"font-weight: 400; text-align: justify;\">La autoridad del MTT visit\u00f3 distintas localidades de la cuenca del lago General Carrera y la comuna de Cochrane, para supervisar distintas iniciativas que mejoren la conectividad terrestre de sus habitantes.<\/p>\n<p style=\"font-weight: 400; text-align: justify;\">Este mi\u00e9rcoles 28 de abril el Subsecretario de Transportes, Jos\u00e9 Luis Dom\u00ednguez, inici\u00f3 una visita a la Regi\u00f3n de Ays\u00e9n, donde se traslad\u00f3 hasta el sector de Bah\u00eda Murta, comuna de R\u00edo Ib\u00e1\u00f1ez, para la puesta en marcha del nuevo servicio subsidiario que mejorar\u00e1 la conectividad entre ese sector y Coyhaique. En la oportunidad asisti\u00f3 el seremiTT Fabi\u00e1n Rojas, la gobernadora de la Provincia de General Carrera, el alcalde subrogante de la comuna de R\u00edo Ib\u00e1\u00f1ez Ignacio Carrasco, junto a habitantes de la localidad.<\/p>\n<p style=\"font-weight: 400; text-align: justify;\">Gracias a los recursos del denominado Fondo Espejo, el MTT dispuso un recorrido terrestre con un bus con capacidad para 18 pasajeros, equipado con cadenas para nieve, con dos frecuencias semanales, que prioriza el traslado de escolares de ense\u00f1anza media y contempla rebaja de tarifa para adultos mayores y estudiantes.<\/p>\n<p style=\"font-weight: 400; text-align: justify;\">Al respecto, el Subsecretario indic\u00f3 que una de las prioridades que se ha propuesto el Ministerio de Transportes y Telecomunicaciones ha sido mejorar la conectividad y entregar un servicio de transporte que les permita a los vecinos trasladarse de manera segura con itinerarios fijos, incluso en d\u00edas festivos, y una tarifa preestablecida.<\/p>\n<p style=\"font-weight: 400; text-align: justify;\">\u201cEstamos muy contentos porque vamos a tener un servicio de zonas aisladas desde Bah\u00eda Murta hasta Coyhaique. Este es un bus de 18 personas que va poder transportar a los habitantes de Bah\u00eda Murta, por un precio que es bastante m\u00f3dico, y que va tener dos servicios semanales; esto es muy importante porque las personas que viven en este lugar no ten\u00edan conectividad y gracias a este subsidio del ministerio de Transportes hoy d\u00eda van a poder estar conectados hacia Coyhaique\u201d indic\u00f3 Dom\u00ednguez.<\/p>\n<p style=\"font-weight: 400; text-align: justify;\">El seremiTT agreg\u00f3 que la implementaci\u00f3n del servicio es \u201cmuy importante para los murtinos y las murtinas. Por mucho tiempo tuvieron problemas para conectarse con Coyhaique, el bus que ven\u00eda desde Puerto S\u00e1nchez muchas veces no ten\u00eda espacio, o ten\u00edan que caminar 4 kil\u00f3metros para tomar un bus que ven\u00eda desde el sur. Hoy este subsidio es una realidad. Adem\u00e1s, nos acompa\u00f1\u00f3 en esta actividad el subsecretario que fue un apoyo importante para concretarlo\u201d.<\/p>\n<p style=\"font-weight: 400; text-align: justify;\">En representaci\u00f3n de los habitantes de Bah\u00eda Murta, Deyanira Mu\u00f1oz explic\u00f3 los problemas que enfrentaban cotidianamente sus vecinos: \u201cEn oportunidades ten\u00edamos que salir al cruce y eso significaba pagar un veh\u00edculo, esperando que nos lleven si es que ten\u00eda el cupo el bus, Muchas veces ten\u00edamos que devolvernos con la cara larga, con mucha tristeza, perd\u00edamos horas en el hospital\u201d.<\/p>\n<p style=\"font-weight: 400; text-align: justify;\">Finalmente, la vecina valor\u00f3 que el sector sea beneficiado con un subsidio de transportes que mejorar\u00e1 su calidad de vida: \u201cconsidero que este beneficio que nos llega hoy d\u00eda lo est\u00e1bamos esperando con muchas ganas hace mucho rato, porque para nosotros significa mucho, es un medio de transportes que nos facilita la vida para viajar.\u201d<\/p>\n<\/div><\/section><\/div><div  style='height:50px' class='hr hr-invisible   avia-builder-el-6  el_after_av_one_full  el_before_av_social_share '><span class='hr-inner ' ><span class='hr-inner-style'><\/span><\/span><\/div><\/p>\n<div  class='av-social-sharing-box  avia-builder-el-7  el_after_av_hr  el_before_av_hr  '><div class='av-share-box'><h5 class='av-share-link-description av-no-toc '>Compartir esta noticia<\/h5><ul class='av-share-box-list noLightbox'><li class='av-share-link av-social-link-facebook' ><a target=\"_blank\" aria-label=\"Compartir en Facebook\" href='https:\/\/www.facebook.com\/sharer.php?u=https:\/\/radiorevelacionfm.cl\/?p=3652&#038;t=Subsecretario%20de%20Transportes%20inaugura%20nuevo%20servicio%20subsidiado%20entre%20Bah%C3%ADa%20Murta%20y%20Coyhaique' aria-hidden='false' data-av_icon='\ue8f3' data-av_iconfont='entypo-fontello' title='' data-avia-related-tooltip='Compartir en Facebook' rel=\"noopener\"><span class='avia_hidden_link_text'>Compartir en Facebook<\/span><\/a><\/li><li class='av-share-link av-social-link-twitter' ><a target=\"_blank\" aria-label=\"Compartir en Twitter\" href='https:\/\/twitter.com\/share?text=Subsecretario%20de%20Transportes%20inaugura%20nuevo%20servicio%20subsidiado%20entre%20Bah%C3%ADa%20Murta%20y%20Coyhaique&#038;url=https:\/\/radiorevelacionfm.cl\/?p=3652' aria-hidden='false' data-av_icon='\ue8f1' data-av_iconfont='entypo-fontello' title='' data-avia-related-tooltip='Compartir en Twitter' rel=\"noopener\"><span class='avia_hidden_link_text'>Compartir en Twitter<\/span><\/a><\/li><li class='av-share-link av-social-link-whatsapp' ><a target=\"_blank\" aria-label=\"Compartir en Whatsapp\" href='https:\/\/api.whatsapp.com\/send?text=https:\/\/radiorevelacionfm.cl\/?p=3652' aria-hidden='false' data-av_icon='\uf232' data-av_iconfont='entypo-fontello' title='' data-avia-related-tooltip='Compartir en Whatsapp' rel=\"noopener\"><span class='avia_hidden_link_text'>Compartir en Whatsapp<\/span><\/a><\/li><li class='av-share-link av-social-link-linkedin' ><a target=\"_blank\" aria-label=\"Compartir en LinkedIn\" href='https:\/\/linkedin.com\/shareArticle?mini=true&#038;title=Subsecretario%20de%20Transportes%20inaugura%20nuevo%20servicio%20subsidiado%20entre%20Bah%C3%ADa%20Murta%20y%20Coyhaique&#038;url=https:\/\/radiorevelacionfm.cl\/?p=3652' aria-hidden='false' data-av_icon='\ue8fc' data-av_iconfont='entypo-fontello' title='' data-avia-related-tooltip='Compartir en LinkedIn' rel=\"noopener\"><span class='avia_hidden_link_text'>Compartir en LinkedIn<\/span><\/a><\/li><li class='av-share-link av-social-link-mail' ><a  aria-label=\"Compartir por correo\" href='mailto:?subject=Subsecretario%20de%20Transportes%20inaugura%20nuevo%20servicio%20subsidiado%20entre%20Bah%C3%ADa%20Murta%20y%20Coyhaique&#038;body=https:\/\/radiorevelacionfm.cl\/?p=3652' aria-hidden='false' data-av_icon='\ue805' data-av_iconfont='entypo-fontello' title='' data-avia-related-tooltip='Compartir por correo'><span class='avia_hidden_link_text'>Compartir por correo<\/span><\/a><\/li><\/ul><\/div><\/div>\n<div  style='height:50px' class='hr hr-invisible   avia-builder-el-8  el_after_av_social_share  el_before_av_comments_list '><span class='hr-inner ' ><span class='hr-inner-style'><\/span><\/span><\/div>\n<div  class='av-buildercomment  av-blog-meta-html-info-disabled av-blog-meta-tag-disabled  '><\/div>\n","protected":false},"excerpt":{"rendered":"","protected":false},"author":1,"featured_media":0,"comment_status":"open","ping_status":"open","sticky":false,"template":"","format":"standard","meta":{"footnotes":""},"categories":[59],"tags":[],"class_list":["post-3652","post","type-post","status-publish","format-standard","hentry","category-transporte"],"jetpack_featured_media_url":"","_links":{"self":[{"href":"https:\/\/radiorevelacionfm.cl\/index.php?rest_route=\/wp\/v2\/posts\/3652","targetHints":{"allow":["GET"]}}],"collection":[{"href":"https:\/\/radiorevelacionfm.cl\/index.php?rest_route=\/wp\/v2\/posts"}],"about":[{"href":"https:\/\/radiorevelacionfm.cl\/index.php?rest_route=\/wp\/v2\/types\/post"}],"author":[{"embeddable":true,"href":"https:\/\/radiorevelacionfm.cl\/index.php?rest_route=\/wp\/v2\/users\/1"}],"replies":[{"embeddable":true,"href":"https:\/\/radiorevelacionfm.cl\/index.php?rest_route=%2Fwp%2Fv2%2Fcomments&post=3652"}],"version-history":[{"count":1,"href":"https:\/\/radiorevelacionfm.cl\/index.php?rest_route=\/wp\/v2\/posts\/3652\/revisions"}],"predecessor-version":[{"id":3654,"href":"https:\/\/radiorevelacionfm.cl\/index.php?rest_route=\/wp\/v2\/posts\/3652\/revisions\/3654"}],"wp:attachment":[{"href":"https:\/\/radiorevelacionfm.cl\/index.php?rest_route=%2Fwp%2Fv2%2Fmedia&parent=3652"}],"wp:term":[{"taxonomy":"category","embeddable":true,"href":"https:\/\/radiorevelacionfm.cl\/index.php?rest_route=%2Fwp%2Fv2%2Fcategories&post=3652"},{"taxonomy":"post_tag","embeddable":true,"href":"https:\/\/radiorevelacionfm.cl\/index.php?rest_route=%2Fwp%2Fv2%2Ftags&post=3652"}],"curies":[{"name":"wp","href":"https:\/\/api.w.org\/{rel}","templated":true}]}}