{"id":36515,"date":"2023-11-03T13:14:48","date_gmt":"2023-11-03T16:14:48","guid":{"rendered":"https:\/\/radiorevelacionfm.cl\/?p=36515"},"modified":"2023-11-03T13:14:48","modified_gmt":"2023-11-03T16:14:48","slug":"autoridades-destacan-participacion-de-seleccionados-en-los-juegos-panamericanos-y-parapanamericanos","status":"publish","type":"post","link":"https:\/\/radiorevelacionfm.cl\/?p=36515","title":{"rendered":"Autoridades destacan participaci\u00f3n de seleccionados en los Juegos Panamericanos y Parapanamericanos"},"content":{"rendered":"<div class=\"flex_column av_one_full  flex_column_div av-zero-column-padding first  avia-builder-el-0  el_before_av_one_full  avia-builder-el-first  \" style='border-radius:0px; '><div  class='avia-image-container  av-styling-    avia-builder-el-1  avia-builder-el-no-sibling  avia-align-center '  itemprop=\"image\" itemscope=\"itemscope\" itemtype=\"https:\/\/schema.org\/ImageObject\"  ><div class='avia-image-container-inner'><div class='avia-image-overlay-wrap'><img decoding=\"async\" class='wp-image-35647 avia-img-lazy-loading-not-35647 avia_image' src=\"https:\/\/radiorevelacionfm.cl\/wp-content\/uploads\/2023\/10\/img_3209-1_optimized.jpg\" alt='' title='img_3209-(1)_optimized' height=\"600\" width=\"900\"  itemprop=\"thumbnailUrl\" srcset=\"https:\/\/radiorevelacionfm.cl\/wp-content\/uploads\/2023\/10\/img_3209-1_optimized.jpg 900w, https:\/\/radiorevelacionfm.cl\/wp-content\/uploads\/2023\/10\/img_3209-1_optimized-300x200.jpg 300w, https:\/\/radiorevelacionfm.cl\/wp-content\/uploads\/2023\/10\/img_3209-1_optimized-768x512.jpg 768w, https:\/\/radiorevelacionfm.cl\/wp-content\/uploads\/2023\/10\/img_3209-1_optimized-705x470.jpg 705w, https:\/\/radiorevelacionfm.cl\/wp-content\/uploads\/2023\/10\/img_3209-1_optimized-450x300.jpg 450w, https:\/\/radiorevelacionfm.cl\/wp-content\/uploads\/2023\/10\/img_3209-1_optimized-600x400.jpg 600w\" sizes=\"(max-width: 900px) 100vw, 900px\" \/><\/div><\/div><\/div><\/div><div class=\"flex_column av_one_full  flex_column_div av-zero-column-padding first  avia-builder-el-2  el_after_av_one_full  el_before_av_one_full  column-top-margin\" style='border-radius:0px; '><section class=\"av_textblock_section \"  itemscope=\"itemscope\" itemtype=\"https:\/\/schema.org\/BlogPosting\" itemprop=\"blogPost\" ><div class='avia_textblock  '   itemprop=\"text\" ><p style=\"text-align: center;\"><strong><span style=\"font-size: 18pt;\">Autoridades destacan participaci\u00f3n de seleccionados en los Juegos Panamericanos y Parapanamericanos<\/span><\/strong><\/p>\n<div id=\"gtx-trans\" style=\"position: absolute; left: -50px; top: 4.31534px;\">\n<div class=\"gtx-trans-icon\"><\/div>\n<\/div>\n<\/div><\/section><\/div><div class=\"flex_column av_one_full  flex_column_div av-zero-column-padding first  avia-builder-el-4  el_after_av_one_full  el_before_av_hr  column-top-margin\" style='border-radius:0px; '><section class=\"av_textblock_section \"  itemscope=\"itemscope\" itemtype=\"https:\/\/schema.org\/BlogPosting\" itemprop=\"blogPost\" ><div class='avia_textblock  '   itemprop=\"text\" ><p style=\"font-weight: 400; text-align: justify;\">La seremi del deporte, Mar\u00eda Eugenia Duran, y el delegado presidencial Rodrigo Araya, destacaron la participaci\u00f3n de los 7 deportistas de la regi\u00f3n en los Juegos Panamericanos y Parapanamericanos Santiago 2023, se\u00f1alando que el solo hecho de llegar a esta alto nivel de competencia internacional, demuestra el valor de la preparaci\u00f3n y las capacidades de Jos\u00e9 Luis Rodr\u00edguez Aguilar (ciclismo), Sebasti\u00e1n P\u00e9rez Millacura y Camila Lagos Vera (judo), Lisa Montecinos Ponce, Yolanda Mu\u00f1oz Pinilla y Manuel Bahamonde Jara (esgrima) y Manuel Echaveguren Far\u00edas (tenis de mesa Parapanamericano)<\/p>\n<p style=\"font-weight: 400; text-align: justify;\">\u201cComo Seremi del Deporte estamos muy contentos y queremos relevar los resultados que nuestros deportistas est\u00e1n alcanzando, quienes se est\u00e1n midiendo con los mejores del continente\u201d, afirm\u00f3 la seremi, agregando que \u201cesto es fruto de su trabajo, del esfuerzo diario que cada uno de ellos realiza y nos llena de orgullo ser parte de este camino que est\u00e1n recorriendo, junto a sus familias, sus t\u00e9cnicos y clubes deportivos\u201d.<\/p>\n<p style=\"font-weight: 400; text-align: justify;\">La seremi del deporte destac\u00f3 que los 7 seleccionados han sido parte de los programas que financia el Estado a trav\u00e9s del Instituto de Deportes (IND) en nuestra regi\u00f3n. Asimismo, se\u00f1al\u00f3 que fueron detectados como talentos para integrar el programa de formaci\u00f3n de j\u00f3venes en el alto rendimiento, denominado Promesas Chile, el cual se mantiene actualmente funcionando en la regi\u00f3n con las disciplinas de judo, esgrima y tenis de mesa.<\/p>\n<p style=\"font-weight: 400; text-align: justify;\">Por su parte, el delegado presidencial Rodrigo Araya mencion\u00f3 que la organizaci\u00f3n de los Juegos Panamericanos y Parapanamericanos, ha causado un impacto positivo en todo el pa\u00eds, por lo que la participaci\u00f3n de los deportistas regionales es un motivo de orgullo para nuestra comunidad. \u201cPara nuestro Gobierno los Juegos Santiago 2023 son una instancia de uni\u00f3n de todas las personas en todo el pa\u00eds y estamos muy contentos porque no solo en las ciudades en que se est\u00e1n desarrollando los juegos han tenido participaci\u00f3n las personas, sino que tambi\u00e9n en nuestra regi\u00f3n, partiendo por el recorrido de la antorcha y en la atenci\u00f3n puesta en la participaci\u00f3n de los 7 deportistas regionales. Es muy relevante que personas de nuestra regi\u00f3n, con su esfuerzo, con su dedicaci\u00f3n, demuestren que se puede llegar a ese nivel, habitando aqu\u00ed en nuestro territorio\u201d, coment\u00f3.<\/p>\n<p style=\"font-weight: 400; text-align: justify;\">Finalmente, ambas autoridades llamaron a considerar el impacto individual y social del deporte en la vida de las personas, se\u00f1alando que para los j\u00f3venes, para las ni\u00f1as y ni\u00f1os que eligen el deporte, encuentran en \u00e9l un camino de desarrollo, de superaci\u00f3n personal, que hoy cuenta adem\u00e1s con el ejemplo inspirador de nuestros siete seleccionados en Santiago 2023, felicitando y agradeciendo el esfuerzo que los han llevado a esta instancia internacional.<\/p>\n<\/div><\/section><\/div><div  style='height:50px' class='hr hr-invisible   avia-builder-el-6  el_after_av_one_full  el_before_av_social_share '><span class='hr-inner ' ><span class='hr-inner-style'><\/span><\/span><\/div><\/p>\n<div  class='av-social-sharing-box  avia-builder-el-7  el_after_av_hr  el_before_av_hr  '><div class='av-share-box'><h5 class='av-share-link-description av-no-toc '>Compartir esta noticia<\/h5><ul class='av-share-box-list noLightbox'><li class='av-share-link av-social-link-facebook' ><a target=\"_blank\" aria-label=\"Compartir en Facebook\" href='https:\/\/www.facebook.com\/sharer.php?u=https:\/\/radiorevelacionfm.cl\/?p=36515&#038;t=Autoridades%20destacan%20participaci%C3%B3n%20de%20seleccionados%20en%20los%20Juegos%20Panamericanos%20y%20Parapanamericanos' aria-hidden='false' data-av_icon='\ue8f3' data-av_iconfont='entypo-fontello' title='' data-avia-related-tooltip='Compartir en Facebook' rel=\"noopener\"><span class='avia_hidden_link_text'>Compartir en Facebook<\/span><\/a><\/li><li class='av-share-link av-social-link-twitter' ><a target=\"_blank\" aria-label=\"Compartir en Twitter\" href='https:\/\/twitter.com\/share?text=Autoridades%20destacan%20participaci%C3%B3n%20de%20seleccionados%20en%20los%20Juegos%20Panamericanos%20y%20Parapanamericanos&#038;url=https:\/\/radiorevelacionfm.cl\/?p=36515' aria-hidden='false' data-av_icon='\ue8f1' data-av_iconfont='entypo-fontello' title='' data-avia-related-tooltip='Compartir en Twitter' rel=\"noopener\"><span class='avia_hidden_link_text'>Compartir en Twitter<\/span><\/a><\/li><li class='av-share-link av-social-link-whatsapp' ><a target=\"_blank\" aria-label=\"Compartir en Whatsapp\" href='https:\/\/api.whatsapp.com\/send?text=https:\/\/radiorevelacionfm.cl\/?p=36515' aria-hidden='false' data-av_icon='\uf232' data-av_iconfont='entypo-fontello' title='' data-avia-related-tooltip='Compartir en Whatsapp' rel=\"noopener\"><span class='avia_hidden_link_text'>Compartir en Whatsapp<\/span><\/a><\/li><li class='av-share-link av-social-link-linkedin' ><a target=\"_blank\" aria-label=\"Compartir en LinkedIn\" href='https:\/\/linkedin.com\/shareArticle?mini=true&#038;title=Autoridades%20destacan%20participaci%C3%B3n%20de%20seleccionados%20en%20los%20Juegos%20Panamericanos%20y%20Parapanamericanos&#038;url=https:\/\/radiorevelacionfm.cl\/?p=36515' aria-hidden='false' data-av_icon='\ue8fc' data-av_iconfont='entypo-fontello' title='' data-avia-related-tooltip='Compartir en LinkedIn' rel=\"noopener\"><span class='avia_hidden_link_text'>Compartir en LinkedIn<\/span><\/a><\/li><li class='av-share-link av-social-link-mail' ><a  aria-label=\"Compartir por correo\" href='mailto:?subject=Autoridades%20destacan%20participaci%C3%B3n%20de%20seleccionados%20en%20los%20Juegos%20Panamericanos%20y%20Parapanamericanos&#038;body=https:\/\/radiorevelacionfm.cl\/?p=36515' aria-hidden='false' data-av_icon='\ue805' data-av_iconfont='entypo-fontello' title='' data-avia-related-tooltip='Compartir por correo'><span class='avia_hidden_link_text'>Compartir por correo<\/span><\/a><\/li><\/ul><\/div><\/div>\n<div  style='height:50px' class='hr hr-invisible   avia-builder-el-8  el_after_av_social_share  el_before_av_comments_list '><span class='hr-inner ' ><span class='hr-inner-style'><\/span><\/span><\/div>\n<div  class='av-buildercomment  av-blog-meta-html-info-disabled av-blog-meta-tag-disabled  '><\/div>\n","protected":false},"excerpt":{"rendered":"","protected":false},"author":1,"featured_media":35647,"comment_status":"open","ping_status":"open","sticky":false,"template":"","format":"standard","meta":{"footnotes":""},"categories":[40],"tags":[],"class_list":["post-36515","post","type-post","status-publish","format-standard","has-post-thumbnail","hentry","category-deportes"],"jetpack_featured_media_url":"https:\/\/radiorevelacionfm.cl\/wp-content\/uploads\/2023\/10\/img_3209-1_optimized.jpg","_links":{"self":[{"href":"https:\/\/radiorevelacionfm.cl\/index.php?rest_route=\/wp\/v2\/posts\/36515","targetHints":{"allow":["GET"]}}],"collection":[{"href":"https:\/\/radiorevelacionfm.cl\/index.php?rest_route=\/wp\/v2\/posts"}],"about":[{"href":"https:\/\/radiorevelacionfm.cl\/index.php?rest_route=\/wp\/v2\/types\/post"}],"author":[{"embeddable":true,"href":"https:\/\/radiorevelacionfm.cl\/index.php?rest_route=\/wp\/v2\/users\/1"}],"replies":[{"embeddable":true,"href":"https:\/\/radiorevelacionfm.cl\/index.php?rest_route=%2Fwp%2Fv2%2Fcomments&post=36515"}],"version-history":[{"count":1,"href":"https:\/\/radiorevelacionfm.cl\/index.php?rest_route=\/wp\/v2\/posts\/36515\/revisions"}],"predecessor-version":[{"id":36516,"href":"https:\/\/radiorevelacionfm.cl\/index.php?rest_route=\/wp\/v2\/posts\/36515\/revisions\/36516"}],"wp:featuredmedia":[{"embeddable":true,"href":"https:\/\/radiorevelacionfm.cl\/index.php?rest_route=\/wp\/v2\/media\/35647"}],"wp:attachment":[{"href":"https:\/\/radiorevelacionfm.cl\/index.php?rest_route=%2Fwp%2Fv2%2Fmedia&parent=36515"}],"wp:term":[{"taxonomy":"category","embeddable":true,"href":"https:\/\/radiorevelacionfm.cl\/index.php?rest_route=%2Fwp%2Fv2%2Fcategories&post=36515"},{"taxonomy":"post_tag","embeddable":true,"href":"https:\/\/radiorevelacionfm.cl\/index.php?rest_route=%2Fwp%2Fv2%2Ftags&post=36515"}],"curies":[{"name":"wp","href":"https:\/\/api.w.org\/{rel}","templated":true}]}}