{"id":36512,"date":"2023-11-03T12:11:43","date_gmt":"2023-11-03T15:11:43","guid":{"rendered":"https:\/\/radiorevelacionfm.cl\/?p=36512"},"modified":"2023-11-03T12:11:43","modified_gmt":"2023-11-03T15:11:43","slug":"emotivo-homenaje-realizaron-desde-el-sector-laboral-a-dirigentes-y-dirigentas-sindicales-de-la-decada-del-80","status":"publish","type":"post","link":"https:\/\/radiorevelacionfm.cl\/?p=36512","title":{"rendered":"Emotivo homenaje realizaron desde el sector laboral a dirigentes y dirigentas sindicales de la d\u00e9cada del \u00b480"},"content":{"rendered":"<div class=\"flex_column av_one_full  flex_column_div av-zero-column-padding first  avia-builder-el-0  el_before_av_one_full  avia-builder-el-first  \" style='border-radius:0px; '><div  class='avia-image-container  av-styling-    avia-builder-el-1  avia-builder-el-no-sibling  avia-align-center '  itemprop=\"image\" itemscope=\"itemscope\" itemtype=\"https:\/\/schema.org\/ImageObject\"  ><div class='avia-image-container-inner'><div class='avia-image-overlay-wrap'><img decoding=\"async\" class='wp-image-36513 avia-img-lazy-loading-not-36513 avia_image' src=\"https:\/\/radiorevelacionfm.cl\/wp-content\/uploads\/2023\/11\/Reconocimiento-a-Dirigentes-y-Dirigentas-Decada-80_2-1-1.jpg\" alt='' title='Reconocimiento a Dirigentes y Dirigentas Decada 80_2 (1) (1)' height=\"600\" width=\"831\"  itemprop=\"thumbnailUrl\" srcset=\"https:\/\/radiorevelacionfm.cl\/wp-content\/uploads\/2023\/11\/Reconocimiento-a-Dirigentes-y-Dirigentas-Decada-80_2-1-1.jpg 831w, https:\/\/radiorevelacionfm.cl\/wp-content\/uploads\/2023\/11\/Reconocimiento-a-Dirigentes-y-Dirigentas-Decada-80_2-1-1-300x217.jpg 300w, https:\/\/radiorevelacionfm.cl\/wp-content\/uploads\/2023\/11\/Reconocimiento-a-Dirigentes-y-Dirigentas-Decada-80_2-1-1-768x555.jpg 768w, https:\/\/radiorevelacionfm.cl\/wp-content\/uploads\/2023\/11\/Reconocimiento-a-Dirigentes-y-Dirigentas-Decada-80_2-1-1-705x509.jpg 705w, https:\/\/radiorevelacionfm.cl\/wp-content\/uploads\/2023\/11\/Reconocimiento-a-Dirigentes-y-Dirigentas-Decada-80_2-1-1-450x325.jpg 450w, https:\/\/radiorevelacionfm.cl\/wp-content\/uploads\/2023\/11\/Reconocimiento-a-Dirigentes-y-Dirigentas-Decada-80_2-1-1-600x433.jpg 600w\" sizes=\"(max-width: 831px) 100vw, 831px\" \/><\/div><\/div><\/div><\/div><div class=\"flex_column av_one_full  flex_column_div av-zero-column-padding first  avia-builder-el-2  el_after_av_one_full  el_before_av_one_full  column-top-margin\" style='border-radius:0px; '><section class=\"av_textblock_section \"  itemscope=\"itemscope\" itemtype=\"https:\/\/schema.org\/BlogPosting\" itemprop=\"blogPost\" ><div class='avia_textblock  '   itemprop=\"text\" ><p class=\"v1MsoNormal\" style=\"text-align: center;\" align=\"center\"><span style=\"font-size: 18pt;\"><b><span lang=\"ES\">Emotivo homenaje realizaron desde el sector laboral a dirigentes y dirigentas sindicales de la d\u00e9cada del \u00b480<\/span><\/b><\/span><\/p>\n<p class=\"v1MsoNormal\" style=\"text-align: center;\"><span lang=\"ES\" style=\"font-size: 18pt;\">\u00a0<\/span><\/p>\n<div id=\"gtx-trans\" style=\"position: absolute; left: -50px; top: 4.31534px;\">\n<div class=\"gtx-trans-icon\"><\/div>\n<\/div>\n<\/div><\/section><\/div><div class=\"flex_column av_one_full  flex_column_div av-zero-column-padding first  avia-builder-el-4  el_after_av_one_full  el_before_av_hr  column-top-margin\" style='border-radius:0px; '><section class=\"av_textblock_section \"  itemscope=\"itemscope\" itemtype=\"https:\/\/schema.org\/BlogPosting\" itemprop=\"blogPost\" ><div class='avia_textblock  '   itemprop=\"text\" ><p class=\"v1MsoNormal\" style=\"text-align: justify;\"><span lang=\"ES\">En una emotiva ceremonia con familiares y autoridades se realiz\u00f3 un merecido reconocimiento a 14 dirigentes y dirigentas del sector privado 1980-1990 liderado por el Seremi de Trabajo y Previsi\u00f3n Social, Rodrigo D\u00edaz Cordaro y la Direcci\u00f3n del Trabajo, representado por su Director regional(s), Christian Aros Troncoso, en el contexto de\u00a0<a href=\"https:\/\/www.facebook.com\/hashtag\/50a%C3%B1os?__eep__=6&amp;__cft__%5b0%5d=AZV-hPAgpSvXtj2HAwSLa_4ylaS9TNB__qydfjEN95vAZELIAb3ZYy0H0Atl6kbEKVswtQyfxcrcnnd77aKES67DVh6DpqiibmyUGivzu4Tl0FYjQ81s_ZZAz2mHmKlyyUE8RZNhDfAOMFMYSeniUdCjHSPS1IMmypCoueO5vxwxWZtnw4elIO9ZYtSkUvWEWEg&amp;__tn__=*NK-R\" target=\"_blank\" rel=\"noopener noreferrer\">50 A\u00f1os<\/a>, Dictadura y Recuperaci\u00f3n de la Democracia, destacando su gran valent\u00eda por la lucha por los derechos laborales, con el prop\u00f3sito de recuperar la memoria con miras al futuro democr\u00e1tico.<\/span><\/p>\n<p class=\"v1MsoNormal\" style=\"text-align: justify;\"><span lang=\"ES\">As\u00ed lo destac\u00f3 el Delegado Presidencial Regional de Ays\u00e9n, Rodrigo Araya Morales, valorando la memoria y su importancia para la democracia, \u00abLa memoria es fundamental para mantener la importancia en las nuevas generaciones de la democracia, de lo que implica para el futuro el que nuestro pa\u00eds mantenga las condiciones democr\u00e1ticas, donde las personas sean reconocidas como iguales y no que existan momentos en que alg\u00fan grupo prevalezca sobre otro quit\u00e1ndole derechos a esas personas\u00bb, enfatiz\u00f3, teniendo en cuenta que esta ceremonia se basa en los tres ejes definidos por el Gobierno del Presidente Gabriel Boric, en la Conmemoraci\u00f3n de los 50 a\u00f1os del Golpe c\u00edvico-militar: Memoria, Democracia y Futuro.<\/span><\/p>\n<p class=\"v1MsoNormal\" style=\"text-align: justify;\"><span lang=\"ES\">\u00abComo Gobierno Regional de Ays\u00e9n es muy importante ser parte de estos espacios de memoria, espacios que nos invitan adem\u00e1s a reconocer a aquellas personas de nuestra regi\u00f3n que durante esa \u00e9poca oscura de dictadura arriesgaron su vida y pasaron situaciones conflictivas, con su familia, con el propio Estado. Eso tiene que reconocer se y tiene que reconocerse en vida. Estos actos tambi\u00e9n son parte de la reparaci\u00f3n que cada persona, que cada ser humano requiere. El Estado chileno ha estado al debe en materia de derechos humanos, sobre todo para aquellas personas que fueron v\u00edctimas o sus familiares v\u00edctimas de los atropellos de la dictadura c\u00edvico militar. En ese sentido, es importante avanzar en reparaci\u00f3n. Quiero destacar, adem\u00e1s, el trabajo que se ha realizado desde los distintos sectores del Gobierno nacional, ante la conmemoraci\u00f3n de estos 50 a\u00f1os que ha permitido poner en la agenda p\u00fablica, pero adem\u00e1s traer a la memoria muchas situaciones que la historia ha tratado de ocultar\u00bb, mencion\u00f3 a su vez la Gobernadora Regional de Ays\u00e9n, Andrea Mac\u00edas Palma.<\/span><\/p>\n<p class=\"v1MsoNormal\" style=\"text-align: justify;\"><span lang=\"ES\">A su vez, el Seremi de Trabajo y Previsi\u00f3n Social, Rodrigo D\u00edaz Cordaro, detall\u00f3 sobre el rescate hist\u00f3rico que se realiz\u00f3, \u00abPara el Gobierno del Presidente Boric, para nuestro Ministerio de Trabajo y Previsi\u00f3n Social con la Direcci\u00f3n del Trabajo es un deber este trabajo que se ha hecho. No fue f\u00e1cil, fue muy dif\u00edcil, hubo que buscar mucho y poca informaci\u00f3n hab\u00eda, porque el que ten\u00eda informaci\u00f3n de aquella \u00e9poca, su vida corr\u00eda peligro. Eso es lo significativo de todo esto, estar con muchos dirigentes ya de 80 y tantos a\u00f1os. Eso nos permiten hoy d\u00eda a nosotros estar hablando de democracia y tratando de construir m\u00e1s y mejor democracia, porque finalmente nuestro Gobierno lo que quiere es que tengamos hombres, hombres libres e iguales y hermanos\u00bb, afirm\u00f3.<\/span><\/p>\n<p class=\"v1MsoNormal\" style=\"text-align: justify;\"><span lang=\"ES\">En este sentido, para este reconocimiento se realiz\u00f3 una investigaci\u00f3n por parte de la Seremi de Trabajo y Previsi\u00f3n Social Ays\u00e9n, la Direcci\u00f3n Regional del Trabajo Ays\u00e9n y su Inspecci\u00f3n del Trabajo Provincial de Ays\u00e9n, en los archivos existentes de los sindicatos del sector privado de la Regi\u00f3n de Ays\u00e9n, existiendo muy pocos registros. Por ello, se realiz\u00f3 conversaciones y b\u00fasqueda a trav\u00e9s de otros dirigentes de la \u00e9poca y posteriores, destacando la importancia de realizar un reconocimiento en vida y rescate de sus testimonios.<\/span><\/p>\n<p class=\"v1MsoNormal\" style=\"text-align: justify;\"><span lang=\"ES\">Para el Director regional(s) del Trabajo, Christian Aros Troncoso, este homenaje es parte del acompa\u00f1amiento institucional que realiza la instituci\u00f3n, \u00abComo Direcci\u00f3n del Trabajo en las puertas de nuestro centenario que celebramos el pr\u00f3ximo a\u00f1o, es fundamental reconocer el trabajo de las dirigentas y dirigentes sindicales de una de las \u00e9pocas m\u00e1s oscuras de nuestra historia reciente. Por eso que hoy d\u00eda hemos querido reconocerla y reconocerlos en este peque\u00f1o y emotivo acto, porque junto a ellos hemos transitado tanto esa historia como el futuro. Nuestro compromiso es seguirlos acompa\u00f1ando en estos nuevos 100 a\u00f1os que nos esperan\u00bb.<\/span><\/p>\n<p class=\"v1MsoNormal\" style=\"text-align: justify;\"><strong><u><span lang=\"ES\">Memoria y reconocimiento sindical<\/span><\/u><\/strong><\/p>\n<p class=\"v1MsoNormal\" style=\"text-align: justify;\"><span lang=\"ES\">\u00abPara m\u00ed es lo m\u00e1s hermoso porque se reconoce a las personas que en dictadura tuvimos la suerte de integrar el primer sindicato, de la empresa Fr\u00edo Sur. Para m\u00ed fue muy hermoso este reconocimiento y reconozco tambi\u00e9n a todas las personas que nos acompa\u00f1an y a mi se\u00f1ora especialmente, fue lo m\u00e1s hermoso\u00bb,\u00a0Alfo\u00edno Seguel Carrillo. Sindicato Fr\u00edo Sur.<\/span><\/p>\n<p class=\"v1MsoNormal\" style=\"text-align: justify;\"><span lang=\"ES\">\u00abEstoy agradecida, muy agradecida y tambi\u00e9n de este Gobierno y de estas direcciones que han podido asumir toda esta tarea grande que les toc\u00f3 tambi\u00e9n vivir los 50 a\u00f1os del Golpe, de conmemorar, de poder hacer varios sitios de memoria para que esto quede sellado en la sociedad. Que esto sucedi\u00f3, que no es una mentira, que fue algo que lo vivimos, que vivimos la p\u00e9rdida de nuestros familiares, de nuestros amigos, de nuestros dirigentes, que todo esto es verdad, esto lo considero muy importante\u00bb,\u00a0Filomena Vargas, Departamento femenino del Sindicato Construcci\u00f3n.<\/span><\/p>\n<p class=\"v1MsoNormal\" style=\"text-align: justify;\"><span lang=\"ES\">\u00abDespu\u00e9s vino la Dictadura que nos trajo muchas penurias, crimen, torturas, desapariciones de compa\u00f1eros dirigentes y eso no debemos nunca olvidar. Siempre recordar que tenemos compa\u00f1eros que hasta el d\u00eda de hoy no aparecen. Seg\u00fan el Informe Rettig hay 87 dirigentes o dirigentas desaparecidos o asesinadas y todos sabemos que son muchos m\u00e1s\u00bb,\u00a0Leopoldo Vera, Sindicato Fr\u00edo Sur.<\/span><\/p>\n<p class=\"v1MsoNormal\" style=\"text-align: justify;\"><strong><span lang=\"ES\">Los 14 dirigentes y dirigentas reconocidos fueron:<\/span><\/strong><\/p>\n<p class=\"v1MsoNormal\" style=\"text-align: justify;\"><span lang=\"ES\">Rom\u00e1n Aguilar Paredes, del Sindicato de Puerto Cristal, en los a\u00f1os \u00b470 y posteriores, representado por su se\u00f1ora, Carmen Segovia.\u00a0 \u00d3scar Mu\u00f1oz Coronado. Sindicato de Trabajadores Transitorio de la Construcci\u00f3n de la Provincia de Ays\u00e9n, parte de la directiva de 1983. Alfredo Huenchur Levill, del Sindicato de Estibadores y Desestibadores, de los a\u00f1os \u00b480.<\/span><\/p>\n<p class=\"v1MsoNormal\" style=\"text-align: justify;\"><span lang=\"ES\">Uno de los nuevos sindicatos que surgieron en plena dictadura fue el de Fr\u00edo Sur de Puerto Chacabuco, del cual se reconoci\u00f3 a Alfo\u00edno Seguel Carrillo, de la Directiva de 1988, Leopoldo Vera Mansilla y Jorge Barr\u00eda C\u00e1rcamo, de la directiva de 1989.<\/span><\/p>\n<p class=\"v1MsoNormal\" style=\"text-align: justify;\"><span lang=\"ES\">Uno de los Sindicatos que dej\u00f3 de funcionar tras el Golpe pero logr\u00f3 reunirse e ir cambiando de personalidad jur\u00eddica para mantenerse vigente, fue el Sindicato de la Construcci\u00f3n de Coyhaique. Uno de los grandes atentados en nuestra Regi\u00f3n de Ays\u00e9n fue el 6 de noviembre de 1987 cuando la CNI incendi\u00f3 la sede del sindicato. Entre sus dirigentes reconocidos de los a\u00f1os &#8217;80 fue Alfredo Jerez Meza; Filomena Vargas Millalonco, dirigenta del departamento femenino y la agrupaci\u00f3n de Mujeres por la Vida Ays\u00e9n; y Luis Gonz\u00e1lez, dirigente de la pesca en Puerto Montt y posteriormente del Sindicato de la Construcci\u00f3n y de la CUT.<\/span><\/p>\n<p class=\"v1MsoNormal\" style=\"text-align: justify;\"><span lang=\"ES\">En los a\u00f1os \u00b480 y \u00b490 las dirigencias eran en general realizadas por hombres, sin embargo, hay muchas mujeres que tambi\u00e9n participaron, desde distintos \u00e1mbitos ligados al mundo laboral. Entre ellas, se reconocieron a Eliana \u00c1lvarez Ojeda, profesora de formaci\u00f3n, delegada Consejo Gremial Escuela E n\u00b035, quien fue representada por su hija Patricia Jaramillo \u00c1lvarez. Lola Herrera Donoso, dirigenta social junto a su madre, ligada a trabajadores cesantes, independientes y artesanos, apoyando a emprendimientos laborales y comercio local. Mercedes Mayorga P\u00e9rez, Dirigente de la Universidad T\u00e9cnica del Estado y dirigenta social.<\/span><\/p>\n<p class=\"v1MsoNormal\" style=\"text-align: justify;\"><span lang=\"ES\">Una de las trabajadoras que fue parte de una directiva formalmente, fue Gladys Trivi\u00f1o Contreras, m\u00e1s conocida como Lili Trivi\u00f1o, del Sindicato Telef\u00f3nica Coyhaique, parte de la directiva del a\u00f1o 1988, representada por el presidente actual del Sindicato Telef\u00f3nica del Sur, Rub\u00e9n Galaz. Galaz al recibir el reconocimiento de Lili, valor\u00f3 la importancia de este reconocimiento a los dirigentes de los a\u00f1os \u00b480 porque ellos abriendo el camino y gracias a sus esfuerzos se pudo mantener y recuperar los derechos sindicales.<\/span><\/p>\n<p class=\"v1MsoNormal\" style=\"text-align: justify;\"><span lang=\"ES\">Finalmente, se reconoci\u00f3 a Walter Ram\u00edrez Codoceo, primer presidente oficial de la CUT post dictadura luego de realizarse un Congreso Constituyente de la Central Unitaria de Trabajadores, CUT. Si bien su dirigencia fue en la CUT de los &#8217;90, el ser el primer presidente de esta organizaci\u00f3n es el reflejo y consolidaci\u00f3n de la recuperaci\u00f3n de los derechos sindicales. Fue representado por su hijo, Pablo Ram\u00edrez<\/span><\/p>\n<p class=\"v1MsoNormal\" style=\"text-align: justify;\"><span lang=\"ES\">En la ceremonia se homenaje\u00f3 a dirigentes de Puerto Ays\u00e9n, Puerto Chacabuco, Puerto Cristal, Chile Chico y Coyhaique, participando diversas autoridades, tales como la Gobernadora Regional, Andrea Mac\u00edas, Delegado Presidencial Regional, Rodrigo Araya; Delegado Provincial de Ays\u00e9n, Jorge D\u00edaz, Seremi Rodrigo Diaz Cordaro, Director regional(s) del trabajo, Christian Aros;\u00a0<a href=\"https:\/\/www.facebook.com\/MinjuddhhAysen?__cft__%5b0%5d=AZV-hPAgpSvXtj2HAwSLa_4ylaS9TNB__qydfjEN95vAZELIAb3ZYy0H0Atl6kbEKVswtQyfxcrcnnd77aKES67DVh6DpqiibmyUGivzu4Tl0FYjQ81s_ZZAz2mHmKlyyUE8RZNhDfAOMFMYSeniUdCjHSPS1IMmypCoueO5vxwxWZtnw4elIO9ZYtSkUvWEWEg&amp;__tn__=-%5dK-R\" target=\"_blank\" rel=\"noopener noreferrer\">Seremi de Justicia y Derechos Humanos,\u00a0<\/a>Samuel Navarro; Seremi de las Culturas, Felipe Quiroz; Seremi de Gobierno, Tatiana Pl\u00e1, concejala Ana Mar\u00eda Navarrete representando al Alcalde de Coyhaique y Marco Co\u00f1uecar, Director de Seguridad P\u00fablica de la Municipalidad de Ays\u00e9n, representando al Alcalde, adem\u00e1s del director regional del Instituto de Previsi\u00f3n Social, IPS,\u00a0<a href=\"https:\/\/www.facebook.com\/sence.aysen?__cft__%5b0%5d=AZV-hPAgpSvXtj2HAwSLa_4ylaS9TNB__qydfjEN95vAZELIAb3ZYy0H0Atl6kbEKVswtQyfxcrcnnd77aKES67DVh6DpqiibmyUGivzu4Tl0FYjQ81s_ZZAz2mHmKlyyUE8RZNhDfAOMFMYSeniUdCjHSPS1IMmypCoueO5vxwxWZtnw4elIO9ZYtSkUvWEWEg&amp;__tn__=-%5dK-R\" target=\"_blank\" rel=\"noopener noreferrer\">Sence Ays\u00e9n<\/a>\u00a0y el jefe de la Inspecci\u00f3n Provincial de Ays\u00e9n Luis Godoy.<\/span><\/p>\n<p class=\"v1MsoNormal\" style=\"text-align: justify;\"><span lang=\"ES\">En la actividad los dirigentes y dirigentas pudieron dar su testimonio, adem\u00e1s de exhibir en un inicio el de la ceremonia el micro documental llamado \u00abLa Direcci\u00f3n del Trabajo construye Memoria\u00bb, que abre un espacio de emoci\u00f3n y recuerdo para describir los profundos efectos p\u00fablicos y privados del quiebre institucional y su evoluci\u00f3n luego del retorno a la democracia, donde se entrevist\u00f3 a Jorge C\u00e9spedes, funcionario de la Inspecci\u00f3n Comunal de Cisnes. Este registro audiovisual se puede revisar completo en la p\u00e1gina web\u00a0<a href=\"http:\/\/www.direcciondeltrabajo.cl\/?fbclid=IwAR2btQG7ZnGif7UpiFM-IEIrIRwcdAamaoRKsVYzDTHg-wErvuLn_XRO-_k\" target=\"_blank\" rel=\"noopener noreferrer\">www.direcciondeltrabajo.cl<\/a><\/span><\/p>\n<\/div><\/section><\/div><div  style='height:50px' class='hr hr-invisible   avia-builder-el-6  el_after_av_one_full  el_before_av_social_share '><span class='hr-inner ' ><span class='hr-inner-style'><\/span><\/span><\/div><\/p>\n<div  class='av-social-sharing-box  avia-builder-el-7  el_after_av_hr  el_before_av_hr  '><div class='av-share-box'><h5 class='av-share-link-description av-no-toc '>Compartir esta noticia<\/h5><ul class='av-share-box-list noLightbox'><li class='av-share-link av-social-link-facebook' ><a target=\"_blank\" aria-label=\"Compartir en Facebook\" href='https:\/\/www.facebook.com\/sharer.php?u=https:\/\/radiorevelacionfm.cl\/?p=36512&#038;t=Emotivo%20homenaje%20realizaron%20desde%20el%20sector%20laboral%20a%20dirigentes%20y%20dirigentas%20sindicales%20de%20la%20d%C3%A9cada%20del%20%C2%B480' aria-hidden='false' data-av_icon='\ue8f3' data-av_iconfont='entypo-fontello' title='' data-avia-related-tooltip='Compartir en Facebook' rel=\"noopener\"><span class='avia_hidden_link_text'>Compartir en Facebook<\/span><\/a><\/li><li class='av-share-link av-social-link-twitter' ><a target=\"_blank\" aria-label=\"Compartir en Twitter\" href='https:\/\/twitter.com\/share?text=Emotivo%20homenaje%20realizaron%20desde%20el%20sector%20laboral%20a%20dirigentes%20y%20dirigentas%20sindicales%20de%20la%20d%C3%A9cada%20del%20%C2%B480&#038;url=https:\/\/radiorevelacionfm.cl\/?p=36512' aria-hidden='false' data-av_icon='\ue8f1' data-av_iconfont='entypo-fontello' title='' data-avia-related-tooltip='Compartir en Twitter' rel=\"noopener\"><span class='avia_hidden_link_text'>Compartir en Twitter<\/span><\/a><\/li><li class='av-share-link av-social-link-whatsapp' ><a target=\"_blank\" aria-label=\"Compartir en Whatsapp\" href='https:\/\/api.whatsapp.com\/send?text=https:\/\/radiorevelacionfm.cl\/?p=36512' aria-hidden='false' data-av_icon='\uf232' data-av_iconfont='entypo-fontello' title='' data-avia-related-tooltip='Compartir en Whatsapp' rel=\"noopener\"><span class='avia_hidden_link_text'>Compartir en Whatsapp<\/span><\/a><\/li><li class='av-share-link av-social-link-linkedin' ><a target=\"_blank\" aria-label=\"Compartir en LinkedIn\" href='https:\/\/linkedin.com\/shareArticle?mini=true&#038;title=Emotivo%20homenaje%20realizaron%20desde%20el%20sector%20laboral%20a%20dirigentes%20y%20dirigentas%20sindicales%20de%20la%20d%C3%A9cada%20del%20%C2%B480&#038;url=https:\/\/radiorevelacionfm.cl\/?p=36512' aria-hidden='false' data-av_icon='\ue8fc' data-av_iconfont='entypo-fontello' title='' data-avia-related-tooltip='Compartir en LinkedIn' rel=\"noopener\"><span class='avia_hidden_link_text'>Compartir en LinkedIn<\/span><\/a><\/li><li class='av-share-link av-social-link-mail' ><a  aria-label=\"Compartir por correo\" href='mailto:?subject=Emotivo%20homenaje%20realizaron%20desde%20el%20sector%20laboral%20a%20dirigentes%20y%20dirigentas%20sindicales%20de%20la%20d%C3%A9cada%20del%20%C2%B480&#038;body=https:\/\/radiorevelacionfm.cl\/?p=36512' aria-hidden='false' data-av_icon='\ue805' data-av_iconfont='entypo-fontello' title='' data-avia-related-tooltip='Compartir por correo'><span class='avia_hidden_link_text'>Compartir por correo<\/span><\/a><\/li><\/ul><\/div><\/div>\n<div  style='height:50px' class='hr hr-invisible   avia-builder-el-8  el_after_av_social_share  el_before_av_comments_list '><span class='hr-inner ' ><span class='hr-inner-style'><\/span><\/span><\/div>\n<div  class='av-buildercomment  av-blog-meta-html-info-disabled av-blog-meta-tag-disabled  '><\/div>\n","protected":false},"excerpt":{"rendered":"","protected":false},"author":1,"featured_media":36513,"comment_status":"open","ping_status":"open","sticky":false,"template":"","format":"standard","meta":{"footnotes":""},"categories":[56],"tags":[],"class_list":["post-36512","post","type-post","status-publish","format-standard","has-post-thumbnail","hentry","category-trabajo"],"jetpack_featured_media_url":"https:\/\/radiorevelacionfm.cl\/wp-content\/uploads\/2023\/11\/Reconocimiento-a-Dirigentes-y-Dirigentas-Decada-80_2-1-1.jpg","_links":{"self":[{"href":"https:\/\/radiorevelacionfm.cl\/index.php?rest_route=\/wp\/v2\/posts\/36512","targetHints":{"allow":["GET"]}}],"collection":[{"href":"https:\/\/radiorevelacionfm.cl\/index.php?rest_route=\/wp\/v2\/posts"}],"about":[{"href":"https:\/\/radiorevelacionfm.cl\/index.php?rest_route=\/wp\/v2\/types\/post"}],"author":[{"embeddable":true,"href":"https:\/\/radiorevelacionfm.cl\/index.php?rest_route=\/wp\/v2\/users\/1"}],"replies":[{"embeddable":true,"href":"https:\/\/radiorevelacionfm.cl\/index.php?rest_route=%2Fwp%2Fv2%2Fcomments&post=36512"}],"version-history":[{"count":1,"href":"https:\/\/radiorevelacionfm.cl\/index.php?rest_route=\/wp\/v2\/posts\/36512\/revisions"}],"predecessor-version":[{"id":36514,"href":"https:\/\/radiorevelacionfm.cl\/index.php?rest_route=\/wp\/v2\/posts\/36512\/revisions\/36514"}],"wp:featuredmedia":[{"embeddable":true,"href":"https:\/\/radiorevelacionfm.cl\/index.php?rest_route=\/wp\/v2\/media\/36513"}],"wp:attachment":[{"href":"https:\/\/radiorevelacionfm.cl\/index.php?rest_route=%2Fwp%2Fv2%2Fmedia&parent=36512"}],"wp:term":[{"taxonomy":"category","embeddable":true,"href":"https:\/\/radiorevelacionfm.cl\/index.php?rest_route=%2Fwp%2Fv2%2Fcategories&post=36512"},{"taxonomy":"post_tag","embeddable":true,"href":"https:\/\/radiorevelacionfm.cl\/index.php?rest_route=%2Fwp%2Fv2%2Ftags&post=36512"}],"curies":[{"name":"wp","href":"https:\/\/api.w.org\/{rel}","templated":true}]}}