{"id":36506,"date":"2023-11-02T21:29:53","date_gmt":"2023-11-03T00:29:53","guid":{"rendered":"https:\/\/radiorevelacionfm.cl\/?p=36506"},"modified":"2023-11-02T21:29:53","modified_gmt":"2023-11-03T00:29:53","slug":"operativo-de-otorrinolaringologia-busca-atender-a-300-personas-en-lista-de-espera-en-puerto-aysen-y-coyhaique","status":"publish","type":"post","link":"https:\/\/radiorevelacionfm.cl\/?p=36506","title":{"rendered":"Operativo de otorrinolaringolog\u00eda busca atender a 300 personas en lista de espera en Puerto Ays\u00e9n y Coyhaique"},"content":{"rendered":"<div class=\"flex_column av_one_full  flex_column_div av-zero-column-padding first  avia-builder-el-0  el_before_av_one_full  avia-builder-el-first  \" style='border-radius:0px; '><div  class='avia-image-container  av-styling-    avia-builder-el-1  avia-builder-el-no-sibling  avia-align-center '  itemprop=\"image\" itemscope=\"itemscope\" itemtype=\"https:\/\/schema.org\/ImageObject\"  ><div class='avia-image-container-inner'><div class='avia-image-overlay-wrap'><img decoding=\"async\" class='wp-image-36507 avia-img-lazy-loading-not-36507 avia_image' src=\"https:\/\/radiorevelacionfm.cl\/wp-content\/uploads\/2023\/11\/OPERATIVO-OTORRINO-AYSEN-3-1-1.jpeg\" alt='' title='OPERATIVO OTORRINO AYS\u00c9N (3) (1) (1)' height=\"600\" width=\"1063\"  itemprop=\"thumbnailUrl\" srcset=\"https:\/\/radiorevelacionfm.cl\/wp-content\/uploads\/2023\/11\/OPERATIVO-OTORRINO-AYSEN-3-1-1.jpeg 1063w, https:\/\/radiorevelacionfm.cl\/wp-content\/uploads\/2023\/11\/OPERATIVO-OTORRINO-AYSEN-3-1-1-300x169.jpeg 300w, https:\/\/radiorevelacionfm.cl\/wp-content\/uploads\/2023\/11\/OPERATIVO-OTORRINO-AYSEN-3-1-1-1030x581.jpeg 1030w, https:\/\/radiorevelacionfm.cl\/wp-content\/uploads\/2023\/11\/OPERATIVO-OTORRINO-AYSEN-3-1-1-768x433.jpeg 768w, https:\/\/radiorevelacionfm.cl\/wp-content\/uploads\/2023\/11\/OPERATIVO-OTORRINO-AYSEN-3-1-1-705x398.jpeg 705w, https:\/\/radiorevelacionfm.cl\/wp-content\/uploads\/2023\/11\/OPERATIVO-OTORRINO-AYSEN-3-1-1-450x254.jpeg 450w, https:\/\/radiorevelacionfm.cl\/wp-content\/uploads\/2023\/11\/OPERATIVO-OTORRINO-AYSEN-3-1-1-600x339.jpeg 600w\" sizes=\"(max-width: 1063px) 100vw, 1063px\" \/><\/div><\/div><\/div><\/div><div class=\"flex_column av_one_full  flex_column_div av-zero-column-padding first  avia-builder-el-2  el_after_av_one_full  el_before_av_one_full  column-top-margin\" style='border-radius:0px; '><section class=\"av_textblock_section \"  itemscope=\"itemscope\" itemtype=\"https:\/\/schema.org\/BlogPosting\" itemprop=\"blogPost\" ><div class='avia_textblock  '   itemprop=\"text\" ><p style=\"text-align: center;\"><strong><span style=\"font-size: 18pt;\">Operativo de otorrinolaringolog\u00eda busca atender a 300 personas en lista de espera en Puerto Ays\u00e9n y Coyhaique<\/span><\/strong><\/p>\n<div id=\"gtx-trans\" style=\"position: absolute; left: -50px; top: 4.31534px;\">\n<div class=\"gtx-trans-icon\"><\/div>\n<\/div>\n<\/div><\/section><\/div><div class=\"flex_column av_one_full  flex_column_div av-zero-column-padding first  avia-builder-el-4  el_after_av_one_full  el_before_av_hr  column-top-margin\" style='border-radius:0px; '><section class=\"av_textblock_section \"  itemscope=\"itemscope\" itemtype=\"https:\/\/schema.org\/BlogPosting\" itemprop=\"blogPost\" ><div class='avia_textblock  '   itemprop=\"text\" ><p style=\"font-weight: 400; text-align: justify;\">En el CESFAM de Puerto Ays\u00e9n se inici\u00f3 este jueves 2 de noviembre el operativo de otorrinolaringolog\u00eda, coordinado por el Programa de Resolutividad del Servicio de Salud Ays\u00e9n con especialistas de la Caja de Previsi\u00f3n de la Defensa Nacional (CAPREDENA).<\/p>\n<p style=\"font-weight: 400; text-align: justify;\">En total ser\u00e1n 300 personas derivadas de Atenci\u00f3n Primaria<u>,\u00a0<\/u>que actualmente se encontraban en lista de espera por consulta nueva de especialidad y procedimientos, las que ser\u00e1n beneficiadas.<\/p>\n<p style=\"font-weight: 400; text-align: justify;\">\u00abLlev\u00e1bamos esperando cinco meses y me parece super bien este tipo de operativos, sobre todo para las personas que no podemos acudir de manera particular, me parece super bueno lo que est\u00e1n haciendo\u00bb, se\u00f1al\u00f3 Sandra Mansilla Vidal, mam\u00e1 de una de las pacientes atendidas en el CESFAM de Ays\u00e9n.<\/p>\n<p style=\"font-weight: 400; text-align: justify;\">Este tipo de iniciativas gestionadas por el equipo del Servicio de Salud Ays\u00e9n, busca cumplir con los compromisos de gobierno de disminuir los tiempos de espera y fortalecer la Atenci\u00f3n Primaria en todo el territorio, entendiendo que es el primer punto de contacto de las personas con la Red Asistencial.<\/p>\n<p style=\"font-weight: 400; text-align: justify;\">\u201cEsto es una medida prioritaria de nuestro Ministerio de Salud, pero tambi\u00e9n es una de las prioridades del Gobierno de nuestro presidente, Gabriel Boric, y que se ha plasmado para la propuesta del presupuesto 2024, donde la cartera de salud tendr\u00eda uno de los incrementos m\u00e1s significativos para seguir implementando estas estrategias territoriales que permiten reducir los tiempos de espera, acercar las prestaciones de salud descentralizando la salud en nuestra propia regi\u00f3n\u201d, indic\u00f3 la seremi de Salud, Carmen Gloria Monsalve.<\/p>\n<p style=\"font-weight: 400; text-align: justify;\">Durante los d\u00edas 2 y 3 el operativo se desarrollar\u00e1 en la ciudad porte\u00f1a con 144 atenciones programadas para las y los usuarios del CESFAM, de los CECOSF Rivera Sur y Puerto Chacabuco y de Salud Rural.<\/p>\n<p style=\"font-weight: 400; text-align: justify;\">\u00abEn este operativo contamos con un otorrinolaring\u00f3logo y dos tecn\u00f3logas m\u00e9dicas de la especialidad. Es muy significativo para las y los usuarios, traer est\u00e1 especialidad a la comunidad y evitar as\u00ed que sean ellos los que tengan que buscar una alternativa\u201d, precis\u00f3 Solange Espa\u00f1a, directora (s) del CESFAM de Puerto Ays\u00e9n.<\/p>\n<p style=\"font-weight: 400; text-align: justify;\">Las atenciones del equipo profesional y t\u00e9cnico de CAPREDENA incluyen adem\u00e1s la entrega de medicamentos e implementos como aud\u00edfonos en los casos que as\u00ed se requieran, permitiendo con ello dar una soluci\u00f3n completa a las personas.<\/p>\n<p style=\"font-weight: 400; text-align: justify;\">\u00abEl contexto de este operativo es que nosotros como Atenci\u00f3n Primaria podamos dar una mejor resoluci\u00f3n a las necesidades de la comunidad. Tener esta oportunidad de realizar estos operativos en el mismo lugar donde las personas se atienden habitualmente es una excelente oportunidad para nosotros como APS ya que somos la puerta de entrada al sistema de salud\u00bb, concluy\u00f3 la directora (s) de Atenci\u00f3n Primaria del Servicio de Salud Ays\u00e9n.<\/p>\n<p style=\"font-weight: 400; text-align: justify;\">El operativo de otorrinolaringolog\u00eda continuar\u00e1 este fin de semana en el CESFAM Alejandro Guti\u00e9rrez con 144 atenciones programadas para abordar la demanda de la comuna de Coyhaique, en materia de atenci\u00f3n de esta especialidad m\u00e9dica.<\/p>\n<\/div><\/section><\/div><div  style='height:50px' class='hr hr-invisible   avia-builder-el-6  el_after_av_one_full  el_before_av_social_share '><span class='hr-inner ' ><span class='hr-inner-style'><\/span><\/span><\/div><\/p>\n<div  class='av-social-sharing-box  avia-builder-el-7  el_after_av_hr  el_before_av_hr  '><div class='av-share-box'><h5 class='av-share-link-description av-no-toc '>Compartir esta noticia<\/h5><ul class='av-share-box-list noLightbox'><li class='av-share-link av-social-link-facebook' ><a target=\"_blank\" aria-label=\"Compartir en Facebook\" href='https:\/\/www.facebook.com\/sharer.php?u=https:\/\/radiorevelacionfm.cl\/?p=36506&#038;t=Operativo%20de%20otorrinolaringolog%C3%ADa%20busca%20atender%20a%20300%20personas%20en%20lista%20de%20espera%20en%20Puerto%20Ays%C3%A9n%20y%20Coyhaique' aria-hidden='false' data-av_icon='\ue8f3' data-av_iconfont='entypo-fontello' title='' data-avia-related-tooltip='Compartir en Facebook' rel=\"noopener\"><span class='avia_hidden_link_text'>Compartir en Facebook<\/span><\/a><\/li><li class='av-share-link av-social-link-twitter' ><a target=\"_blank\" aria-label=\"Compartir en Twitter\" href='https:\/\/twitter.com\/share?text=Operativo%20de%20otorrinolaringolog%C3%ADa%20busca%20atender%20a%20300%20personas%20en%20lista%20de%20espera%20en%20Puerto%20Ays%C3%A9n%20y%20Coyhaique&#038;url=https:\/\/radiorevelacionfm.cl\/?p=36506' aria-hidden='false' data-av_icon='\ue8f1' data-av_iconfont='entypo-fontello' title='' data-avia-related-tooltip='Compartir en Twitter' rel=\"noopener\"><span class='avia_hidden_link_text'>Compartir en Twitter<\/span><\/a><\/li><li class='av-share-link av-social-link-whatsapp' ><a target=\"_blank\" aria-label=\"Compartir en Whatsapp\" href='https:\/\/api.whatsapp.com\/send?text=https:\/\/radiorevelacionfm.cl\/?p=36506' aria-hidden='false' data-av_icon='\uf232' data-av_iconfont='entypo-fontello' title='' data-avia-related-tooltip='Compartir en Whatsapp' rel=\"noopener\"><span class='avia_hidden_link_text'>Compartir en Whatsapp<\/span><\/a><\/li><li class='av-share-link av-social-link-linkedin' ><a target=\"_blank\" aria-label=\"Compartir en LinkedIn\" href='https:\/\/linkedin.com\/shareArticle?mini=true&#038;title=Operativo%20de%20otorrinolaringolog%C3%ADa%20busca%20atender%20a%20300%20personas%20en%20lista%20de%20espera%20en%20Puerto%20Ays%C3%A9n%20y%20Coyhaique&#038;url=https:\/\/radiorevelacionfm.cl\/?p=36506' aria-hidden='false' data-av_icon='\ue8fc' data-av_iconfont='entypo-fontello' title='' data-avia-related-tooltip='Compartir en LinkedIn' rel=\"noopener\"><span class='avia_hidden_link_text'>Compartir en LinkedIn<\/span><\/a><\/li><li class='av-share-link av-social-link-mail' ><a  aria-label=\"Compartir por correo\" href='mailto:?subject=Operativo%20de%20otorrinolaringolog%C3%ADa%20busca%20atender%20a%20300%20personas%20en%20lista%20de%20espera%20en%20Puerto%20Ays%C3%A9n%20y%20Coyhaique&#038;body=https:\/\/radiorevelacionfm.cl\/?p=36506' aria-hidden='false' data-av_icon='\ue805' data-av_iconfont='entypo-fontello' title='' data-avia-related-tooltip='Compartir por correo'><span class='avia_hidden_link_text'>Compartir por correo<\/span><\/a><\/li><\/ul><\/div><\/div>\n<div  style='height:50px' class='hr hr-invisible   avia-builder-el-8  el_after_av_social_share  el_before_av_comments_list '><span class='hr-inner ' ><span class='hr-inner-style'><\/span><\/span><\/div>\n<div  class='av-buildercomment  av-blog-meta-html-info-disabled av-blog-meta-tag-disabled  '><\/div>\n","protected":false},"excerpt":{"rendered":"","protected":false},"author":1,"featured_media":36507,"comment_status":"open","ping_status":"open","sticky":false,"template":"","format":"standard","meta":{"footnotes":""},"categories":[46],"tags":[],"class_list":["post-36506","post","type-post","status-publish","format-standard","has-post-thumbnail","hentry","category-salud"],"jetpack_featured_media_url":"https:\/\/radiorevelacionfm.cl\/wp-content\/uploads\/2023\/11\/OPERATIVO-OTORRINO-AYSEN-3-1-1.jpeg","_links":{"self":[{"href":"https:\/\/radiorevelacionfm.cl\/index.php?rest_route=\/wp\/v2\/posts\/36506","targetHints":{"allow":["GET"]}}],"collection":[{"href":"https:\/\/radiorevelacionfm.cl\/index.php?rest_route=\/wp\/v2\/posts"}],"about":[{"href":"https:\/\/radiorevelacionfm.cl\/index.php?rest_route=\/wp\/v2\/types\/post"}],"author":[{"embeddable":true,"href":"https:\/\/radiorevelacionfm.cl\/index.php?rest_route=\/wp\/v2\/users\/1"}],"replies":[{"embeddable":true,"href":"https:\/\/radiorevelacionfm.cl\/index.php?rest_route=%2Fwp%2Fv2%2Fcomments&post=36506"}],"version-history":[{"count":1,"href":"https:\/\/radiorevelacionfm.cl\/index.php?rest_route=\/wp\/v2\/posts\/36506\/revisions"}],"predecessor-version":[{"id":36508,"href":"https:\/\/radiorevelacionfm.cl\/index.php?rest_route=\/wp\/v2\/posts\/36506\/revisions\/36508"}],"wp:featuredmedia":[{"embeddable":true,"href":"https:\/\/radiorevelacionfm.cl\/index.php?rest_route=\/wp\/v2\/media\/36507"}],"wp:attachment":[{"href":"https:\/\/radiorevelacionfm.cl\/index.php?rest_route=%2Fwp%2Fv2%2Fmedia&parent=36506"}],"wp:term":[{"taxonomy":"category","embeddable":true,"href":"https:\/\/radiorevelacionfm.cl\/index.php?rest_route=%2Fwp%2Fv2%2Fcategories&post=36506"},{"taxonomy":"post_tag","embeddable":true,"href":"https:\/\/radiorevelacionfm.cl\/index.php?rest_route=%2Fwp%2Fv2%2Ftags&post=36506"}],"curies":[{"name":"wp","href":"https:\/\/api.w.org\/{rel}","templated":true}]}}