{"id":36504,"date":"2023-11-04T16:56:28","date_gmt":"2023-11-04T19:56:28","guid":{"rendered":"https:\/\/radiorevelacionfm.cl\/?p=36504"},"modified":"2023-11-04T17:00:10","modified_gmt":"2023-11-04T20:00:10","slug":"implementacion-de-transporte-publico-mayor-beneficiaria-a-unos-7-800-estudiantes-de-coyhaique-urbano-y-rural","status":"publish","type":"post","link":"https:\/\/radiorevelacionfm.cl\/?p=36504","title":{"rendered":"Implementaci\u00f3n de transporte p\u00fablico mayor beneficiar\u00eda a unos 7.800 estudiantes de Coyhaique urbano y rural"},"content":{"rendered":"<div class=\"flex_column av_one_full  flex_column_div av-zero-column-padding first  avia-builder-el-0  el_before_av_one_full  avia-builder-el-first  \" style='border-radius:0px; '><div  class='avia-image-container  av-styling-    avia-builder-el-1  avia-builder-el-no-sibling  avia-align-center '  itemprop=\"image\" itemscope=\"itemscope\" itemtype=\"https:\/\/schema.org\/ImageObject\"  ><div class='avia-image-container-inner'><div class='avia-image-overlay-wrap'><img decoding=\"async\" class='wp-image-36094 avia-img-lazy-loading-not-36094 avia_image' src=\"https:\/\/radiorevelacionfm.cl\/wp-content\/uploads\/2023\/10\/Seremi-Educacion-SAE-1-1.jpg\" alt='' title='Seremi Educaci\u00f3n SAE (1) (1)' height=\"600\" width=\"900\"  itemprop=\"thumbnailUrl\" srcset=\"https:\/\/radiorevelacionfm.cl\/wp-content\/uploads\/2023\/10\/Seremi-Educacion-SAE-1-1.jpg 900w, https:\/\/radiorevelacionfm.cl\/wp-content\/uploads\/2023\/10\/Seremi-Educacion-SAE-1-1-300x200.jpg 300w, https:\/\/radiorevelacionfm.cl\/wp-content\/uploads\/2023\/10\/Seremi-Educacion-SAE-1-1-768x512.jpg 768w, https:\/\/radiorevelacionfm.cl\/wp-content\/uploads\/2023\/10\/Seremi-Educacion-SAE-1-1-705x470.jpg 705w, https:\/\/radiorevelacionfm.cl\/wp-content\/uploads\/2023\/10\/Seremi-Educacion-SAE-1-1-450x300.jpg 450w, https:\/\/radiorevelacionfm.cl\/wp-content\/uploads\/2023\/10\/Seremi-Educacion-SAE-1-1-600x400.jpg 600w\" sizes=\"(max-width: 900px) 100vw, 900px\" \/><\/div><\/div><\/div><\/div>\n<div class=\"flex_column av_one_full  flex_column_div av-zero-column-padding first  avia-builder-el-2  el_after_av_one_full  el_before_av_one_full  column-top-margin\" style='border-radius:0px; '><section class=\"av_textblock_section \"  itemscope=\"itemscope\" itemtype=\"https:\/\/schema.org\/BlogPosting\" itemprop=\"blogPost\" ><div class='avia_textblock  '   itemprop=\"text\" ><p style=\"text-align: center;\"><span style=\"font-size: 18pt;\"><b>Implementaci\u00f3n de transporte p\u00fablico mayor beneficiar\u00eda a unos 7.800 estudiantes de Coyhaique urbano y rural<\/b><\/span><\/p>\n<div id=\"gtx-trans\" style=\"position: absolute; left: -50px; top: 4.31534px;\">\n<div class=\"gtx-trans-icon\"><\/div>\n<\/div>\n<\/div><\/section><\/div>\n<div class=\"flex_column av_one_full  flex_column_div av-zero-column-padding first  avia-builder-el-4  el_after_av_one_full  el_before_av_hr  column-top-margin\" style='border-radius:0px; '><section class=\"av_textblock_section \"  itemscope=\"itemscope\" itemtype=\"https:\/\/schema.org\/BlogPosting\" itemprop=\"blogPost\" ><div class='avia_textblock  '   itemprop=\"text\" ><p style=\"text-align: justify;\"><em>La tarifa escolar ser\u00e1 de $160 pesos lo que significar\u00e1 un importante ahorro para las familias de los estudiantes que utilicen este transporte p\u00fablico mayor.<\/em><\/p>\n<p class=\"v1MsoNormal\" style=\"text-align: justify;\">La Seremi de Educaci\u00f3n de Ays\u00e9n Isabel Garrido Casassa se\u00f1al\u00f3 que existe una gran demanda insatisfecha de locomoci\u00f3n colectiva para estudiantes de la capital regional que podr\u00eda atenderse con la implementaci\u00f3n de un sistema de transporte p\u00fablico mayor el\u00e9ctrico en Coyhaique.<\/p>\n<p class=\"v1MsoNormal\" style=\"text-align: justify;\">Isabel Garrido indic\u00f3 que \u201cUno de los nudos cr\u00edticos que enfrentamos como sector y que a\u00fan no se ha podido resolver es la falta de transporte escolar urbano e interurbano. En espec\u00edfico en la ciudad de Coyhaique esto se vio acentuado tras la pandemia ya que la mayor parte del transporte escolar privado, furgones escolares dejaron de prestar el servicio por la prolongada suspensi\u00f3n de clases\u201d.<\/p>\n<p class=\"v1MsoNormal\" style=\"text-align: justify;\">La seremi record\u00f3 que durante al inicio del presente a\u00f1o escolar se realizaron reuniones de trabajo con los empresarios del transporte menor o taxis colectivos y sostenedores de establecimientos educativos del sector alto de capital regional oportunidad en que se hizo evidente el d\u00e9ficit de transporte de acercamiento a colegios. \u201cEsto afecta a todos los niveles educativos y particularmente a la educaci\u00f3n de adultos, cuyos estudiantes a la hora de retornar a sus casas en horario nocturno no cuentan con ninguna opci\u00f3n de transporte m\u00e1s que taxis b\u00e1sicos de tarifas elevadas y muchos de ellos informales\u201d.<\/p>\n<p class=\"v1MsoNormal\" style=\"text-align: justify;\"><b>Colegios potencialmente beneficiados<\/b><\/p>\n<p class=\"v1MsoNormal\" style=\"text-align: justify;\">La titular de educaci\u00f3n en la regi\u00f3n detall\u00f3 que son varios los colegios y jardines infantiles de Coyhaique que se ver\u00edan beneficiados con un transporte p\u00fablico mayor o buses con una matr\u00edcula estimada total de 7.881 estudiantes.<\/p>\n<p class=\"v1MsoNormal\" style=\"text-align: justify;\">Colegio Uni\u00f3n Fraterna, Colegio campos de Hielo, Liceo Juan Pablo II, Escuela Baquedano, Escuela San Jos\u00e9 Obrero, Liceo Josefina Aguirre, Escuela Pedro Quintana Mansilla, Liceo Bicentenario Altos del Mackay, Colegio El Camino a la Fuente, Colegio Sembradores, Colegio Diego Portales, Colegio Alborada, Escuela Valle Simpson, Escuela V\u00edctor Domingo Silva, Escuela Altamira, Escuela Francisco Buti\u00f1a, Jard\u00edn Infantil Mi Peque\u00f1a estancia, Jard\u00edn Infantil Vallecitos de Ays\u00e9n, Jard\u00edn Infantil Futuro Austral, Jard\u00edn Infantil Gabriela Mistral, Jard\u00edn Infantil Kaul-Kalem.<\/p>\n<p class=\"v1MsoNormal\" style=\"text-align: justify;\">A lo anterior se agrega que la tarifa escolar que se aplicar\u00e1 es de $160 pesos. Ello significar\u00e1 un importante ahorro para las familias de los estudiantes que utilicen este transporte p\u00fablico mayor.<\/p>\n<\/div><\/section><\/div><div  style='height:50px' class='hr hr-invisible   avia-builder-el-6  el_after_av_one_full  el_before_av_social_share '><span class='hr-inner ' ><span class='hr-inner-style'><\/span><\/span><\/div><\/p>\n<div  class='av-social-sharing-box  avia-builder-el-7  el_after_av_hr  el_before_av_hr  '><div class='av-share-box'><h5 class='av-share-link-description av-no-toc '>Compartir esta noticia<\/h5><ul class='av-share-box-list noLightbox'><li class='av-share-link av-social-link-facebook' ><a target=\"_blank\" aria-label=\"Compartir en Facebook\" href='https:\/\/www.facebook.com\/sharer.php?u=https:\/\/radiorevelacionfm.cl\/?p=36504&#038;t=Implementaci%C3%B3n%20de%20transporte%20p%C3%BAblico%20mayor%20beneficiar%C3%ADa%20a%20unos%207.800%20estudiantes%20de%20Coyhaique%20urbano%20y%20rural' aria-hidden='false' data-av_icon='\ue8f3' data-av_iconfont='entypo-fontello' title='' data-avia-related-tooltip='Compartir en Facebook' rel=\"noopener\"><span class='avia_hidden_link_text'>Compartir en Facebook<\/span><\/a><\/li><li class='av-share-link av-social-link-twitter' ><a target=\"_blank\" aria-label=\"Compartir en Twitter\" href='https:\/\/twitter.com\/share?text=Implementaci%C3%B3n%20de%20transporte%20p%C3%BAblico%20mayor%20beneficiar%C3%ADa%20a%20unos%207.800%20estudiantes%20de%20Coyhaique%20urbano%20y%20rural&#038;url=https:\/\/radiorevelacionfm.cl\/?p=36504' aria-hidden='false' data-av_icon='\ue8f1' data-av_iconfont='entypo-fontello' title='' data-avia-related-tooltip='Compartir en Twitter' rel=\"noopener\"><span class='avia_hidden_link_text'>Compartir en Twitter<\/span><\/a><\/li><li class='av-share-link av-social-link-whatsapp' ><a target=\"_blank\" aria-label=\"Compartir en Whatsapp\" href='https:\/\/api.whatsapp.com\/send?text=https:\/\/radiorevelacionfm.cl\/?p=36504' aria-hidden='false' data-av_icon='\uf232' data-av_iconfont='entypo-fontello' title='' data-avia-related-tooltip='Compartir en Whatsapp' rel=\"noopener\"><span class='avia_hidden_link_text'>Compartir en Whatsapp<\/span><\/a><\/li><li class='av-share-link av-social-link-linkedin' ><a target=\"_blank\" aria-label=\"Compartir en LinkedIn\" href='https:\/\/linkedin.com\/shareArticle?mini=true&#038;title=Implementaci%C3%B3n%20de%20transporte%20p%C3%BAblico%20mayor%20beneficiar%C3%ADa%20a%20unos%207.800%20estudiantes%20de%20Coyhaique%20urbano%20y%20rural&#038;url=https:\/\/radiorevelacionfm.cl\/?p=36504' aria-hidden='false' data-av_icon='\ue8fc' data-av_iconfont='entypo-fontello' title='' data-avia-related-tooltip='Compartir en LinkedIn' rel=\"noopener\"><span class='avia_hidden_link_text'>Compartir en LinkedIn<\/span><\/a><\/li><li class='av-share-link av-social-link-mail' ><a  aria-label=\"Compartir por correo\" href='mailto:?subject=Implementaci%C3%B3n%20de%20transporte%20p%C3%BAblico%20mayor%20beneficiar%C3%ADa%20a%20unos%207.800%20estudiantes%20de%20Coyhaique%20urbano%20y%20rural&#038;body=https:\/\/radiorevelacionfm.cl\/?p=36504' aria-hidden='false' data-av_icon='\ue805' data-av_iconfont='entypo-fontello' title='' data-avia-related-tooltip='Compartir por correo'><span class='avia_hidden_link_text'>Compartir por correo<\/span><\/a><\/li><\/ul><\/div><\/div>\n<div  style='height:50px' class='hr hr-invisible   avia-builder-el-8  el_after_av_social_share  el_before_av_comments_list '><span class='hr-inner ' ><span class='hr-inner-style'><\/span><\/span><\/div>\n<div  class='av-buildercomment  av-blog-meta-html-info-disabled av-blog-meta-tag-disabled  '><\/div>\n","protected":false},"excerpt":{"rendered":"","protected":false},"author":1,"featured_media":36094,"comment_status":"open","ping_status":"open","sticky":false,"template":"","format":"standard","meta":{"footnotes":""},"categories":[49],"tags":[],"class_list":["post-36504","post","type-post","status-publish","format-standard","has-post-thumbnail","hentry","category-educacion"],"jetpack_featured_media_url":"https:\/\/radiorevelacionfm.cl\/wp-content\/uploads\/2023\/10\/Seremi-Educacion-SAE-1-1.jpg","_links":{"self":[{"href":"https:\/\/radiorevelacionfm.cl\/index.php?rest_route=\/wp\/v2\/posts\/36504","targetHints":{"allow":["GET"]}}],"collection":[{"href":"https:\/\/radiorevelacionfm.cl\/index.php?rest_route=\/wp\/v2\/posts"}],"about":[{"href":"https:\/\/radiorevelacionfm.cl\/index.php?rest_route=\/wp\/v2\/types\/post"}],"author":[{"embeddable":true,"href":"https:\/\/radiorevelacionfm.cl\/index.php?rest_route=\/wp\/v2\/users\/1"}],"replies":[{"embeddable":true,"href":"https:\/\/radiorevelacionfm.cl\/index.php?rest_route=%2Fwp%2Fv2%2Fcomments&post=36504"}],"version-history":[{"count":3,"href":"https:\/\/radiorevelacionfm.cl\/index.php?rest_route=\/wp\/v2\/posts\/36504\/revisions"}],"predecessor-version":[{"id":36579,"href":"https:\/\/radiorevelacionfm.cl\/index.php?rest_route=\/wp\/v2\/posts\/36504\/revisions\/36579"}],"wp:featuredmedia":[{"embeddable":true,"href":"https:\/\/radiorevelacionfm.cl\/index.php?rest_route=\/wp\/v2\/media\/36094"}],"wp:attachment":[{"href":"https:\/\/radiorevelacionfm.cl\/index.php?rest_route=%2Fwp%2Fv2%2Fmedia&parent=36504"}],"wp:term":[{"taxonomy":"category","embeddable":true,"href":"https:\/\/radiorevelacionfm.cl\/index.php?rest_route=%2Fwp%2Fv2%2Fcategories&post=36504"},{"taxonomy":"post_tag","embeddable":true,"href":"https:\/\/radiorevelacionfm.cl\/index.php?rest_route=%2Fwp%2Fv2%2Ftags&post=36504"}],"curies":[{"name":"wp","href":"https:\/\/api.w.org\/{rel}","templated":true}]}}