{"id":36501,"date":"2023-11-02T16:49:07","date_gmt":"2023-11-02T19:49:07","guid":{"rendered":"https:\/\/radiorevelacionfm.cl\/?p=36501"},"modified":"2023-11-02T16:49:07","modified_gmt":"2023-11-02T19:49:07","slug":"inauguran-4a-edicion-de-la-feria-de-las-culturas-aysen-y-entregan-premios-regionales","status":"publish","type":"post","link":"https:\/\/radiorevelacionfm.cl\/?p=36501","title":{"rendered":"Inauguran 4\u00aa edici\u00f3n de la Feria de las Culturas Ays\u00e9n y entregan premios regionales"},"content":{"rendered":"<div class=\"flex_column av_one_full  flex_column_div av-zero-column-padding first  avia-builder-el-0  el_before_av_one_full  avia-builder-el-first  \" style='border-radius:0px; '><div  class='avia-image-container  av-styling-    avia-builder-el-1  avia-builder-el-no-sibling  avia-align-center '  itemprop=\"image\" itemscope=\"itemscope\" itemtype=\"https:\/\/schema.org\/ImageObject\"  ><div class='avia-image-container-inner'><div class='avia-image-overlay-wrap'><img decoding=\"async\" class='wp-image-36502 avia-img-lazy-loading-not-36502 avia_image' src=\"https:\/\/radiorevelacionfm.cl\/wp-content\/uploads\/2023\/11\/feria-culturas-20238-1_optimized.jpeg\" alt='' title='feria-culturas-20238-(1)_optimized' height=\"600\" width=\"899\"  itemprop=\"thumbnailUrl\" srcset=\"https:\/\/radiorevelacionfm.cl\/wp-content\/uploads\/2023\/11\/feria-culturas-20238-1_optimized.jpeg 899w, https:\/\/radiorevelacionfm.cl\/wp-content\/uploads\/2023\/11\/feria-culturas-20238-1_optimized-300x200.jpeg 300w, https:\/\/radiorevelacionfm.cl\/wp-content\/uploads\/2023\/11\/feria-culturas-20238-1_optimized-768x513.jpeg 768w, https:\/\/radiorevelacionfm.cl\/wp-content\/uploads\/2023\/11\/feria-culturas-20238-1_optimized-705x471.jpeg 705w, https:\/\/radiorevelacionfm.cl\/wp-content\/uploads\/2023\/11\/feria-culturas-20238-1_optimized-450x300.jpeg 450w, https:\/\/radiorevelacionfm.cl\/wp-content\/uploads\/2023\/11\/feria-culturas-20238-1_optimized-600x400.jpeg 600w\" sizes=\"(max-width: 899px) 100vw, 899px\" \/><\/div><\/div><\/div><\/div><div class=\"flex_column av_one_full  flex_column_div av-zero-column-padding first  avia-builder-el-2  el_after_av_one_full  el_before_av_one_full  column-top-margin\" style='border-radius:0px; '><section class=\"av_textblock_section \"  itemscope=\"itemscope\" itemtype=\"https:\/\/schema.org\/BlogPosting\" itemprop=\"blogPost\" ><div class='avia_textblock  '   itemprop=\"text\" ><p style=\"text-align: center;\"><strong><span style=\"font-size: 18pt;\">Inauguran 4\u00aa edici\u00f3n de la Feria de las Culturas Ays\u00e9n y entregan premios regionales<\/span><\/strong><\/p>\n<div id=\"gtx-trans\" style=\"position: absolute; left: -50px; top: 4.31534px;\">\n<div class=\"gtx-trans-icon\"><\/div>\n<\/div>\n<\/div><\/section><\/div><div class=\"flex_column av_one_full  flex_column_div av-zero-column-padding first  avia-builder-el-4  el_after_av_one_full  el_before_av_hr  column-top-margin\" style='border-radius:0px; '><section class=\"av_textblock_section \"  itemscope=\"itemscope\" itemtype=\"https:\/\/schema.org\/BlogPosting\" itemprop=\"blogPost\" ><div class='avia_textblock  '   itemprop=\"text\" ><p style=\"text-align: justify;\">M\u00e1s de 200 vecinos y vecinas de Coyhaique llegaron hasta la Plaza Pentagonal de la ciudad para ser parte de la inauguraci\u00f3n de la cuarta Feria de las Culturas Ays\u00e9n 2023, que organiza la Secretar\u00eda Regional Ministerial de las Culturas, las Artes y el Patrimonio de la Regi\u00f3n de Ays\u00e9n, a trav\u00e9s de su equipo de Ciudadan\u00eda Cultural y el programa de Fortalecimiento de la Identidad Cultural Regional.<\/p>\n<p style=\"text-align: justify;\">Durante tres d\u00edas, m\u00e1s de 50 expositores exhibir\u00e1n y vender\u00e1n sus artesan\u00edas, fotograf\u00edas, pinturas, grabados, y obras de arte creadas a partir de los m\u00e1s variados lenguajes de artistas regionales. Tambi\u00e9n habr\u00e1 una carpa del Centro de Creaci\u00f3n Cecrea Coyhaique, recibiendo a ni\u00f1os y ni\u00f1as con sus familias para que participen en los laboratorios creativos que tiene preparados los y las facilitadores. Todo esto amenizado de m\u00fasica danza regional en vivo.<\/p>\n<p style=\"text-align: justify;\">A la inauguraci\u00f3n asistieron la gobernadora regional Andrea Macias Palma; el delegado regional presidencial, Rodrigo Araya Morales; el seremi de las Culturas Ays\u00e9n, Felipe Quiroz, agrupaciones de derechos humanos y otros servicios regionales. En la ceremonia inaugural actuaron el D\u00fao Trapananda y la bailarina Carolina C\u00e1ceres de la agrupaci\u00f3n Carpintero Negro.<\/p>\n<p style=\"text-align: justify;\">Para el seremi de las Culturas Ays\u00e9n, Felipe Quiroz, \u201cse trata de un evento may\u00fasculo que re\u00fane a creadores y creadoras de todo el territorio regional. Traemos cultura desde las 10 comunas de la Regi\u00f3n de Ays\u00e9n para, por cuarta vez, participar en esta, la principal feria cultural de la regi\u00f3n. Queremos invitar a toda la comunidad a que se acerque entre los d\u00edas jueves y s\u00e1bado entre las 10 y las 20 horas para que se empapen de nuestra cultura local y compartan con artesanas, fot\u00f3grafos y tantos otros artistas que han llegado hasta la capital regional para mostrar sus talentos\u201d.<\/p>\n<p style=\"text-align: justify;\">Durante la ceremonia inaugural, se hizo entrega de los Premios Regionales de Artes, Cultura y Patrimonio 2023, que en esta ocasi\u00f3n fueron dedicados a la Literatura. En la categor\u00eda Narrativa el premio recay\u00f3 en Mar\u00eda Isabel Quintana S\u00e1nchez; en Ensayo lo obtuvo Mauricio Osorio Pefaur y en Poes\u00eda, Ivonne Co\u00f1uecar Araya.<\/p>\n<p style=\"text-align: justify;\">Mauricio Osorio reacciono emocionado: \u00abAlegre y muy agradecido, principalmente porque yo he hecho mi trayectoria como investigador y escritor, conversando con pobladores y pobladores de la regi\u00f3n. Entonces, este reconocimiento es, en realidad, por todo ese trabajo que ha sido compartido\u201d.<\/p>\n<p style=\"text-align: justify;\">Tambi\u00e9n como parte de la inauguraci\u00f3n fueron reconocidos por sus valiosos aportes a la Regi\u00f3n de Ays\u00e9n, el exgobernador Ariel Elgueta, el comunicador Joaqu\u00edn Real y, de modo p\u00f3stumo,\u00a0 el escritor Enrique Vald\u00e9s.<\/p>\n<p style=\"text-align: justify;\">Joaqu\u00edn Real dijo que \u201ccreo que es importante que las autoridades y el Ministerio de las Culturas pueda destacar la gente que est\u00e1 haciendo una literatura, yo dir\u00eda tal vez muy dom\u00e9stica todav\u00eda, pero que en el fondo lo que quiere rescatar son algunas tradiciones, vivencias e historias de Ays\u00e9n. Eso es lo que procuramos hacer\u201d.<\/p>\n<p style=\"text-align: justify;\">Ariel Elgueta, quien fuera puntal de la defensa regional de los Derechos Humanos durante la dictadura manifest\u00f3 que \u201cnunca me lo hab\u00eda imaginado para nada porque es una actividad para m\u00ed muy natural. Es un compromiso que tengo desde que sal\u00ed de la c\u00e1rcel\u201d.<\/p>\n<p style=\"text-align: justify;\">Carolina Vargas, presidenta de la Asociaci\u00f3n Gremial Artesanos de Ays\u00e9n, est\u00e1 participando nuevamente y mantiene las altas expectativas: \u201cojal\u00e1 sea el mismo \u00e9xito de los a\u00f1os anteriores. Estoy muy feliz de estar participando de ver a los colegas, de las artesanas, y esperamos que venga mucho p\u00fablico a visitarnos para que vean las lindas piezas y productos que estamos exponiendo y vendiendo\u201d.<\/p>\n<p style=\"text-align: justify;\">La Feria de las Culturas Ays\u00e9n busca fortalecer, apreciar y difundir los conocimientos y expresiones resultantes de la creatividad de los cultores, artistas, m\u00fasicos, artesanos, gestores y creadores de nuestra regi\u00f3n y la comunidad migrante residente, quienes juegan un rol fundamental en la construcci\u00f3n y desarrollo de nuestra identidad regional.<\/p>\n<\/div><\/section><\/div><div  style='height:50px' class='hr hr-invisible   avia-builder-el-6  el_after_av_one_full  el_before_av_social_share '><span class='hr-inner ' ><span class='hr-inner-style'><\/span><\/span><\/div><\/p>\n<div  class='av-social-sharing-box  avia-builder-el-7  el_after_av_hr  el_before_av_hr  '><div class='av-share-box'><h5 class='av-share-link-description av-no-toc '>Compartir esta noticia<\/h5><ul class='av-share-box-list noLightbox'><li class='av-share-link av-social-link-facebook' ><a target=\"_blank\" aria-label=\"Compartir en Facebook\" href='https:\/\/www.facebook.com\/sharer.php?u=https:\/\/radiorevelacionfm.cl\/?p=36501&#038;t=Inauguran%204%C2%AA%20edici%C3%B3n%20de%20la%20Feria%20de%20las%20Culturas%20Ays%C3%A9n%20y%20entregan%20premios%20regionales' aria-hidden='false' data-av_icon='\ue8f3' data-av_iconfont='entypo-fontello' title='' data-avia-related-tooltip='Compartir en Facebook' rel=\"noopener\"><span class='avia_hidden_link_text'>Compartir en Facebook<\/span><\/a><\/li><li class='av-share-link av-social-link-twitter' ><a target=\"_blank\" aria-label=\"Compartir en Twitter\" href='https:\/\/twitter.com\/share?text=Inauguran%204%C2%AA%20edici%C3%B3n%20de%20la%20Feria%20de%20las%20Culturas%20Ays%C3%A9n%20y%20entregan%20premios%20regionales&#038;url=https:\/\/radiorevelacionfm.cl\/?p=36501' aria-hidden='false' data-av_icon='\ue8f1' data-av_iconfont='entypo-fontello' title='' data-avia-related-tooltip='Compartir en Twitter' rel=\"noopener\"><span class='avia_hidden_link_text'>Compartir en Twitter<\/span><\/a><\/li><li class='av-share-link av-social-link-whatsapp' ><a target=\"_blank\" aria-label=\"Compartir en Whatsapp\" href='https:\/\/api.whatsapp.com\/send?text=https:\/\/radiorevelacionfm.cl\/?p=36501' aria-hidden='false' data-av_icon='\uf232' data-av_iconfont='entypo-fontello' title='' data-avia-related-tooltip='Compartir en Whatsapp' rel=\"noopener\"><span class='avia_hidden_link_text'>Compartir en Whatsapp<\/span><\/a><\/li><li class='av-share-link av-social-link-linkedin' ><a target=\"_blank\" aria-label=\"Compartir en LinkedIn\" href='https:\/\/linkedin.com\/shareArticle?mini=true&#038;title=Inauguran%204%C2%AA%20edici%C3%B3n%20de%20la%20Feria%20de%20las%20Culturas%20Ays%C3%A9n%20y%20entregan%20premios%20regionales&#038;url=https:\/\/radiorevelacionfm.cl\/?p=36501' aria-hidden='false' data-av_icon='\ue8fc' data-av_iconfont='entypo-fontello' title='' data-avia-related-tooltip='Compartir en LinkedIn' rel=\"noopener\"><span class='avia_hidden_link_text'>Compartir en LinkedIn<\/span><\/a><\/li><li class='av-share-link av-social-link-mail' ><a  aria-label=\"Compartir por correo\" href='mailto:?subject=Inauguran%204%C2%AA%20edici%C3%B3n%20de%20la%20Feria%20de%20las%20Culturas%20Ays%C3%A9n%20y%20entregan%20premios%20regionales&#038;body=https:\/\/radiorevelacionfm.cl\/?p=36501' aria-hidden='false' data-av_icon='\ue805' data-av_iconfont='entypo-fontello' title='' data-avia-related-tooltip='Compartir por correo'><span class='avia_hidden_link_text'>Compartir por correo<\/span><\/a><\/li><\/ul><\/div><\/div>\n<div  style='height:50px' class='hr hr-invisible   avia-builder-el-8  el_after_av_social_share  el_before_av_comments_list '><span class='hr-inner ' ><span class='hr-inner-style'><\/span><\/span><\/div>\n<div  class='av-buildercomment  av-blog-meta-html-info-disabled av-blog-meta-tag-disabled  '><\/div>\n","protected":false},"excerpt":{"rendered":"","protected":false},"author":1,"featured_media":36502,"comment_status":"open","ping_status":"open","sticky":false,"template":"","format":"standard","meta":{"footnotes":""},"categories":[52],"tags":[],"class_list":["post-36501","post","type-post","status-publish","format-standard","has-post-thumbnail","hentry","category-cultura"],"jetpack_featured_media_url":"https:\/\/radiorevelacionfm.cl\/wp-content\/uploads\/2023\/11\/feria-culturas-20238-1_optimized.jpeg","_links":{"self":[{"href":"https:\/\/radiorevelacionfm.cl\/index.php?rest_route=\/wp\/v2\/posts\/36501","targetHints":{"allow":["GET"]}}],"collection":[{"href":"https:\/\/radiorevelacionfm.cl\/index.php?rest_route=\/wp\/v2\/posts"}],"about":[{"href":"https:\/\/radiorevelacionfm.cl\/index.php?rest_route=\/wp\/v2\/types\/post"}],"author":[{"embeddable":true,"href":"https:\/\/radiorevelacionfm.cl\/index.php?rest_route=\/wp\/v2\/users\/1"}],"replies":[{"embeddable":true,"href":"https:\/\/radiorevelacionfm.cl\/index.php?rest_route=%2Fwp%2Fv2%2Fcomments&post=36501"}],"version-history":[{"count":1,"href":"https:\/\/radiorevelacionfm.cl\/index.php?rest_route=\/wp\/v2\/posts\/36501\/revisions"}],"predecessor-version":[{"id":36503,"href":"https:\/\/radiorevelacionfm.cl\/index.php?rest_route=\/wp\/v2\/posts\/36501\/revisions\/36503"}],"wp:featuredmedia":[{"embeddable":true,"href":"https:\/\/radiorevelacionfm.cl\/index.php?rest_route=\/wp\/v2\/media\/36502"}],"wp:attachment":[{"href":"https:\/\/radiorevelacionfm.cl\/index.php?rest_route=%2Fwp%2Fv2%2Fmedia&parent=36501"}],"wp:term":[{"taxonomy":"category","embeddable":true,"href":"https:\/\/radiorevelacionfm.cl\/index.php?rest_route=%2Fwp%2Fv2%2Fcategories&post=36501"},{"taxonomy":"post_tag","embeddable":true,"href":"https:\/\/radiorevelacionfm.cl\/index.php?rest_route=%2Fwp%2Fv2%2Ftags&post=36501"}],"curies":[{"name":"wp","href":"https:\/\/api.w.org\/{rel}","templated":true}]}}