{"id":36498,"date":"2023-11-03T10:18:18","date_gmt":"2023-11-03T13:18:18","guid":{"rendered":"https:\/\/radiorevelacionfm.cl\/?p=36498"},"modified":"2023-11-03T10:18:18","modified_gmt":"2023-11-03T13:18:18","slug":"invitan-a-participar-de-la-semana-de-las-pymes-y-cooperativas-en-la-region-de-aysen","status":"publish","type":"post","link":"https:\/\/radiorevelacionfm.cl\/?p=36498","title":{"rendered":"Invitan a participar de la \u201cSemana de las Pymes y Cooperativas\u201d en la regi\u00f3n de Ays\u00e9n"},"content":{"rendered":"<div class=\"flex_column av_one_full  flex_column_div av-zero-column-padding first  avia-builder-el-0  el_before_av_one_full  avia-builder-el-first  \" style='border-radius:0px; '><div  class='avia-image-container  av-styling-    avia-builder-el-1  avia-builder-el-no-sibling  avia-align-center '  itemprop=\"image\" itemscope=\"itemscope\" itemtype=\"https:\/\/schema.org\/ImageObject\"  ><div class='avia-image-container-inner'><div class='avia-image-overlay-wrap'><img decoding=\"async\" class='wp-image-36499 avia-img-lazy-loading-not-36499 avia_image' src=\"https:\/\/radiorevelacionfm.cl\/wp-content\/uploads\/2023\/11\/SEREMI-ECONOMIA-FELIPE-ROJAS-2-1-1.jpeg\" alt='' title='SEREMI ECONOMIA FELIPE ROJAS (2) (1) (1)' height=\"600\" width=\"890\"  itemprop=\"thumbnailUrl\" srcset=\"https:\/\/radiorevelacionfm.cl\/wp-content\/uploads\/2023\/11\/SEREMI-ECONOMIA-FELIPE-ROJAS-2-1-1.jpeg 890w, https:\/\/radiorevelacionfm.cl\/wp-content\/uploads\/2023\/11\/SEREMI-ECONOMIA-FELIPE-ROJAS-2-1-1-300x202.jpeg 300w, https:\/\/radiorevelacionfm.cl\/wp-content\/uploads\/2023\/11\/SEREMI-ECONOMIA-FELIPE-ROJAS-2-1-1-768x518.jpeg 768w, https:\/\/radiorevelacionfm.cl\/wp-content\/uploads\/2023\/11\/SEREMI-ECONOMIA-FELIPE-ROJAS-2-1-1-705x475.jpeg 705w, https:\/\/radiorevelacionfm.cl\/wp-content\/uploads\/2023\/11\/SEREMI-ECONOMIA-FELIPE-ROJAS-2-1-1-450x303.jpeg 450w, https:\/\/radiorevelacionfm.cl\/wp-content\/uploads\/2023\/11\/SEREMI-ECONOMIA-FELIPE-ROJAS-2-1-1-600x404.jpeg 600w\" sizes=\"(max-width: 890px) 100vw, 890px\" \/><\/div><\/div><\/div><\/div><div class=\"flex_column av_one_full  flex_column_div av-zero-column-padding first  avia-builder-el-2  el_after_av_one_full  el_before_av_one_full  column-top-margin\" style='border-radius:0px; '><section class=\"av_textblock_section \"  itemscope=\"itemscope\" itemtype=\"https:\/\/schema.org\/BlogPosting\" itemprop=\"blogPost\" ><div class='avia_textblock  '   itemprop=\"text\" ><p style=\"text-align: center;\"><strong><span style=\"font-size: 18pt;\">Invitan a participar de la \u201cSemana de las Pymes y Cooperativas\u201d en la regi\u00f3n de Ays\u00e9n<\/span><\/strong><\/p>\n<div id=\"gtx-trans\" style=\"position: absolute; left: -50px; top: 4.31534px;\">\n<div class=\"gtx-trans-icon\"><\/div>\n<\/div>\n<\/div><\/section><\/div><div class=\"flex_column av_one_full  flex_column_div av-zero-column-padding first  avia-builder-el-4  el_after_av_one_full  el_before_av_hr  column-top-margin\" style='border-radius:0px; '><section class=\"av_textblock_section \"  itemscope=\"itemscope\" itemtype=\"https:\/\/schema.org\/BlogPosting\" itemprop=\"blogPost\" ><div class='avia_textblock  '   itemprop=\"text\" ><p style=\"text-align: justify;\">La Semana de las Pymes y Cooperativas \u00a0es una iniciativa del Ministerio de Econom\u00eda, Fomento y Turismo que se realiza desde el a\u00f1o 2012. Su principal objetivo es destacar la labor de las micro, peque\u00f1as y medianas empresas, como as\u00ed tambi\u00e9n de las cooperativas, adem\u00e1s de visibilizar los instrumentos de fomento, herramientas, proyectos de ley y otras iniciativas desarrolladas en apoyo al ecosistema emprendedor. En ese contexto este 2023, la \u201cSemana de las Pymes y Cooperativas\u201d, se realizar\u00e1 entre el 27 de Noviembre y el 1 de Diciembre en todo nuestro pa\u00eds.<\/p>\n<p style=\"text-align: justify;\">El Seremi de Econom\u00eda, Fomento y Turismo; Felipe Rojas Pizarro se refiri\u00f3 a este hito mencionando que: \u201cEste a\u00f1o pondremos un especial \u00e9nfasis en las diversas actividades donde se genere la articulaci\u00f3n p\u00fablico-privada en relaci\u00f3n al co-dise\u00f1o de pol\u00edticas p\u00fablicas. Creemos fuertemente en que el di\u00e1logo, m\u00e1s una escucha activa son clave para avanzar y continuar fortaleciendo el ecosistema del emprendimiento en nuestro territorio. La Semana de la Pyme y Cooperativas, abre un abanico de posibilidades para continuar robusteciendo a los gremios y cooperativas del territorio, en un a\u00f1o que no ha sido f\u00e1cil, pero que con hitos como este se logra visibilizar de mejor manera el trabajo de mujeres y hombres de nuestra regi\u00f3n quienes son un motor fundamental de la econom\u00eda local.\u201d<\/p>\n<p style=\"text-align: justify;\">El Gobierno Regional de Ays\u00e9n, que ha puesto especial \u00e9nfasis en crear instrumentos para el fomento de las Pymes locales, tambi\u00e9n formar\u00e1 parte de la \u201cSemana de las Pymes y Cooperativas.\u201d En ese contexto la Gobernadora Regional; Andrea Mac\u00edas Palma, relev\u00f3 su importancia para la econom\u00eda territorial: \u201cLa informaci\u00f3n que manejamos nos confirma que las empresas que m\u00e1s actividad tienen en la Regi\u00f3n de Ays\u00e9n son las micro y peque\u00f1as; somos la segunda regi\u00f3n en Chile con el mayor porcentaje de ellas. Por esto nuestros equipos est\u00e1n impulsando pol\u00edticas p\u00fablicas que observan estas caracter\u00edsticas, dise\u00f1ando instrumentos pensados en nuestra realidad regional que buscan dinamizar nuestra econom\u00eda y nuestras empresas y as\u00ed aumentar las capacidades que hoy tenemos en la regi\u00f3n, buscando siempre mejorar el bienestar de todas y todos nuestros habitantes\u00bb.<\/p>\n<p style=\"text-align: justify;\">Este 2023, la \u201cSemana de las Pymes y Cooperativas\u201d contempla una serie de actividades que se desarrollar\u00e1n en nuestro territorio, entre el 27 de Noviembre y el 1 de Diciembre. Destacando entre ellas un interesant\u00edsimo seminario dedicado a contadores y cooperativas, impartido por\u00a0 el especialista Ra\u00fal Lillo.<\/p>\n<p style=\"text-align: justify;\">Desde Sercotec Ays\u00e9n, a trav\u00e9s de su Directora Regional; Nelly Vargas relevaron la gravitancia de instancias como este seminario de contabilidad de Cooperativas, el que se transforma sin duda en otro eslab\u00f3n de alta importancia para continuar robusteciendo la asociatividad. \u201cEste Seminario gestionado por los centros de negocios de Sercotec , tiene una importante relevancia y esto se enmarca en el\u00a0 importante desaf\u00edo que hemos asumido como organismo en impulsar desde la econom\u00eda social el desarrollo del cooperativismo, a trav\u00e9s de la creaci\u00f3n de nuevas empresas sociales y su fortalecimiento, desde un nuevo acercamiento y acompa\u00f1amiento que intenta comprender la situaci\u00f3n actual de las cooperativas, las razones de su debilitamiento y sostenibilidad en el tiempo, el desaf\u00edo de la inclusividad en ellas, su fuerza y capacidad productiva en tiempos de crisis, comprendiendo sus necesidades y dolores, adquiriendo nuevas herramientas para asesorar y acompa\u00f1arlas de mejor manera, c\u00f3mo y con quienes articularnos para fortalecer el ecosistema y vinculaci\u00f3n territorial desde las bases cooperativas, entre otros aspectos relevantes para su desarrollo. Es por esto que nos sentimos muy contentos de generar estas instancias de fortalecimiento de esta verdadera red de emprendedores y emprendedoras.\u201d<\/p>\n<p style=\"text-align: justify;\">El programa completo de actividades \u201cSemana de la Pyme y Cooperativas\u201d estar\u00e1 disponible muy pronto. En Chile, contamos con m\u00e1s de un mill\u00f3n de MiPymes y Cooperativas y por eso el llamado es a que todos los y las emprendedoras, cooperadas\/os, servicios p\u00fablicos y entidades privadas se unan y participen de esta semana, ya que juntos, podemos visibilizar la importancia que tienen las MiPymes y cooperativas en la econom\u00eda de nuestro pa\u00eds y nuestra regi\u00f3n.<\/p>\n<\/div><\/section><\/div><div  style='height:50px' class='hr hr-invisible   avia-builder-el-6  el_after_av_one_full  el_before_av_social_share '><span class='hr-inner ' ><span class='hr-inner-style'><\/span><\/span><\/div><\/p>\n<div  class='av-social-sharing-box  avia-builder-el-7  el_after_av_hr  el_before_av_hr  '><div class='av-share-box'><h5 class='av-share-link-description av-no-toc '>Compartir esta noticia<\/h5><ul class='av-share-box-list noLightbox'><li class='av-share-link av-social-link-facebook' ><a target=\"_blank\" aria-label=\"Compartir en Facebook\" href='https:\/\/www.facebook.com\/sharer.php?u=https:\/\/radiorevelacionfm.cl\/?p=36498&#038;t=Invitan%20a%20participar%20de%20la%20%E2%80%9CSemana%20de%20las%20Pymes%20y%20Cooperativas%E2%80%9D%20en%20la%20regi%C3%B3n%20de%20Ays%C3%A9n' aria-hidden='false' data-av_icon='\ue8f3' data-av_iconfont='entypo-fontello' title='' data-avia-related-tooltip='Compartir en Facebook' rel=\"noopener\"><span class='avia_hidden_link_text'>Compartir en Facebook<\/span><\/a><\/li><li class='av-share-link av-social-link-twitter' ><a target=\"_blank\" aria-label=\"Compartir en Twitter\" href='https:\/\/twitter.com\/share?text=Invitan%20a%20participar%20de%20la%20%E2%80%9CSemana%20de%20las%20Pymes%20y%20Cooperativas%E2%80%9D%20en%20la%20regi%C3%B3n%20de%20Ays%C3%A9n&#038;url=https:\/\/radiorevelacionfm.cl\/?p=36498' aria-hidden='false' data-av_icon='\ue8f1' data-av_iconfont='entypo-fontello' title='' data-avia-related-tooltip='Compartir en Twitter' rel=\"noopener\"><span class='avia_hidden_link_text'>Compartir en Twitter<\/span><\/a><\/li><li class='av-share-link av-social-link-whatsapp' ><a target=\"_blank\" aria-label=\"Compartir en Whatsapp\" href='https:\/\/api.whatsapp.com\/send?text=https:\/\/radiorevelacionfm.cl\/?p=36498' aria-hidden='false' data-av_icon='\uf232' data-av_iconfont='entypo-fontello' title='' data-avia-related-tooltip='Compartir en Whatsapp' rel=\"noopener\"><span class='avia_hidden_link_text'>Compartir en Whatsapp<\/span><\/a><\/li><li class='av-share-link av-social-link-linkedin' ><a target=\"_blank\" aria-label=\"Compartir en LinkedIn\" href='https:\/\/linkedin.com\/shareArticle?mini=true&#038;title=Invitan%20a%20participar%20de%20la%20%E2%80%9CSemana%20de%20las%20Pymes%20y%20Cooperativas%E2%80%9D%20en%20la%20regi%C3%B3n%20de%20Ays%C3%A9n&#038;url=https:\/\/radiorevelacionfm.cl\/?p=36498' aria-hidden='false' data-av_icon='\ue8fc' data-av_iconfont='entypo-fontello' title='' data-avia-related-tooltip='Compartir en LinkedIn' rel=\"noopener\"><span class='avia_hidden_link_text'>Compartir en LinkedIn<\/span><\/a><\/li><li class='av-share-link av-social-link-mail' ><a  aria-label=\"Compartir por correo\" href='mailto:?subject=Invitan%20a%20participar%20de%20la%20%E2%80%9CSemana%20de%20las%20Pymes%20y%20Cooperativas%E2%80%9D%20en%20la%20regi%C3%B3n%20de%20Ays%C3%A9n&#038;body=https:\/\/radiorevelacionfm.cl\/?p=36498' aria-hidden='false' data-av_icon='\ue805' data-av_iconfont='entypo-fontello' title='' data-avia-related-tooltip='Compartir por correo'><span class='avia_hidden_link_text'>Compartir por correo<\/span><\/a><\/li><\/ul><\/div><\/div>\n<div  style='height:50px' class='hr hr-invisible   avia-builder-el-8  el_after_av_social_share  el_before_av_comments_list '><span class='hr-inner ' ><span class='hr-inner-style'><\/span><\/span><\/div>\n<div  class='av-buildercomment  av-blog-meta-html-info-disabled av-blog-meta-tag-disabled  '><\/div>\n","protected":false},"excerpt":{"rendered":"","protected":false},"author":1,"featured_media":36499,"comment_status":"open","ping_status":"open","sticky":false,"template":"","format":"standard","meta":{"footnotes":""},"categories":[38],"tags":[],"class_list":["post-36498","post","type-post","status-publish","format-standard","has-post-thumbnail","hentry","category-regional"],"jetpack_featured_media_url":"https:\/\/radiorevelacionfm.cl\/wp-content\/uploads\/2023\/11\/SEREMI-ECONOMIA-FELIPE-ROJAS-2-1-1.jpeg","_links":{"self":[{"href":"https:\/\/radiorevelacionfm.cl\/index.php?rest_route=\/wp\/v2\/posts\/36498","targetHints":{"allow":["GET"]}}],"collection":[{"href":"https:\/\/radiorevelacionfm.cl\/index.php?rest_route=\/wp\/v2\/posts"}],"about":[{"href":"https:\/\/radiorevelacionfm.cl\/index.php?rest_route=\/wp\/v2\/types\/post"}],"author":[{"embeddable":true,"href":"https:\/\/radiorevelacionfm.cl\/index.php?rest_route=\/wp\/v2\/users\/1"}],"replies":[{"embeddable":true,"href":"https:\/\/radiorevelacionfm.cl\/index.php?rest_route=%2Fwp%2Fv2%2Fcomments&post=36498"}],"version-history":[{"count":1,"href":"https:\/\/radiorevelacionfm.cl\/index.php?rest_route=\/wp\/v2\/posts\/36498\/revisions"}],"predecessor-version":[{"id":36500,"href":"https:\/\/radiorevelacionfm.cl\/index.php?rest_route=\/wp\/v2\/posts\/36498\/revisions\/36500"}],"wp:featuredmedia":[{"embeddable":true,"href":"https:\/\/radiorevelacionfm.cl\/index.php?rest_route=\/wp\/v2\/media\/36499"}],"wp:attachment":[{"href":"https:\/\/radiorevelacionfm.cl\/index.php?rest_route=%2Fwp%2Fv2%2Fmedia&parent=36498"}],"wp:term":[{"taxonomy":"category","embeddable":true,"href":"https:\/\/radiorevelacionfm.cl\/index.php?rest_route=%2Fwp%2Fv2%2Fcategories&post=36498"},{"taxonomy":"post_tag","embeddable":true,"href":"https:\/\/radiorevelacionfm.cl\/index.php?rest_route=%2Fwp%2Fv2%2Ftags&post=36498"}],"curies":[{"name":"wp","href":"https:\/\/api.w.org\/{rel}","templated":true}]}}