{"id":36489,"date":"2023-11-02T11:18:44","date_gmt":"2023-11-02T14:18:44","guid":{"rendered":"https:\/\/radiorevelacionfm.cl\/?p=36489"},"modified":"2023-11-02T11:18:44","modified_gmt":"2023-11-02T14:18:44","slug":"portuaria-chacabuco-recibe-su-primera-recalada-de-la-temporada-de-cruceros","status":"publish","type":"post","link":"https:\/\/radiorevelacionfm.cl\/?p=36489","title":{"rendered":"Portuaria Chacabuco recibe su primera recalada de la Temporada de Cruceros"},"content":{"rendered":"<div class=\"flex_column av_one_full  flex_column_div av-zero-column-padding first  avia-builder-el-0  el_before_av_one_full  avia-builder-el-first  \" style='border-radius:0px; '><div  class='avia-image-container  av-styling-    avia-builder-el-1  avia-builder-el-no-sibling  avia-align-center '  itemprop=\"image\" itemscope=\"itemscope\" itemtype=\"https:\/\/schema.org\/ImageObject\"  ><div class='avia-image-container-inner'><div class='avia-image-overlay-wrap'><img decoding=\"async\" class='wp-image-36490 avia-img-lazy-loading-not-36490 avia_image' src=\"https:\/\/radiorevelacionfm.cl\/wp-content\/uploads\/2023\/11\/Primer-Cruceros-2023-2-1-1.jpeg\" alt='' title='Primer Cruceros 2023 2 (1) (1)' height=\"600\" width=\"796\"  itemprop=\"thumbnailUrl\" srcset=\"https:\/\/radiorevelacionfm.cl\/wp-content\/uploads\/2023\/11\/Primer-Cruceros-2023-2-1-1.jpeg 796w, https:\/\/radiorevelacionfm.cl\/wp-content\/uploads\/2023\/11\/Primer-Cruceros-2023-2-1-1-300x226.jpeg 300w, https:\/\/radiorevelacionfm.cl\/wp-content\/uploads\/2023\/11\/Primer-Cruceros-2023-2-1-1-768x579.jpeg 768w, https:\/\/radiorevelacionfm.cl\/wp-content\/uploads\/2023\/11\/Primer-Cruceros-2023-2-1-1-705x531.jpeg 705w, https:\/\/radiorevelacionfm.cl\/wp-content\/uploads\/2023\/11\/Primer-Cruceros-2023-2-1-1-450x339.jpeg 450w, https:\/\/radiorevelacionfm.cl\/wp-content\/uploads\/2023\/11\/Primer-Cruceros-2023-2-1-1-600x452.jpeg 600w\" sizes=\"(max-width: 796px) 100vw, 796px\" \/><\/div><\/div><\/div><\/div><div class=\"flex_column av_one_full  flex_column_div av-zero-column-padding first  avia-builder-el-2  el_after_av_one_full  el_before_av_one_full  column-top-margin\" style='border-radius:0px; '><section class=\"av_textblock_section \"  itemscope=\"itemscope\" itemtype=\"https:\/\/schema.org\/BlogPosting\" itemprop=\"blogPost\" ><div class='avia_textblock  '   itemprop=\"text\" ><p style=\"text-align: center;\"><strong><span style=\"font-size: 18pt;\">Portuaria Chacabuco recibe su primera recalada de la Temporada de Cruceros<\/span><\/strong><\/p>\n<div id=\"gtx-trans\" style=\"position: absolute; left: -50px; top: 4.31534px;\">\n<div class=\"gtx-trans-icon\"><\/div>\n<\/div>\n<\/div><\/section><\/div><div class=\"flex_column av_one_full  flex_column_div av-zero-column-padding first  avia-builder-el-4  el_after_av_one_full  el_before_av_hr  column-top-margin\" style='border-radius:0px; '><section class=\"av_textblock_section \"  itemscope=\"itemscope\" itemtype=\"https:\/\/schema.org\/BlogPosting\" itemprop=\"blogPost\" ><div class='avia_textblock  '   itemprop=\"text\" ><p class=\"v1Marcelo\" style=\"text-align: justify;\">La recalada del crucero boutique \u201cL\u2019 Austral\u201d, de la l\u00ednea Ponant, durante este fin de semana, se convirti\u00f3 en el primer arribo de un crucero en los muelles de Empresa Portuaria Chacabuco (Emporcha) en la presente temporada.<\/p>\n<p class=\"v1Marcelo\" style=\"text-align: justify;\">Con 169 pasajeros a bordo, quienes fueron recibidos en el terminal de cruceros de la compa\u00f1\u00eda estatal, para luego recorrer las inmediaciones de Ays\u00e9n, la nave se convirti\u00f3 en la primera que se atiende en la infraestructura.<\/p>\n<p class=\"v1Marcelo\" style=\"text-align: justify;\">Se espera que 14 naves de pasajeros de las 35 que en total est\u00e1n anunciadas para la Regi\u00f3n de Ays\u00e9n en el marco de la Temporada 2023-24 de Cruceros, recalen en dependencias de Emporcha, mientras que las restantes lo har\u00e1n en el puerto de Oxxean y en Tortel.<\/p>\n<p class=\"v1Marcelo\" style=\"text-align: justify;\">Seg\u00fan destac\u00f3 Felipe Candia, gerente general de la Empresa Portuaria Chacabuco (Emporcha), la llegada de \u201cL\u2019 Austral\u201d marca el comienzo de un periodo beneficioso para la regi\u00f3n.\u00a0\u201cLas recaladas de 14 naves que tendremos en nuestros muelles representan un aumento del 40% respecto de la temporada anterior, lo que nos permite estar por sobre la proyecci\u00f3n nacional, donde espera una mantenci\u00f3n en el n\u00famero de recaladas en relaci\u00f3n al ciclo pasado\u201d,\u00a0a\u00f1adi\u00f3.<\/p>\n<p class=\"v1Marcelo\" style=\"text-align: justify;\">Esta auspiciosa proyecci\u00f3n, adem\u00e1s, se repetir\u00e1 en el n\u00famero de pasajeros, donde espera un crecimiento del orden del 80% respecto del ciclo anterior, con poco m\u00e1s de 15 mil visitantes comparados con los 8.371 del 2022-2023.<\/p>\n<p class=\"v1Marcelo\" style=\"text-align: justify;\">\u201cPara nosotros es una buena noticia, significa que Chacabuco se va consolidando como destino de cruceros, y esperamos que esta tendencia siga al alza, despu\u00e9s de la baja que signific\u00f3 la pandemia (\u2026)\u00a0Creemos que las gestiones que se han realizado y la promoci\u00f3n comercial han tenido efecto. Precisamente con ejecutivos de esta l\u00ednea de cruceros, la cual no ven\u00eda a Chacabuco hace m\u00e1s de 10 a\u00f1os, estuvimos reunidos en la convenci\u00f3n de cruceros Seatrade 2023\u201d,\u00a0a\u00f1adi\u00f3 el ejecutivo.<\/p>\n<p class=\"v1Marcelo\" style=\"text-align: justify;\">Candia tambi\u00e9n destac\u00f3 la coordinaci\u00f3n previa que se ha venido desarrollando junto a servicios p\u00fablicos como Aduanas, la Armada y el Servicio Agr\u00edcola y Ganadero (SAG), que permitieron el fin de semana recibir sin contratiempos a los turistas y que posibilitar\u00e1n una fluidez en la atenci\u00f3n de los siguientes visitantes que arriben a Emporcha. Destac\u00f3 adem\u00e1s la presencia de Sernatur regional, la cual concurri\u00f3 con personal biling\u00fce que entreg\u00f3 informaci\u00f3n tur\u00edstica en las dependencias del terminal de pasajeros internacional.<\/p>\n<p class=\"v1Marcelo\" style=\"text-align: justify;\">Cabe se\u00f1alar que la temporada de cruceros para Emporcha se extender\u00e1 hasta el 20 de marzo de 2024 con el arribo del crucero Norwegian Star del holding NCL.<\/p>\n<\/div><\/section><\/div><div  style='height:50px' class='hr hr-invisible   avia-builder-el-6  el_after_av_one_full  el_before_av_social_share '><span class='hr-inner ' ><span class='hr-inner-style'><\/span><\/span><\/div><\/p>\n<div  class='av-social-sharing-box  avia-builder-el-7  el_after_av_hr  el_before_av_hr  '><div class='av-share-box'><h5 class='av-share-link-description av-no-toc '>Compartir esta noticia<\/h5><ul class='av-share-box-list noLightbox'><li class='av-share-link av-social-link-facebook' ><a target=\"_blank\" aria-label=\"Compartir en Facebook\" href='https:\/\/www.facebook.com\/sharer.php?u=https:\/\/radiorevelacionfm.cl\/?p=36489&#038;t=Portuaria%20Chacabuco%20recibe%20su%20primera%20recalada%20de%20la%20Temporada%20de%20Cruceros' aria-hidden='false' data-av_icon='\ue8f3' data-av_iconfont='entypo-fontello' title='' data-avia-related-tooltip='Compartir en Facebook' rel=\"noopener\"><span class='avia_hidden_link_text'>Compartir en Facebook<\/span><\/a><\/li><li class='av-share-link av-social-link-twitter' ><a target=\"_blank\" aria-label=\"Compartir en Twitter\" href='https:\/\/twitter.com\/share?text=Portuaria%20Chacabuco%20recibe%20su%20primera%20recalada%20de%20la%20Temporada%20de%20Cruceros&#038;url=https:\/\/radiorevelacionfm.cl\/?p=36489' aria-hidden='false' data-av_icon='\ue8f1' data-av_iconfont='entypo-fontello' title='' data-avia-related-tooltip='Compartir en Twitter' rel=\"noopener\"><span class='avia_hidden_link_text'>Compartir en Twitter<\/span><\/a><\/li><li class='av-share-link av-social-link-whatsapp' ><a target=\"_blank\" aria-label=\"Compartir en Whatsapp\" href='https:\/\/api.whatsapp.com\/send?text=https:\/\/radiorevelacionfm.cl\/?p=36489' aria-hidden='false' data-av_icon='\uf232' data-av_iconfont='entypo-fontello' title='' data-avia-related-tooltip='Compartir en Whatsapp' rel=\"noopener\"><span class='avia_hidden_link_text'>Compartir en Whatsapp<\/span><\/a><\/li><li class='av-share-link av-social-link-linkedin' ><a target=\"_blank\" aria-label=\"Compartir en LinkedIn\" href='https:\/\/linkedin.com\/shareArticle?mini=true&#038;title=Portuaria%20Chacabuco%20recibe%20su%20primera%20recalada%20de%20la%20Temporada%20de%20Cruceros&#038;url=https:\/\/radiorevelacionfm.cl\/?p=36489' aria-hidden='false' data-av_icon='\ue8fc' data-av_iconfont='entypo-fontello' title='' data-avia-related-tooltip='Compartir en LinkedIn' rel=\"noopener\"><span class='avia_hidden_link_text'>Compartir en LinkedIn<\/span><\/a><\/li><li class='av-share-link av-social-link-mail' ><a  aria-label=\"Compartir por correo\" href='mailto:?subject=Portuaria%20Chacabuco%20recibe%20su%20primera%20recalada%20de%20la%20Temporada%20de%20Cruceros&#038;body=https:\/\/radiorevelacionfm.cl\/?p=36489' aria-hidden='false' data-av_icon='\ue805' data-av_iconfont='entypo-fontello' title='' data-avia-related-tooltip='Compartir por correo'><span class='avia_hidden_link_text'>Compartir por correo<\/span><\/a><\/li><\/ul><\/div><\/div>\n<div  style='height:50px' class='hr hr-invisible   avia-builder-el-8  el_after_av_social_share  el_before_av_comments_list '><span class='hr-inner ' ><span class='hr-inner-style'><\/span><\/span><\/div>\n<div  class='av-buildercomment  av-blog-meta-html-info-disabled av-blog-meta-tag-disabled  '><\/div>\n","protected":false},"excerpt":{"rendered":"","protected":false},"author":1,"featured_media":36490,"comment_status":"open","ping_status":"open","sticky":false,"template":"","format":"standard","meta":{"footnotes":""},"categories":[54],"tags":[],"class_list":["post-36489","post","type-post","status-publish","format-standard","has-post-thumbnail","hentry","category-turismo"],"jetpack_featured_media_url":"https:\/\/radiorevelacionfm.cl\/wp-content\/uploads\/2023\/11\/Primer-Cruceros-2023-2-1-1.jpeg","_links":{"self":[{"href":"https:\/\/radiorevelacionfm.cl\/index.php?rest_route=\/wp\/v2\/posts\/36489","targetHints":{"allow":["GET"]}}],"collection":[{"href":"https:\/\/radiorevelacionfm.cl\/index.php?rest_route=\/wp\/v2\/posts"}],"about":[{"href":"https:\/\/radiorevelacionfm.cl\/index.php?rest_route=\/wp\/v2\/types\/post"}],"author":[{"embeddable":true,"href":"https:\/\/radiorevelacionfm.cl\/index.php?rest_route=\/wp\/v2\/users\/1"}],"replies":[{"embeddable":true,"href":"https:\/\/radiorevelacionfm.cl\/index.php?rest_route=%2Fwp%2Fv2%2Fcomments&post=36489"}],"version-history":[{"count":1,"href":"https:\/\/radiorevelacionfm.cl\/index.php?rest_route=\/wp\/v2\/posts\/36489\/revisions"}],"predecessor-version":[{"id":36491,"href":"https:\/\/radiorevelacionfm.cl\/index.php?rest_route=\/wp\/v2\/posts\/36489\/revisions\/36491"}],"wp:featuredmedia":[{"embeddable":true,"href":"https:\/\/radiorevelacionfm.cl\/index.php?rest_route=\/wp\/v2\/media\/36490"}],"wp:attachment":[{"href":"https:\/\/radiorevelacionfm.cl\/index.php?rest_route=%2Fwp%2Fv2%2Fmedia&parent=36489"}],"wp:term":[{"taxonomy":"category","embeddable":true,"href":"https:\/\/radiorevelacionfm.cl\/index.php?rest_route=%2Fwp%2Fv2%2Fcategories&post=36489"},{"taxonomy":"post_tag","embeddable":true,"href":"https:\/\/radiorevelacionfm.cl\/index.php?rest_route=%2Fwp%2Fv2%2Ftags&post=36489"}],"curies":[{"name":"wp","href":"https:\/\/api.w.org\/{rel}","templated":true}]}}