{"id":36482,"date":"2023-11-02T09:47:14","date_gmt":"2023-11-02T12:47:14","guid":{"rendered":"https:\/\/radiorevelacionfm.cl\/?p=36482"},"modified":"2023-11-02T09:47:14","modified_gmt":"2023-11-02T12:47:14","slug":"comunidades-de-zonas-turisticas-chelenko-y-provincia-de-los-glaciares-conocen-nuevos-tramos-de-pavimentacion-y-proyecto-de-puente-sobre-rio-pascua","status":"publish","type":"post","link":"https:\/\/radiorevelacionfm.cl\/?p=36482","title":{"rendered":"Comunidades de zonas tur\u00edsticas chelenko y provincia de los glaciares conocen nuevos tramos de pavimentaci\u00f3n y proyecto de puente sobre R\u00edo Pascua"},"content":{"rendered":"<div class=\"flex_column av_one_full  flex_column_div av-zero-column-padding first  avia-builder-el-0  el_before_av_one_full  avia-builder-el-first  \" style='border-radius:0px; '><div  class='avia-image-container  av-styling-    avia-builder-el-1  avia-builder-el-no-sibling  avia-align-center '  itemprop=\"image\" itemscope=\"itemscope\" itemtype=\"https:\/\/schema.org\/ImageObject\"  ><div class='avia-image-container-inner'><div class='avia-image-overlay-wrap'><img decoding=\"async\" class='wp-image-36483 avia-img-lazy-loading-not-36483 avia_image' src=\"https:\/\/radiorevelacionfm.cl\/wp-content\/uploads\/2023\/11\/dos-pav-cochrane-1_optimized.jpg\" alt='' title='dos-pav-cochrane-(1)_optimized' height=\"600\" width=\"1067\"  itemprop=\"thumbnailUrl\" srcset=\"https:\/\/radiorevelacionfm.cl\/wp-content\/uploads\/2023\/11\/dos-pav-cochrane-1_optimized.jpg 1067w, https:\/\/radiorevelacionfm.cl\/wp-content\/uploads\/2023\/11\/dos-pav-cochrane-1_optimized-300x169.jpg 300w, https:\/\/radiorevelacionfm.cl\/wp-content\/uploads\/2023\/11\/dos-pav-cochrane-1_optimized-1030x579.jpg 1030w, https:\/\/radiorevelacionfm.cl\/wp-content\/uploads\/2023\/11\/dos-pav-cochrane-1_optimized-768x432.jpg 768w, https:\/\/radiorevelacionfm.cl\/wp-content\/uploads\/2023\/11\/dos-pav-cochrane-1_optimized-705x396.jpg 705w, https:\/\/radiorevelacionfm.cl\/wp-content\/uploads\/2023\/11\/dos-pav-cochrane-1_optimized-450x253.jpg 450w, https:\/\/radiorevelacionfm.cl\/wp-content\/uploads\/2023\/11\/dos-pav-cochrane-1_optimized-600x337.jpg 600w\" sizes=\"(max-width: 1067px) 100vw, 1067px\" \/><\/div><\/div><\/div><\/div><div class=\"flex_column av_one_full  flex_column_div av-zero-column-padding first  avia-builder-el-2  el_after_av_one_full  el_before_av_one_full  column-top-margin\" style='border-radius:0px; '><section class=\"av_textblock_section \"  itemscope=\"itemscope\" itemtype=\"https:\/\/schema.org\/BlogPosting\" itemprop=\"blogPost\" ><div class='avia_textblock  '   itemprop=\"text\" ><p style=\"text-align: center;\"><span style=\"font-size: 18pt;\"><strong>Comunidades de zonas tur\u00edsticas chelenko y provincia de los glaciares conocen nuevos tramos de pavimentaci\u00f3n y proyecto de puente sobre R\u00edo Pascua<\/strong><\/span><\/p>\n<div id=\"gtx-trans\" style=\"position: absolute; left: -50px; top: 4.31534px;\">\n<div class=\"gtx-trans-icon\"><\/div>\n<\/div>\n<\/div><\/section><\/div><div class=\"flex_column av_one_full  flex_column_div av-zero-column-padding first  avia-builder-el-4  el_after_av_one_full  el_before_av_hr  column-top-margin\" style='border-radius:0px; '><section class=\"av_textblock_section \"  itemscope=\"itemscope\" itemtype=\"https:\/\/schema.org\/BlogPosting\" itemprop=\"blogPost\" ><div class='avia_textblock  '   itemprop=\"text\" ><p style=\"text-align: justify;\"><em>\u201cEste a\u00f1o vamos a llamar a licitaci\u00f3n 77 kil\u00f3metros de pavimentaci\u00f3n en la Ruta 7 y entre el sector El Mait\u00e9n y Puerto Guadal, estamos pavimentando la Ruta 7 al sur de Cochrane, y vamos a firmar convenio con CMT para instalar puente sobre el R\u00edo Pascua\u201d, son algunos de los anuncios informados a la comunidad por el SEREMI del MOP, en el marco de trabajo realizado en terreno con vecinas, vecinos y autoridades electas.<\/em><\/p>\n<p style=\"text-align: justify;\">El Secretario Regional Ministerial de Obras P\u00fablicas, Patricio Sanhueza Ulloa viaj\u00f3 a la zona sur de la regi\u00f3n de Ays\u00e9n para participar en reuni\u00f3n de Zonas de Inter\u00e9s Tur\u00edstico, Zoit Chelenko y Zoit de la Provincia de Los Glaciares, as\u00ed como tambi\u00e9n para reunirse con el Alcalde de Caleta Tortel Abel Becerra, y exponer nuevas iniciativas que mejorar\u00e1n condiciones de conectividad de las vecinas y vecinos de ambos sectores de la regi\u00f3n de Ays\u00e9n.<\/p>\n<p style=\"text-align: justify;\">La autoridad regional de Obras P\u00fablicas realiz\u00f3 un balance de la jornada indicando al respecto que \u201cparticipamos en la segunda reuni\u00f3n del Directorio de la ZOIT, tuvimos una gran concurrencia y estamos muy contentos, porque pudimos exponer importantes iniciativas que mejorar\u00e1n la conectividad de las personas, lo que para nosotros como gobierno es muy relevante, as\u00ed que hemos anunciado que en lo que resta de este a\u00f1o vamos a llamar a licitaci\u00f3n 77 kil\u00f3metros de pavimentaci\u00f3n en la Ruta 7 y entre el sector El Mait\u00e9n y Puerto Guadal. Tambi\u00e9n nos reunimos con el Alcalde de la comuna de Tortel Abel Becerra a quien le informamos que vamos a mejorar con la aplicaci\u00f3n de sello asf\u00e1ltico los 22 kil\u00f3metros que unen a Caleta Tortel con la Ruta 7 Sur, y durante el pr\u00f3ximo a\u00f1o comenzaremos con los dos primeros kil\u00f3metros desde el acceso al Aer\u00f3dromo hasta Caleta Tortel, as\u00ed como tambi\u00e9n anunciamos que firmaremos un convenio con el Cuerpo Militar del Trabajo para instalar un puente sobre el R\u00edo Pascua, lo que permitir\u00e1 conectar en mejores condiciones a los pobladores del sector con otros lugares de la regi\u00f3n, as\u00ed que continuamos avanzando con diversas iniciativas para mejorar la calidad de vida de las personas como lo ha mandatado nuestro presidente y ministra\u201d.<\/p>\n<p style=\"text-align: justify;\">Posteriormente, junto al Director Regional de Vialidad Renzo Sanders Cort\u00e9s y el equipo de la Oficina Provincial de Vialidad MOP en Capit\u00e1n Prat, el SEREMI del MOP realiz\u00f3 una inspecci\u00f3n a las obras de pavimentaci\u00f3n que se desarrollan en la Ruta 7 al sur de la ciudad de Cochrane, oportunidad en la que constataron un 90% de avance en los trabajos de confecci\u00f3n de suelo cemento y este viernes 03 de noviembre realizar\u00e1n la aplicaci\u00f3n de sello asf\u00e1ltico con gravilla en este tramo, consolidando estas obras la pavimentaci\u00f3n de este sector.<\/p>\n<p style=\"text-align: justify;\">As\u00ed lo refrend\u00f3 Patricio Sanhueza, destacando que \u201cestamos revisando los trabajos de pavimentaci\u00f3n de tres kil\u00f3metros al sur de la ciudad de Cochrane en la Ruta 7 Sur, propuestos por la ministra Jessica L\u00f3pez para seguir avanzando fuertemente con soluciones de suelo cemento en este caso. Estamos invirtiendo fuertemente en la Oficina Provincial de Vialidad para entregar m\u00e1s y mejor bienestar a la comunidad con estas obras que traen aparejado no solamente un mayor confort en el tr\u00e1nsito, sino tambi\u00e9n con ellas disminuimos fuertemente el polvo en suspensi\u00f3n, son amigables ambientalmente y no requieren la colocaci\u00f3n permanente de ripio. Es una inversi\u00f3n importante que est\u00e1 realizando el Ministerio de Obras P\u00fablicas del orden de los $450 millones, y forma parte del compromiso ministerial de seguir avanzando con estas soluciones no solamente con obras en la Ruta 7 sino tambi\u00e9n, en muchos otros caminos\u201d.<\/p>\n<p style=\"text-align: justify;\">Consultado el Delegado Presidencial Provincial de Capit\u00e1n Prat, Cristian Fuentealba, acerca del resultado de este trabajo en terreno con las y los vecinos, y las iniciativas anunciadas, destac\u00f3 que como Delegaci\u00f3n y representante del gobierno, se hace sentido el cumplimiento de las promesas del gobierno de Gabriel Boric. \u201cMejorando la calidad de vida y la conectividad en todo el territorio hasta el sector m\u00e1s austral de nuestra regi\u00f3n, as\u00ed que estamos muy contentos con el SEREMI por hacer realidad este tan sentido anhelo de la comunidad de mejorar nuestra conectividad, lo que esperamos contin\u00fae. Estamos muy orgullosos, porque esto empez\u00f3 en nuestra provincia y hoy d\u00eda es un ejemplo para toda la regi\u00f3n, as\u00ed que agradecemos este gran trabajo a la gente de Vialidad y a su Serem\u00eda por el sentido que le han dado a mejorar la calidad de vida de todos los habitantes de nuestra provincia\u201d.<\/p>\n<\/div><\/section><\/div><div  style='height:50px' class='hr hr-invisible   avia-builder-el-6  el_after_av_one_full  el_before_av_social_share '><span class='hr-inner ' ><span class='hr-inner-style'><\/span><\/span><\/div><\/p>\n<div  class='av-social-sharing-box  avia-builder-el-7  el_after_av_hr  el_before_av_hr  '><div class='av-share-box'><h5 class='av-share-link-description av-no-toc '>Compartir esta noticia<\/h5><ul class='av-share-box-list noLightbox'><li class='av-share-link av-social-link-facebook' ><a target=\"_blank\" aria-label=\"Compartir en Facebook\" href='https:\/\/www.facebook.com\/sharer.php?u=https:\/\/radiorevelacionfm.cl\/?p=36482&#038;t=Comunidades%20de%20zonas%20tur%C3%ADsticas%20chelenko%20y%20provincia%20de%20los%20glaciares%20conocen%20nuevos%20tramos%20de%20pavimentaci%C3%B3n%20y%20proyecto%20de%20puente%20sobre%20R%C3%ADo%20Pascua' aria-hidden='false' data-av_icon='\ue8f3' data-av_iconfont='entypo-fontello' title='' data-avia-related-tooltip='Compartir en Facebook' rel=\"noopener\"><span class='avia_hidden_link_text'>Compartir en Facebook<\/span><\/a><\/li><li class='av-share-link av-social-link-twitter' ><a target=\"_blank\" aria-label=\"Compartir en Twitter\" href='https:\/\/twitter.com\/share?text=Comunidades%20de%20zonas%20tur%C3%ADsticas%20chelenko%20y%20provincia%20de%20los%20glaciares%20conocen%20nuevos%20tramos%20de%20pavimentaci%C3%B3n%20y%20proyecto%20de%20puente%20sobre%20R%C3%ADo%20Pascua&#038;url=https:\/\/radiorevelacionfm.cl\/?p=36482' aria-hidden='false' data-av_icon='\ue8f1' data-av_iconfont='entypo-fontello' title='' data-avia-related-tooltip='Compartir en Twitter' rel=\"noopener\"><span class='avia_hidden_link_text'>Compartir en Twitter<\/span><\/a><\/li><li class='av-share-link av-social-link-whatsapp' ><a target=\"_blank\" aria-label=\"Compartir en Whatsapp\" href='https:\/\/api.whatsapp.com\/send?text=https:\/\/radiorevelacionfm.cl\/?p=36482' aria-hidden='false' data-av_icon='\uf232' data-av_iconfont='entypo-fontello' title='' data-avia-related-tooltip='Compartir en Whatsapp' rel=\"noopener\"><span class='avia_hidden_link_text'>Compartir en Whatsapp<\/span><\/a><\/li><li class='av-share-link av-social-link-linkedin' ><a target=\"_blank\" aria-label=\"Compartir en LinkedIn\" href='https:\/\/linkedin.com\/shareArticle?mini=true&#038;title=Comunidades%20de%20zonas%20tur%C3%ADsticas%20chelenko%20y%20provincia%20de%20los%20glaciares%20conocen%20nuevos%20tramos%20de%20pavimentaci%C3%B3n%20y%20proyecto%20de%20puente%20sobre%20R%C3%ADo%20Pascua&#038;url=https:\/\/radiorevelacionfm.cl\/?p=36482' aria-hidden='false' data-av_icon='\ue8fc' data-av_iconfont='entypo-fontello' title='' data-avia-related-tooltip='Compartir en LinkedIn' rel=\"noopener\"><span class='avia_hidden_link_text'>Compartir en LinkedIn<\/span><\/a><\/li><li class='av-share-link av-social-link-mail' ><a  aria-label=\"Compartir por correo\" href='mailto:?subject=Comunidades%20de%20zonas%20tur%C3%ADsticas%20chelenko%20y%20provincia%20de%20los%20glaciares%20conocen%20nuevos%20tramos%20de%20pavimentaci%C3%B3n%20y%20proyecto%20de%20puente%20sobre%20R%C3%ADo%20Pascua&#038;body=https:\/\/radiorevelacionfm.cl\/?p=36482' aria-hidden='false' data-av_icon='\ue805' data-av_iconfont='entypo-fontello' title='' data-avia-related-tooltip='Compartir por correo'><span class='avia_hidden_link_text'>Compartir por correo<\/span><\/a><\/li><\/ul><\/div><\/div>\n<div  style='height:50px' class='hr hr-invisible   avia-builder-el-8  el_after_av_social_share  el_before_av_comments_list '><span class='hr-inner ' ><span class='hr-inner-style'><\/span><\/span><\/div>\n<div  class='av-buildercomment  av-blog-meta-html-info-disabled av-blog-meta-tag-disabled  '><\/div>\n","protected":false},"excerpt":{"rendered":"","protected":false},"author":1,"featured_media":36483,"comment_status":"open","ping_status":"open","sticky":false,"template":"","format":"standard","meta":{"footnotes":""},"categories":[38],"tags":[],"class_list":["post-36482","post","type-post","status-publish","format-standard","has-post-thumbnail","hentry","category-regional"],"jetpack_featured_media_url":"https:\/\/radiorevelacionfm.cl\/wp-content\/uploads\/2023\/11\/dos-pav-cochrane-1_optimized.jpg","_links":{"self":[{"href":"https:\/\/radiorevelacionfm.cl\/index.php?rest_route=\/wp\/v2\/posts\/36482","targetHints":{"allow":["GET"]}}],"collection":[{"href":"https:\/\/radiorevelacionfm.cl\/index.php?rest_route=\/wp\/v2\/posts"}],"about":[{"href":"https:\/\/radiorevelacionfm.cl\/index.php?rest_route=\/wp\/v2\/types\/post"}],"author":[{"embeddable":true,"href":"https:\/\/radiorevelacionfm.cl\/index.php?rest_route=\/wp\/v2\/users\/1"}],"replies":[{"embeddable":true,"href":"https:\/\/radiorevelacionfm.cl\/index.php?rest_route=%2Fwp%2Fv2%2Fcomments&post=36482"}],"version-history":[{"count":1,"href":"https:\/\/radiorevelacionfm.cl\/index.php?rest_route=\/wp\/v2\/posts\/36482\/revisions"}],"predecessor-version":[{"id":36484,"href":"https:\/\/radiorevelacionfm.cl\/index.php?rest_route=\/wp\/v2\/posts\/36482\/revisions\/36484"}],"wp:featuredmedia":[{"embeddable":true,"href":"https:\/\/radiorevelacionfm.cl\/index.php?rest_route=\/wp\/v2\/media\/36483"}],"wp:attachment":[{"href":"https:\/\/radiorevelacionfm.cl\/index.php?rest_route=%2Fwp%2Fv2%2Fmedia&parent=36482"}],"wp:term":[{"taxonomy":"category","embeddable":true,"href":"https:\/\/radiorevelacionfm.cl\/index.php?rest_route=%2Fwp%2Fv2%2Fcategories&post=36482"},{"taxonomy":"post_tag","embeddable":true,"href":"https:\/\/radiorevelacionfm.cl\/index.php?rest_route=%2Fwp%2Fv2%2Ftags&post=36482"}],"curies":[{"name":"wp","href":"https:\/\/api.w.org\/{rel}","templated":true}]}}