{"id":36478,"date":"2023-11-01T22:59:12","date_gmt":"2023-11-02T01:59:12","guid":{"rendered":"https:\/\/radiorevelacionfm.cl\/?p=36478"},"modified":"2023-11-01T22:59:12","modified_gmt":"2023-11-02T01:59:12","slug":"parlamentarios-de-aysen-es-prioritario-reconocer-el-derecho-a-cuidar-y-ser-cuidado","status":"publish","type":"post","link":"https:\/\/radiorevelacionfm.cl\/?p=36478","title":{"rendered":"Parlamentarios de Ays\u00e9n: \u00abEs prioritario reconocer el derecho a cuidar y ser cuidado\u00bb"},"content":{"rendered":"<div class=\"flex_column av_one_full  flex_column_div av-zero-column-padding first  avia-builder-el-0  el_before_av_one_full  avia-builder-el-first  \" style='border-radius:0px; '><div  class='avia-image-container  av-styling-    avia-builder-el-1  avia-builder-el-no-sibling  avia-align-center '  itemprop=\"image\" itemscope=\"itemscope\" itemtype=\"https:\/\/schema.org\/ImageObject\"  ><div class='avia-image-container-inner'><div class='avia-image-overlay-wrap'><img decoding=\"async\" class='wp-image-36480 avia-img-lazy-loading-not-36480 avia_image' src=\"https:\/\/radiorevelacionfm.cl\/wp-content\/uploads\/2023\/11\/parlamentarioscuidados-1-1_optimized-1_optimized-1.jpg\" alt='' title='parlamentarioscuidados-1-(1)_optimized-(1)_optimized (1)' height=\"600\" width=\"1063\"  itemprop=\"thumbnailUrl\" srcset=\"https:\/\/radiorevelacionfm.cl\/wp-content\/uploads\/2023\/11\/parlamentarioscuidados-1-1_optimized-1_optimized-1.jpg 1063w, https:\/\/radiorevelacionfm.cl\/wp-content\/uploads\/2023\/11\/parlamentarioscuidados-1-1_optimized-1_optimized-1-300x169.jpg 300w, https:\/\/radiorevelacionfm.cl\/wp-content\/uploads\/2023\/11\/parlamentarioscuidados-1-1_optimized-1_optimized-1-1030x581.jpg 1030w, https:\/\/radiorevelacionfm.cl\/wp-content\/uploads\/2023\/11\/parlamentarioscuidados-1-1_optimized-1_optimized-1-768x433.jpg 768w, https:\/\/radiorevelacionfm.cl\/wp-content\/uploads\/2023\/11\/parlamentarioscuidados-1-1_optimized-1_optimized-1-705x398.jpg 705w, https:\/\/radiorevelacionfm.cl\/wp-content\/uploads\/2023\/11\/parlamentarioscuidados-1-1_optimized-1_optimized-1-450x254.jpg 450w, https:\/\/radiorevelacionfm.cl\/wp-content\/uploads\/2023\/11\/parlamentarioscuidados-1-1_optimized-1_optimized-1-600x339.jpg 600w\" sizes=\"(max-width: 1063px) 100vw, 1063px\" \/><\/div><\/div><\/div><\/div>\n<div class=\"flex_column av_one_full  flex_column_div av-zero-column-padding first  avia-builder-el-2  el_after_av_one_full  el_before_av_one_full  column-top-margin\" style='border-radius:0px; '><section class=\"av_textblock_section \"  itemscope=\"itemscope\" itemtype=\"https:\/\/schema.org\/BlogPosting\" itemprop=\"blogPost\" ><div class='avia_textblock  '   itemprop=\"text\" ><p style=\"text-align: center;\"><strong><span style=\"font-size: 18pt;\">Parlamentarios de Ays\u00e9n: \u00abEs prioritario reconocer el derecho a cuidar y ser cuidado\u00bb\u00a0<\/span><\/strong><\/p>\n<div id=\"gtx-trans\" style=\"position: absolute; left: -50px; top: 4.31534px;\">\n<div class=\"gtx-trans-icon\"><\/div>\n<\/div>\n<\/div><\/section><\/div><div class=\"flex_column av_one_full  flex_column_div av-zero-column-padding first  avia-builder-el-4  el_after_av_one_full  el_before_av_hr  column-top-margin\" style='border-radius:0px; '><section class=\"av_textblock_section \"  itemscope=\"itemscope\" itemtype=\"https:\/\/schema.org\/BlogPosting\" itemprop=\"blogPost\" ><div class='avia_textblock  '   itemprop=\"text\" ><p class=\"v1MsoNormal\" style=\"text-align: justify;\"><i><span class=\"v1ContentPasted0\" lang=\"ES\">Los Diputados Alinco, Raphael y Senadora \u00d3rdenes tras aceptar invitaci\u00f3n de Seremi de Desarrollo Social y Familia conocieron en detalle los resultados de los Di\u00e1logos de Cuidados y las necesidades en el tema expresando su compromiso a trabajar en ello.\u00a0<\/span><\/i><\/p>\n<p class=\"v1MsoNormal\" style=\"text-align: justify;\"><span class=\"v1ContentPasted0\" lang=\"ES\">Este mes de noviembre se inicia la discusi\u00f3n presupuestaria en el Congreso en donde uno de los temas a discutir es el aumento de recursos para el programa de Apoyos y Cuidados y que permitir\u00e1 avanzar en el Sistema Nacional Integral de Cuidados. En este sentido es que la Seremi de Desarrollo Social y Familia Karina Acevedo sostuvo una reuni\u00f3n con la Senadora Ximena \u00d3rdenes y los diputados Marcia Raphael y Ren\u00e9 Alinco, con el objetivo de darles a conocer el resultado de los Di\u00e1logos de Cuidados en la regi\u00f3n y conocer sus posturas al respecto.\u00a0<\/span><\/p>\n<p class=\"v1MsoNormal\" style=\"text-align: justify;\"><span class=\"v1ContentPasted0\" lang=\"ES\">La invitaci\u00f3n que fue extendida a todos los parlamentarios de la regi\u00f3n, seg\u00fan expres\u00f3 la representante de la cartera de Desarrollo Social y Familia en la regi\u00f3n, Karina Acevedo fue positiva \u00abnos sentimos satisfechos y agradecidos de los tiempos de los 3 parlamentarios que nos pudieron acompa\u00f1ar y, que sin duda nos invita a un tremendo desaf\u00edo como Estado, como seremi de la regi\u00f3n de Ays\u00e9n y como equipo de gobierno de seguir exponiendo estos resultados. As\u00ed que seguimos trabajando<\/span><span class=\"v1ContentPasted0\">\u00a0porque nuestra intenci\u00f3n y as\u00ed nos lo ha dicho el presidente Boris, no solo debemos trabajar por un Estado que garantiza, sino tambi\u00e9n que involucra a una comunidad\u00a0p\u00fablico-privada. Que converjan en esta gran construcci\u00f3n de este Sistema Nacional de cuidados\u00bb.\u00a0<\/span><\/p>\n<p class=\"v1MsoNormal\" style=\"text-align: justify;\"><span class=\"v1ContentPasted0\">Comprendiendo la urgencia de contar con un robusto Sistema Nacional de Cuidados, l<\/span><span class=\"v1ContentPasted0\" lang=\"ES\">a senadora Ximena \u00f3rdenes enfatiz\u00f3 en los desaf\u00edos \u00abChile requiere con urgencia a avanzar hacia un Sistema Nacional de Cuidados a partir de los di\u00e1logos que se han realizado en la regi\u00f3n. Creo que el principal desaf\u00edo que se\u00a0<\/span><span class=\"v1ContentPasted0\">tiene\u00a0por un lado, es reconocer el rol que desempe\u00f1an principalmente mujeres. Como cuidadoras\u00a0y\u00a0Por otro lado, avanzar hacia institucionalizar pol\u00edticas p\u00fablicas con un Sistema Nacional de Cuidados, eso significa reconocer el derecho a cuidar y a ser cuidado\u00bb.\u00a0<\/span><\/p>\n<p class=\"v1MsoNormal\" style=\"text-align: justify;\"><span class=\"v1ContentPasted0\">\u00abCuentan con mi voto desde ya\u00bb expres\u00f3 el\u00a0<\/span><span class=\"v1ContentPasted0\" lang=\"ES\">Diputado Ren\u00e9 Alinco quien agradeci\u00f3 la invitaci\u00f3n\u00a0<span class=\"v1ContentPasted0\">\u00a0<\/span>\u00abEscuchamos\u00a0<\/span><span class=\"v1ContentPasted0\">con atenci\u00f3n la exposici\u00f3n y obviamente\u00a0esto\u00a0un tema prioritario, es humano, es de dignidad humana, de nuestros adultos mayores y gente que lamentablemente tiene problemas requiere ser cuidado.\u00a0Este es un plan que se est\u00e1 haciendo hace a\u00f1os, pero todo esto se maneja y se financia con dinero.\u00a0Por lo tanto, en general quiero decir que tanto la seremi como el Ministerio puede contar con mi voto desde ya, pero siempre que est\u00e9 consideradas las necesidades de nuestra regi\u00f3n de Ays\u00e9n. Me parece bastante interesante, entre otros temas que tambi\u00e9n lo son, pero\u00a0este\u00a0en particular que es un tema muy humano y social, requiere prioridad y el compromiso de los parlamentarios de la regi\u00f3n de Ays\u00e9n para con nuestra regi\u00f3n, as\u00ed que ah\u00ed estaremos dispuestos, haremos algunas conversaciones y propuestas en la difusi\u00f3n del presupuesto que se inicia en el mes de noviembre en el Congreso\u00bb.\u00a0<\/span><\/p>\n<p class=\"v1MsoNormal\" style=\"text-align: justify;\"><span class=\"v1ContentPasted0\">Valorando tambi\u00e9n la invitaci\u00f3n de la Seremi de Desarrollo Social y Familia, la Diputada de Renovaci\u00f3n Nacional\u00a0<\/span><span class=\"v1ContentPasted0\" lang=\"ES\">Marcia<\/span><span class=\"v1ContentPasted0\">\u00a0Raphael expres\u00f3 la importancia en que los parlamentarios de la regi\u00f3n est\u00e9n informados respecto a los resultados tras la participaci\u00f3n ciudadana \u00abCreo que es fundamental escuchar a la gente, conocer realidades que muchas veces est\u00e1n ocultas, especialmente en el tema de cuidados. Hay personas enfermas.\u00a0Personas que est\u00e1n abandonadas y que necesitan de la mano del Estado, de la ayuda y de programas\u00bb.\u00a0\u00a0<\/span><\/p>\n<p class=\"v1MsoNormal\" style=\"text-align: justify;\"><span class=\"v1ContentPasted0\">\u00abSomos regi\u00f3n extrema, aislados, hay localidades donde hay muchas dificultades y sin duda hay personas postradas, abandonadas que necesitan de la ayuda del Estado\u00bb agregando Raphael en la importancia contar a. futuro con un segundo ELEAM \u00abNosotros esperamos que este Sistema Nacional de cuidados, sea efectivo. Estamos viendo que para 2024 no hay un tremendo presupuesto para aquello, Pero creo que es fundamental, porque sin duda es prioritario especialmente para la regi\u00f3n nuestra. Nosotros estamos disponibles para poder avanzar en esto con una pol\u00edtica p\u00fablica real importante y sin duda, la necesidad de reactivar,posicionar\u00a0el ELEAM a una plena capacidad que hoy d\u00eda no est\u00e1.\u00a0 Y por supuesto pelear un segundo ELEAM quiz\u00e1s en otra comuna\u00bb.\u00a0<\/span><\/p>\n<p class=\"v1MsoNormal\" style=\"text-align: justify;\"><span class=\"v1ContentPasted0\">Tras conocer el compromiso de los parlamentarios de la regi\u00f3n en el tema, quienes enfatizaron en que debe tener una especial mirada con el territorio Aysenino, Karina Acevedo indic\u00f3 que la difusi\u00f3n sobre contar con un Sistema Nacional Integral de Cuidados contin\u00faa \u00abSeguimos trabajando en dar a conocer los resultados porque qued\u00f3 en evidencia la gran necesidad de la construcci\u00f3n de una pol\u00edtica nacional de cuidados y una especial mirada a nuestro territorio de la regi\u00f3n de Ays\u00e9n\u00bb.\u00a0<\/span><\/p>\n<\/div><\/section><\/div><\/p>\n<div  style='height:50px' class='hr hr-invisible   avia-builder-el-6  el_after_av_one_full  el_before_av_social_share '><span class='hr-inner ' ><span class='hr-inner-style'><\/span><\/span><\/div>\n<div  class='av-social-sharing-box  avia-builder-el-7  el_after_av_hr  el_before_av_hr  '><div class='av-share-box'><h5 class='av-share-link-description av-no-toc '>Compartir esta noticia<\/h5><ul class='av-share-box-list noLightbox'><li class='av-share-link av-social-link-facebook' ><a target=\"_blank\" aria-label=\"Compartir en Facebook\" href='https:\/\/www.facebook.com\/sharer.php?u=https:\/\/radiorevelacionfm.cl\/?p=36478&#038;t=Parlamentarios%20de%20Ays%C3%A9n%3A%20%C2%ABEs%20prioritario%20reconocer%20el%20derecho%20a%20cuidar%20y%20ser%20cuidado%C2%BB' aria-hidden='false' data-av_icon='\ue8f3' data-av_iconfont='entypo-fontello' title='' data-avia-related-tooltip='Compartir en Facebook' rel=\"noopener\"><span class='avia_hidden_link_text'>Compartir en Facebook<\/span><\/a><\/li><li class='av-share-link av-social-link-twitter' ><a target=\"_blank\" aria-label=\"Compartir en Twitter\" href='https:\/\/twitter.com\/share?text=Parlamentarios%20de%20Ays%C3%A9n%3A%20%C2%ABEs%20prioritario%20reconocer%20el%20derecho%20a%20cuidar%20y%20ser%20cuidado%C2%BB&#038;url=https:\/\/radiorevelacionfm.cl\/?p=36478' aria-hidden='false' data-av_icon='\ue8f1' data-av_iconfont='entypo-fontello' title='' data-avia-related-tooltip='Compartir en Twitter' rel=\"noopener\"><span class='avia_hidden_link_text'>Compartir en Twitter<\/span><\/a><\/li><li class='av-share-link av-social-link-whatsapp' ><a target=\"_blank\" aria-label=\"Compartir en Whatsapp\" href='https:\/\/api.whatsapp.com\/send?text=https:\/\/radiorevelacionfm.cl\/?p=36478' aria-hidden='false' data-av_icon='\uf232' data-av_iconfont='entypo-fontello' title='' data-avia-related-tooltip='Compartir en Whatsapp' rel=\"noopener\"><span class='avia_hidden_link_text'>Compartir en Whatsapp<\/span><\/a><\/li><li class='av-share-link av-social-link-linkedin' ><a target=\"_blank\" aria-label=\"Compartir en LinkedIn\" href='https:\/\/linkedin.com\/shareArticle?mini=true&#038;title=Parlamentarios%20de%20Ays%C3%A9n%3A%20%C2%ABEs%20prioritario%20reconocer%20el%20derecho%20a%20cuidar%20y%20ser%20cuidado%C2%BB&#038;url=https:\/\/radiorevelacionfm.cl\/?p=36478' aria-hidden='false' data-av_icon='\ue8fc' data-av_iconfont='entypo-fontello' title='' data-avia-related-tooltip='Compartir en LinkedIn' rel=\"noopener\"><span class='avia_hidden_link_text'>Compartir en LinkedIn<\/span><\/a><\/li><li class='av-share-link av-social-link-mail' ><a  aria-label=\"Compartir por correo\" href='mailto:?subject=Parlamentarios%20de%20Ays%C3%A9n%3A%20%C2%ABEs%20prioritario%20reconocer%20el%20derecho%20a%20cuidar%20y%20ser%20cuidado%C2%BB&#038;body=https:\/\/radiorevelacionfm.cl\/?p=36478' aria-hidden='false' data-av_icon='\ue805' data-av_iconfont='entypo-fontello' title='' data-avia-related-tooltip='Compartir por correo'><span class='avia_hidden_link_text'>Compartir por correo<\/span><\/a><\/li><\/ul><\/div><\/div>\n<div  style='height:50px' class='hr hr-invisible   avia-builder-el-8  el_after_av_social_share  el_before_av_comments_list '><span class='hr-inner ' ><span class='hr-inner-style'><\/span><\/span><\/div>\n<div  class='av-buildercomment  av-blog-meta-html-info-disabled av-blog-meta-tag-disabled  '><\/div>\n","protected":false},"excerpt":{"rendered":"","protected":false},"author":1,"featured_media":36480,"comment_status":"open","ping_status":"open","sticky":false,"template":"","format":"standard","meta":{"footnotes":""},"categories":[38],"tags":[],"class_list":["post-36478","post","type-post","status-publish","format-standard","has-post-thumbnail","hentry","category-regional"],"jetpack_featured_media_url":"https:\/\/radiorevelacionfm.cl\/wp-content\/uploads\/2023\/11\/parlamentarioscuidados-1-1_optimized-1_optimized-1.jpg","_links":{"self":[{"href":"https:\/\/radiorevelacionfm.cl\/index.php?rest_route=\/wp\/v2\/posts\/36478","targetHints":{"allow":["GET"]}}],"collection":[{"href":"https:\/\/radiorevelacionfm.cl\/index.php?rest_route=\/wp\/v2\/posts"}],"about":[{"href":"https:\/\/radiorevelacionfm.cl\/index.php?rest_route=\/wp\/v2\/types\/post"}],"author":[{"embeddable":true,"href":"https:\/\/radiorevelacionfm.cl\/index.php?rest_route=\/wp\/v2\/users\/1"}],"replies":[{"embeddable":true,"href":"https:\/\/radiorevelacionfm.cl\/index.php?rest_route=%2Fwp%2Fv2%2Fcomments&post=36478"}],"version-history":[{"count":2,"href":"https:\/\/radiorevelacionfm.cl\/index.php?rest_route=\/wp\/v2\/posts\/36478\/revisions"}],"predecessor-version":[{"id":36485,"href":"https:\/\/radiorevelacionfm.cl\/index.php?rest_route=\/wp\/v2\/posts\/36478\/revisions\/36485"}],"wp:featuredmedia":[{"embeddable":true,"href":"https:\/\/radiorevelacionfm.cl\/index.php?rest_route=\/wp\/v2\/media\/36480"}],"wp:attachment":[{"href":"https:\/\/radiorevelacionfm.cl\/index.php?rest_route=%2Fwp%2Fv2%2Fmedia&parent=36478"}],"wp:term":[{"taxonomy":"category","embeddable":true,"href":"https:\/\/radiorevelacionfm.cl\/index.php?rest_route=%2Fwp%2Fv2%2Fcategories&post=36478"},{"taxonomy":"post_tag","embeddable":true,"href":"https:\/\/radiorevelacionfm.cl\/index.php?rest_route=%2Fwp%2Fv2%2Ftags&post=36478"}],"curies":[{"name":"wp","href":"https:\/\/api.w.org\/{rel}","templated":true}]}}