{"id":36475,"date":"2023-11-01T22:21:52","date_gmt":"2023-11-02T01:21:52","guid":{"rendered":"https:\/\/radiorevelacionfm.cl\/?p=36475"},"modified":"2023-11-01T22:21:52","modified_gmt":"2023-11-02T01:21:52","slug":"escuela-pedro-aguirre-cerda-de-puerto-aguirre-celebra-82-anos-de-existencia","status":"publish","type":"post","link":"https:\/\/radiorevelacionfm.cl\/?p=36475","title":{"rendered":"Escuela Pedro Aguirre Cerda de Puerto Aguirre celebra 82 a\u00f1os de existencia"},"content":{"rendered":"<div class=\"flex_column av_one_full  flex_column_div av-zero-column-padding first  avia-builder-el-0  el_before_av_one_full  avia-builder-el-first  \" style='border-radius:0px; '><div  class='avia-image-container  av-styling-    avia-builder-el-1  avia-builder-el-no-sibling  avia-align-center '  itemprop=\"image\" itemscope=\"itemscope\" itemtype=\"https:\/\/schema.org\/ImageObject\"  ><div class='avia-image-container-inner'><div class='avia-image-overlay-wrap'><img decoding=\"async\" class='wp-image-36476 avia-img-lazy-loading-not-36476 avia_image' src=\"https:\/\/radiorevelacionfm.cl\/wp-content\/uploads\/2023\/11\/escuela-aguirre-3-1_optimized-1.jpg\" alt='' title='escuela-aguirre-3-(1)_optimized (1)' height=\"600\" width=\"1193\"  itemprop=\"thumbnailUrl\" srcset=\"https:\/\/radiorevelacionfm.cl\/wp-content\/uploads\/2023\/11\/escuela-aguirre-3-1_optimized-1.jpg 1193w, https:\/\/radiorevelacionfm.cl\/wp-content\/uploads\/2023\/11\/escuela-aguirre-3-1_optimized-1-300x151.jpg 300w, https:\/\/radiorevelacionfm.cl\/wp-content\/uploads\/2023\/11\/escuela-aguirre-3-1_optimized-1-1030x518.jpg 1030w, https:\/\/radiorevelacionfm.cl\/wp-content\/uploads\/2023\/11\/escuela-aguirre-3-1_optimized-1-768x386.jpg 768w, https:\/\/radiorevelacionfm.cl\/wp-content\/uploads\/2023\/11\/escuela-aguirre-3-1_optimized-1-705x355.jpg 705w, https:\/\/radiorevelacionfm.cl\/wp-content\/uploads\/2023\/11\/escuela-aguirre-3-1_optimized-1-450x226.jpg 450w, https:\/\/radiorevelacionfm.cl\/wp-content\/uploads\/2023\/11\/escuela-aguirre-3-1_optimized-1-600x302.jpg 600w\" sizes=\"(max-width: 1193px) 100vw, 1193px\" \/><\/div><\/div><\/div><\/div><div class=\"flex_column av_one_full  flex_column_div av-zero-column-padding first  avia-builder-el-2  el_after_av_one_full  el_before_av_one_full  column-top-margin\" style='border-radius:0px; '><section class=\"av_textblock_section \"  itemscope=\"itemscope\" itemtype=\"https:\/\/schema.org\/BlogPosting\" itemprop=\"blogPost\" ><div class='avia_textblock  '   itemprop=\"text\" ><p style=\"text-align: center;\"><strong><span style=\"font-size: 18pt;\">Escuela Pedro Aguirre Cerda de Puerto Aguirre celebra 82 a\u00f1os de existencia<\/span><\/strong><\/p>\n<div id=\"gtx-trans\" style=\"position: absolute; left: -50px; top: 4.31534px;\">\n<div class=\"gtx-trans-icon\"><\/div>\n<\/div>\n<\/div><\/section><\/div><div class=\"flex_column av_one_full  flex_column_div av-zero-column-padding first  avia-builder-el-4  el_after_av_one_full  el_before_av_hr  column-top-margin\" style='border-radius:0px; '><section class=\"av_textblock_section \"  itemscope=\"itemscope\" itemtype=\"https:\/\/schema.org\/BlogPosting\" itemprop=\"blogPost\" ><div class='avia_textblock  '   itemprop=\"text\" ><p style=\"text-align: justify;\">Con un acto que cont\u00f3 la presencia de autoridades regionales y comunales, entre ellos, el Alcalde de la comuna de Ays\u00e9n Julio Uribe, el director ejecutivo del SLEP Sebasti\u00e1n Gonz\u00e1lez, director DEM Sebasti\u00e1n Campos, junto a padres, apoderados, profesores, asistentes de la educaci\u00f3n y los estudiantes del establecimiento, se realiz\u00f3 la ceremonia que dio por iniciado el aniversario 82 de la escuela Pedro Aguirre Cerda de Puerto Aguirre. Tal como lo destacaba su director subrogante, Karina Oliva.<\/p>\n<p style=\"text-align: justify;\">\u201cEste es nuestro cumplea\u00f1os n\u00famero 82, tenemos durante de la semana varias actividades deportivas, actividades art\u00edsticas. Son el coraz\u00f3n de esto nuestros estudiantes, ellos nos motivan, a pesar del cansancio de fin de a\u00f1o. La verdad es que, el aniversario es en el mes de octubre, sin embargo, ellos nos pidieron que lo hici\u00e9ramos ahora porque hab\u00eda quedado solo en planes y felices de poder darles un poquito de alegr\u00eda, sobre todo en esta parte del a\u00f1o que es bien agotadora. As\u00ed es que, se nos vienen varias actividades, aprovechamos de invitar a la comunidad a que nos acompa\u00f1en\u201d.<\/p>\n<p style=\"text-align: justify;\">Karina Oliva, asegur\u00f3 que la comunidad educativa es muy activa, lo que permite realizar diversas iniciativas. \u201cAc\u00e1 la comunidad es muy activa, los apoderados son s\u00faper activos, nos aportan mucho tambi\u00e9n, son personas muy comprometidas y es lo que se refleja en los ni\u00f1os. Como se pudo observar en parte del acto, est\u00e1n muy motivados, quieren competir, quieren pasarlo bien, nos acompa\u00f1an d\u00edas preciosos ac\u00e1 en la isla. As\u00ed es que, estamos s\u00faper contentos de que todas nuestras familias participen activamente, es algo que no llena de orgullo tambi\u00e9n\u201d.<\/p>\n<p style=\"text-align: justify;\">Al Alcalde de la comuna de Ays\u00e9n, Julio Uribe, en las diversas actividades que llev\u00f3 a cabo en Islas Huichas, pudo estar presente en el acto de inicio del aniversario de la escuela Pedro Aguirre Cerda y acompa\u00f1ar a los estudiantes en sus primeras competencias deportivas. \u201cLos pasamos a visitar, ya estaban en sus alianzas trabajando en su aniversario, as\u00ed es que, felicitarlos, tambi\u00e9n felicitar el trabajo que est\u00e1n realizando con los ni\u00f1os y se ve\u00eda un lindo despliegue de actividades deportivas, como as\u00ed mismo de disfraces y la verdad es que ha sido muy linda esta estad\u00eda en Islas Huichas\u201d.<\/p>\n<p style=\"text-align: justify;\">Es importante mencionar que, en la ceremonia tambi\u00e9n se reconoci\u00f3 el rol de las manipuladoras de alimentos del colegio, quienes recibieron obsequio de parte del establecimiento, ya que, hace poco estuvieron celebrando su d\u00eda.<\/p>\n<p style=\"text-align: justify;\">Para este aniversario 82 de la escuela Pedro Aguirre Cerda de Puerto Aguirre, se han dividido en dos alianzas, negra y blanca, siendo muy variadas las actividades que han programado, donde buscan involucrar a toda la comunidad.<\/p>\n<\/div><\/section><\/div><div  style='height:50px' class='hr hr-invisible   avia-builder-el-6  el_after_av_one_full  el_before_av_social_share '><span class='hr-inner ' ><span class='hr-inner-style'><\/span><\/span><\/div><\/p>\n<div  class='av-social-sharing-box  avia-builder-el-7  el_after_av_hr  el_before_av_hr  '><div class='av-share-box'><h5 class='av-share-link-description av-no-toc '>Compartir esta noticia<\/h5><ul class='av-share-box-list noLightbox'><li class='av-share-link av-social-link-facebook' ><a target=\"_blank\" aria-label=\"Compartir en Facebook\" href='https:\/\/www.facebook.com\/sharer.php?u=https:\/\/radiorevelacionfm.cl\/?p=36475&#038;t=Escuela%20Pedro%20Aguirre%20Cerda%20de%20Puerto%20Aguirre%20celebra%2082%20a%C3%B1os%20de%20existencia' aria-hidden='false' data-av_icon='\ue8f3' data-av_iconfont='entypo-fontello' title='' data-avia-related-tooltip='Compartir en Facebook' rel=\"noopener\"><span class='avia_hidden_link_text'>Compartir en Facebook<\/span><\/a><\/li><li class='av-share-link av-social-link-twitter' ><a target=\"_blank\" aria-label=\"Compartir en Twitter\" href='https:\/\/twitter.com\/share?text=Escuela%20Pedro%20Aguirre%20Cerda%20de%20Puerto%20Aguirre%20celebra%2082%20a%C3%B1os%20de%20existencia&#038;url=https:\/\/radiorevelacionfm.cl\/?p=36475' aria-hidden='false' data-av_icon='\ue8f1' data-av_iconfont='entypo-fontello' title='' data-avia-related-tooltip='Compartir en Twitter' rel=\"noopener\"><span class='avia_hidden_link_text'>Compartir en Twitter<\/span><\/a><\/li><li class='av-share-link av-social-link-whatsapp' ><a target=\"_blank\" aria-label=\"Compartir en Whatsapp\" href='https:\/\/api.whatsapp.com\/send?text=https:\/\/radiorevelacionfm.cl\/?p=36475' aria-hidden='false' data-av_icon='\uf232' data-av_iconfont='entypo-fontello' title='' data-avia-related-tooltip='Compartir en Whatsapp' rel=\"noopener\"><span class='avia_hidden_link_text'>Compartir en Whatsapp<\/span><\/a><\/li><li class='av-share-link av-social-link-linkedin' ><a target=\"_blank\" aria-label=\"Compartir en LinkedIn\" href='https:\/\/linkedin.com\/shareArticle?mini=true&#038;title=Escuela%20Pedro%20Aguirre%20Cerda%20de%20Puerto%20Aguirre%20celebra%2082%20a%C3%B1os%20de%20existencia&#038;url=https:\/\/radiorevelacionfm.cl\/?p=36475' aria-hidden='false' data-av_icon='\ue8fc' data-av_iconfont='entypo-fontello' title='' data-avia-related-tooltip='Compartir en LinkedIn' rel=\"noopener\"><span class='avia_hidden_link_text'>Compartir en LinkedIn<\/span><\/a><\/li><li class='av-share-link av-social-link-mail' ><a  aria-label=\"Compartir por correo\" href='mailto:?subject=Escuela%20Pedro%20Aguirre%20Cerda%20de%20Puerto%20Aguirre%20celebra%2082%20a%C3%B1os%20de%20existencia&#038;body=https:\/\/radiorevelacionfm.cl\/?p=36475' aria-hidden='false' data-av_icon='\ue805' data-av_iconfont='entypo-fontello' title='' data-avia-related-tooltip='Compartir por correo'><span class='avia_hidden_link_text'>Compartir por correo<\/span><\/a><\/li><\/ul><\/div><\/div>\n<div  style='height:50px' class='hr hr-invisible   avia-builder-el-8  el_after_av_social_share  el_before_av_comments_list '><span class='hr-inner ' ><span class='hr-inner-style'><\/span><\/span><\/div>\n<div  class='av-buildercomment  av-blog-meta-html-info-disabled av-blog-meta-tag-disabled  '><\/div>\n","protected":false},"excerpt":{"rendered":"","protected":false},"author":1,"featured_media":36476,"comment_status":"open","ping_status":"open","sticky":false,"template":"","format":"standard","meta":{"footnotes":""},"categories":[38],"tags":[],"class_list":["post-36475","post","type-post","status-publish","format-standard","has-post-thumbnail","hentry","category-regional"],"jetpack_featured_media_url":"https:\/\/radiorevelacionfm.cl\/wp-content\/uploads\/2023\/11\/escuela-aguirre-3-1_optimized-1.jpg","_links":{"self":[{"href":"https:\/\/radiorevelacionfm.cl\/index.php?rest_route=\/wp\/v2\/posts\/36475","targetHints":{"allow":["GET"]}}],"collection":[{"href":"https:\/\/radiorevelacionfm.cl\/index.php?rest_route=\/wp\/v2\/posts"}],"about":[{"href":"https:\/\/radiorevelacionfm.cl\/index.php?rest_route=\/wp\/v2\/types\/post"}],"author":[{"embeddable":true,"href":"https:\/\/radiorevelacionfm.cl\/index.php?rest_route=\/wp\/v2\/users\/1"}],"replies":[{"embeddable":true,"href":"https:\/\/radiorevelacionfm.cl\/index.php?rest_route=%2Fwp%2Fv2%2Fcomments&post=36475"}],"version-history":[{"count":1,"href":"https:\/\/radiorevelacionfm.cl\/index.php?rest_route=\/wp\/v2\/posts\/36475\/revisions"}],"predecessor-version":[{"id":36477,"href":"https:\/\/radiorevelacionfm.cl\/index.php?rest_route=\/wp\/v2\/posts\/36475\/revisions\/36477"}],"wp:featuredmedia":[{"embeddable":true,"href":"https:\/\/radiorevelacionfm.cl\/index.php?rest_route=\/wp\/v2\/media\/36476"}],"wp:attachment":[{"href":"https:\/\/radiorevelacionfm.cl\/index.php?rest_route=%2Fwp%2Fv2%2Fmedia&parent=36475"}],"wp:term":[{"taxonomy":"category","embeddable":true,"href":"https:\/\/radiorevelacionfm.cl\/index.php?rest_route=%2Fwp%2Fv2%2Fcategories&post=36475"},{"taxonomy":"post_tag","embeddable":true,"href":"https:\/\/radiorevelacionfm.cl\/index.php?rest_route=%2Fwp%2Fv2%2Ftags&post=36475"}],"curies":[{"name":"wp","href":"https:\/\/api.w.org\/{rel}","templated":true}]}}