{"id":36472,"date":"2023-11-01T22:08:49","date_gmt":"2023-11-02T01:08:49","guid":{"rendered":"https:\/\/radiorevelacionfm.cl\/?p=36472"},"modified":"2023-11-01T22:08:49","modified_gmt":"2023-11-02T01:08:49","slug":"mas-de-70-personas-de-lago-verde-cisnes-y-la-junta-fueron-atendidas-en-operativo-de-ronda-de-especialidades-en-hospital-jorge-ibar","status":"publish","type":"post","link":"https:\/\/radiorevelacionfm.cl\/?p=36472","title":{"rendered":"M\u00e1s de 70 personas de Lago Verde, Cisnes y La Junta fueron atendidas en operativo de Ronda de Especialidades en Hospital Jorge Ibar"},"content":{"rendered":"<div class=\"flex_column av_one_full  flex_column_div av-zero-column-padding first  avia-builder-el-0  el_before_av_one_full  avia-builder-el-first  \" style='border-radius:0px; '><div  class='avia-image-container  av-styling-    avia-builder-el-1  avia-builder-el-no-sibling  avia-align-center '  itemprop=\"image\" itemscope=\"itemscope\" itemtype=\"https:\/\/schema.org\/ImageObject\"  ><div class='avia-image-container-inner'><div class='avia-image-overlay-wrap'><img decoding=\"async\" class='wp-image-36473 avia-img-lazy-loading-not-36473 avia_image' src=\"https:\/\/radiorevelacionfm.cl\/wp-content\/uploads\/2023\/11\/WhatsApp-Image-2023-11-01-at-4.47.18-PM-1-1.jpeg\" alt='' title='WhatsApp Image 2023-11-01 at 4.47.18 PM (1) (1)' height=\"600\" width=\"800\"  itemprop=\"thumbnailUrl\" srcset=\"https:\/\/radiorevelacionfm.cl\/wp-content\/uploads\/2023\/11\/WhatsApp-Image-2023-11-01-at-4.47.18-PM-1-1.jpeg 800w, https:\/\/radiorevelacionfm.cl\/wp-content\/uploads\/2023\/11\/WhatsApp-Image-2023-11-01-at-4.47.18-PM-1-1-300x225.jpeg 300w, https:\/\/radiorevelacionfm.cl\/wp-content\/uploads\/2023\/11\/WhatsApp-Image-2023-11-01-at-4.47.18-PM-1-1-768x576.jpeg 768w, https:\/\/radiorevelacionfm.cl\/wp-content\/uploads\/2023\/11\/WhatsApp-Image-2023-11-01-at-4.47.18-PM-1-1-705x529.jpeg 705w, https:\/\/radiorevelacionfm.cl\/wp-content\/uploads\/2023\/11\/WhatsApp-Image-2023-11-01-at-4.47.18-PM-1-1-450x338.jpeg 450w, https:\/\/radiorevelacionfm.cl\/wp-content\/uploads\/2023\/11\/WhatsApp-Image-2023-11-01-at-4.47.18-PM-1-1-600x450.jpeg 600w\" sizes=\"(max-width: 800px) 100vw, 800px\" \/><\/div><\/div><\/div><\/div><div class=\"flex_column av_one_full  flex_column_div av-zero-column-padding first  avia-builder-el-2  el_after_av_one_full  el_before_av_one_full  column-top-margin\" style='border-radius:0px; '><section class=\"av_textblock_section \"  itemscope=\"itemscope\" itemtype=\"https:\/\/schema.org\/BlogPosting\" itemprop=\"blogPost\" ><div class='avia_textblock  '   itemprop=\"text\" ><p style=\"text-align: center;\"><span style=\"font-size: 18pt;\"><b>M\u00e1s de 70 personas de Lago Verde, Cisnes y La Junta fueron atendidas en operativo de Ronda de Especialidades en Hospital Jorge Ibar<\/b><\/span><\/p>\n<div id=\"gtx-trans\" style=\"position: absolute; left: -50px; top: 4.31534px;\">\n<div class=\"gtx-trans-icon\"><\/div>\n<\/div>\n<\/div><\/section><\/div><div class=\"flex_column av_one_full  flex_column_div av-zero-column-padding first  avia-builder-el-4  el_after_av_one_full  el_before_av_hr  column-top-margin\" style='border-radius:0px; '><section class=\"av_textblock_section \"  itemscope=\"itemscope\" itemtype=\"https:\/\/schema.org\/BlogPosting\" itemprop=\"blogPost\" ><div class='avia_textblock  '   itemprop=\"text\" ><p style=\"font-weight: 400; text-align: justify;\">Como todo un \u00e9xito fue calificado por la comunidad y los equipos m\u00e9dicos el inicio de la Ronda de Especialidades en el Hospital Jorge Ibar donde se atendieron las necesidades del sector norte de la regi\u00f3n en Ginecolog\u00eda, Cirug\u00eda Adultos y Medicina Familiar.<\/p>\n<p style=\"font-weight: 400; text-align: justify;\">Durante tres d\u00edas los especialistas del Servicio de Salud se enfocaron en la disminuci\u00f3n de la lista de espera de Lago Verde, La Junta y Puerto Cisnes.<\/p>\n<p style=\"font-weight: 400; text-align: justify;\">\u201cUna ronda de especialistas es s\u00faper importante para nuestras comunidades y para los vecinos. Al llegar ya estaban los pacientes de La Junta, Puyuhuapi y Lago Verde y que importante es que podamos como Servicio acercar a los profesionales a las necesidades que tenemos porque en el fondo con esta agenda se descongestiona la demanda regional\u201d, se\u00f1al\u00f3 Gloria Cadag\u00e1n, dirigenta y presidenta del Consejo de Desarrollo del Hospital de Puerto Cisnes.<\/p>\n<p style=\"font-weight: 400; text-align: justify;\">Estas Ronda de Especialistas son fruto del trabajo desarrollado por el Servicio de Salud Ays\u00e9n para dar respuesta a las necesidades planteadas por la comunidad que se atiende en los tres Hospitales Comunitarios de la Regi\u00f3n.<\/p>\n<p style=\"font-weight: 400; text-align: justify;\">\u201cComo consejo nosotros hemos luchado para tener un acercamiento de los profesionales a la comunidad, hoy d\u00eda estamos dando un gran paso y como van a venir peri\u00f3dicamente nos va a permitir ser derivados a especialistas y ser agendados para atendernos ac\u00e1 y no en Coyhaique\u201d, agreg\u00f3 el dirigente Mauricio Quintul.<\/p>\n<p style=\"font-weight: 400; text-align: justify;\">El prop\u00f3sito principal de esta ronda es disminuir los tiempos y la lista de espera regional por atenciones de especialidades m\u00e9dicas y odontol\u00f3gicas, pero adem\u00e1s evitar todos los costos que implica para las y los usuarios el traslado a Puerto Ays\u00e9n o Coyhaique.<\/p>\n<p style=\"font-weight: 400; text-align: justify;\">\u201cYa partimos hace un mes en el hospital de Cochrane y el pr\u00f3ximo mes estaremos en Chile Chico, nuestra idea es acercar a los territorios y a la comunidad las atenciones de especialistas, cumpliendo que tenemos como Servicio de Salud de llevar la atenci\u00f3n y acercarla a las personas\u201d se\u00f1al\u00f3 el subdirector de Gesti\u00f3n Asistencial, Dr. Rodrigo Verdugo.<\/p>\n<p style=\"font-weight: 400; text-align: justify;\">Para este prop\u00f3sito de impulsar la salud en Ays\u00e9n acercando las atenciones de especialistas al lugar donde viven las personas, cumpliendo con ello el mandato del gobierno del Presidente Gabriel Boric de disminuir los tiempos de espera, es fundamental el apoyo de las autoridades locales como las Delegaciones Presidenciales Provinciales y los Municipios.<\/p>\n<p style=\"font-weight: 400; text-align: justify;\">Katherine Calquin, directora de Desarrollo Comunitario de la Municipalidad de Cisnes, indic\u00f3 que \u201cestamos felices de que puedan estar ac\u00e1 ya que no s\u00f3lo estamos haciendo un beneficio para Puerto Cisnes, sino que para todas las localidades. Llame personalmente a cada una de las personas y la alegr\u00eda que transmit\u00edan me llenaba el coraz\u00f3n, como municipalidad estamos contentos de poder aportar nuestro granito de arena para acercar este servicio\u201d.<\/p>\n<p style=\"font-weight: 400; text-align: justify;\">En total fueron m\u00e1s de 70 personas las que fueron atendidas en los primeros d\u00edas de la ronda que continuar\u00e1 semanalmente con uno o dos especialistas resolviendo la lista de espera de la comuna de Cisnes y Lago Verde.<\/p>\n<p style=\"font-weight: 400; text-align: justify;\">\u201cNuestro balance es positivo, siempre tener especialistas ac\u00e1 es muy bienvenido para nuestros usuarios y para nosotros que aprendemos con ellos. Todos los pacientes que se atendieron con los especialistas salieron contentos y agradecidos, hay muchos que en esta consulta ya definieron su hora para proseguir a cirug\u00eda, todo fue en provecho de nuestras usuarias y usuarios\u201d, concluy\u00f3 la directora del Hospital Jorge Ibar, Patricia Huinca.<\/p>\n<p style=\"font-weight: 400; text-align: justify;\">Actualmente el equipo del Servicio de Salud Ays\u00e9n se encuentra trabajando para determinar la demanda de atenciones en la provincia de General Carrera para iniciar, a fines de noviembre, la Ronda de Especialidades en el Hospital Leopoldo Ortega Rodr\u00edguez de Chile Chico.<\/p>\n<\/div><\/section><\/div><div  style='height:50px' class='hr hr-invisible   avia-builder-el-6  el_after_av_one_full  el_before_av_social_share '><span class='hr-inner ' ><span class='hr-inner-style'><\/span><\/span><\/div><\/p>\n<div  class='av-social-sharing-box  avia-builder-el-7  el_after_av_hr  el_before_av_hr  '><div class='av-share-box'><h5 class='av-share-link-description av-no-toc '>Compartir esta noticia<\/h5><ul class='av-share-box-list noLightbox'><li class='av-share-link av-social-link-facebook' ><a target=\"_blank\" aria-label=\"Compartir en Facebook\" href='https:\/\/www.facebook.com\/sharer.php?u=https:\/\/radiorevelacionfm.cl\/?p=36472&#038;t=M%C3%A1s%20de%2070%20personas%20de%20Lago%20Verde%2C%20Cisnes%20y%20La%20Junta%20fueron%20atendidas%20en%20operativo%20de%20Ronda%20de%20Especialidades%20en%20Hospital%20Jorge%20Ibar' aria-hidden='false' data-av_icon='\ue8f3' data-av_iconfont='entypo-fontello' title='' data-avia-related-tooltip='Compartir en Facebook' rel=\"noopener\"><span class='avia_hidden_link_text'>Compartir en Facebook<\/span><\/a><\/li><li class='av-share-link av-social-link-twitter' ><a target=\"_blank\" aria-label=\"Compartir en Twitter\" href='https:\/\/twitter.com\/share?text=M%C3%A1s%20de%2070%20personas%20de%20Lago%20Verde%2C%20Cisnes%20y%20La%20Junta%20fueron%20atendidas%20en%20operativo%20de%20Ronda%20de%20Especialidades%20en%20Hospital%20Jorge%20Ibar&#038;url=https:\/\/radiorevelacionfm.cl\/?p=36472' aria-hidden='false' data-av_icon='\ue8f1' data-av_iconfont='entypo-fontello' title='' data-avia-related-tooltip='Compartir en Twitter' rel=\"noopener\"><span class='avia_hidden_link_text'>Compartir en Twitter<\/span><\/a><\/li><li class='av-share-link av-social-link-whatsapp' ><a target=\"_blank\" aria-label=\"Compartir en Whatsapp\" href='https:\/\/api.whatsapp.com\/send?text=https:\/\/radiorevelacionfm.cl\/?p=36472' aria-hidden='false' data-av_icon='\uf232' data-av_iconfont='entypo-fontello' title='' data-avia-related-tooltip='Compartir en Whatsapp' rel=\"noopener\"><span class='avia_hidden_link_text'>Compartir en Whatsapp<\/span><\/a><\/li><li class='av-share-link av-social-link-linkedin' ><a target=\"_blank\" aria-label=\"Compartir en LinkedIn\" href='https:\/\/linkedin.com\/shareArticle?mini=true&#038;title=M%C3%A1s%20de%2070%20personas%20de%20Lago%20Verde%2C%20Cisnes%20y%20La%20Junta%20fueron%20atendidas%20en%20operativo%20de%20Ronda%20de%20Especialidades%20en%20Hospital%20Jorge%20Ibar&#038;url=https:\/\/radiorevelacionfm.cl\/?p=36472' aria-hidden='false' data-av_icon='\ue8fc' data-av_iconfont='entypo-fontello' title='' data-avia-related-tooltip='Compartir en LinkedIn' rel=\"noopener\"><span class='avia_hidden_link_text'>Compartir en LinkedIn<\/span><\/a><\/li><li class='av-share-link av-social-link-mail' ><a  aria-label=\"Compartir por correo\" href='mailto:?subject=M%C3%A1s%20de%2070%20personas%20de%20Lago%20Verde%2C%20Cisnes%20y%20La%20Junta%20fueron%20atendidas%20en%20operativo%20de%20Ronda%20de%20Especialidades%20en%20Hospital%20Jorge%20Ibar&#038;body=https:\/\/radiorevelacionfm.cl\/?p=36472' aria-hidden='false' data-av_icon='\ue805' data-av_iconfont='entypo-fontello' title='' data-avia-related-tooltip='Compartir por correo'><span class='avia_hidden_link_text'>Compartir por correo<\/span><\/a><\/li><\/ul><\/div><\/div>\n<div  style='height:50px' class='hr hr-invisible   avia-builder-el-8  el_after_av_social_share  el_before_av_comments_list '><span class='hr-inner ' ><span class='hr-inner-style'><\/span><\/span><\/div>\n<div  class='av-buildercomment  av-blog-meta-html-info-disabled av-blog-meta-tag-disabled  '><\/div>\n","protected":false},"excerpt":{"rendered":"","protected":false},"author":1,"featured_media":36473,"comment_status":"open","ping_status":"open","sticky":false,"template":"","format":"standard","meta":{"footnotes":""},"categories":[46],"tags":[],"class_list":["post-36472","post","type-post","status-publish","format-standard","has-post-thumbnail","hentry","category-salud"],"jetpack_featured_media_url":"https:\/\/radiorevelacionfm.cl\/wp-content\/uploads\/2023\/11\/WhatsApp-Image-2023-11-01-at-4.47.18-PM-1-1.jpeg","_links":{"self":[{"href":"https:\/\/radiorevelacionfm.cl\/index.php?rest_route=\/wp\/v2\/posts\/36472","targetHints":{"allow":["GET"]}}],"collection":[{"href":"https:\/\/radiorevelacionfm.cl\/index.php?rest_route=\/wp\/v2\/posts"}],"about":[{"href":"https:\/\/radiorevelacionfm.cl\/index.php?rest_route=\/wp\/v2\/types\/post"}],"author":[{"embeddable":true,"href":"https:\/\/radiorevelacionfm.cl\/index.php?rest_route=\/wp\/v2\/users\/1"}],"replies":[{"embeddable":true,"href":"https:\/\/radiorevelacionfm.cl\/index.php?rest_route=%2Fwp%2Fv2%2Fcomments&post=36472"}],"version-history":[{"count":1,"href":"https:\/\/radiorevelacionfm.cl\/index.php?rest_route=\/wp\/v2\/posts\/36472\/revisions"}],"predecessor-version":[{"id":36474,"href":"https:\/\/radiorevelacionfm.cl\/index.php?rest_route=\/wp\/v2\/posts\/36472\/revisions\/36474"}],"wp:featuredmedia":[{"embeddable":true,"href":"https:\/\/radiorevelacionfm.cl\/index.php?rest_route=\/wp\/v2\/media\/36473"}],"wp:attachment":[{"href":"https:\/\/radiorevelacionfm.cl\/index.php?rest_route=%2Fwp%2Fv2%2Fmedia&parent=36472"}],"wp:term":[{"taxonomy":"category","embeddable":true,"href":"https:\/\/radiorevelacionfm.cl\/index.php?rest_route=%2Fwp%2Fv2%2Fcategories&post=36472"},{"taxonomy":"post_tag","embeddable":true,"href":"https:\/\/radiorevelacionfm.cl\/index.php?rest_route=%2Fwp%2Fv2%2Ftags&post=36472"}],"curies":[{"name":"wp","href":"https:\/\/api.w.org\/{rel}","templated":true}]}}