{"id":3647,"date":"2021-04-29T16:04:20","date_gmt":"2021-04-29T19:04:20","guid":{"rendered":"https:\/\/radiorevelacionfm.cl\/?p=3647"},"modified":"2021-04-29T16:06:26","modified_gmt":"2021-04-29T19:06:26","slug":"sindicato-de-trabajadores-independientes-de-la-construccion-sostuvo-dialogo-con-gobernador-de-aysen","status":"publish","type":"post","link":"https:\/\/radiorevelacionfm.cl\/?p=3647","title":{"rendered":"Sindicato de Trabajadores Independientes de la Construcci\u00f3n sostuvo di\u00e1logo con Gobernador de Ays\u00e9n"},"content":{"rendered":"<div class=\"flex_column av_one_full  flex_column_div av-zero-column-padding first  avia-builder-el-0  el_before_av_one_full  avia-builder-el-first  \" style='border-radius:0px; '><div  class='avia-image-container  av-styling-    avia-builder-el-1  avia-builder-el-no-sibling  avia-align-center '  itemprop=\"image\" itemscope=\"itemscope\" itemtype=\"https:\/\/schema.org\/ImageObject\"  ><div class='avia-image-container-inner'><div class='avia-image-overlay-wrap'><img decoding=\"async\" class='wp-image-0 avia-img-lazy-loading-not-0 avia_image' src=\"https:\/\/radiorevelacionfm.cl\/wp-content\/uploads\/2021\/04\/image-19-2_optimized.png\" alt='' title=''   itemprop=\"thumbnailUrl\"  \/><\/div><\/div><\/div><\/div>\n<div class=\"flex_column av_one_full  flex_column_div av-zero-column-padding first  avia-builder-el-2  el_after_av_one_full  el_before_av_one_full  column-top-margin\" style='border-radius:0px; '><section class=\"av_textblock_section \"  itemscope=\"itemscope\" itemtype=\"https:\/\/schema.org\/BlogPosting\" itemprop=\"blogPost\" ><div class='avia_textblock  '   itemprop=\"text\" ><p style=\"text-align: center;\"><strong><span style=\"font-size: 18pt;\">Sindicato de Trabajadores Independientes de la Construcci\u00f3n sostuvo di\u00e1logo con Gobernador de Ays\u00e9n<\/span><\/strong><\/p>\n<div id=\"gtx-trans\" style=\"position: absolute; left: -50px; top: 4.31534px;\">\n<div class=\"gtx-trans-icon\"><\/div>\n<\/div>\n<\/div><\/section><\/div>\n<div class=\"flex_column av_one_full  flex_column_div av-zero-column-padding first  avia-builder-el-4  el_after_av_one_full  el_before_av_hr  column-top-margin\" style='border-radius:0px; '><section class=\"av_textblock_section \"  itemscope=\"itemscope\" itemtype=\"https:\/\/schema.org\/BlogPosting\" itemprop=\"blogPost\" ><div class='avia_textblock  '   itemprop=\"text\" ><p style=\"text-align: justify;\">Un positivo encuentro de trabajo se realiz\u00f3 en la gobernaci\u00f3n de Ays\u00e9n.<\/p>\n<p style=\"text-align: justify;\">Momentos muy complicados han pasado hombres y mujeres en distintos rubros producto de la pandemia del Covid-19 y para el Sindicato de Trabajadores Independientes de la Construcci\u00f3n e Industria no ha sido la excepci\u00f3n y es por esa raz\u00f3n que se acercaron hasta la gobernaci\u00f3n para sostener un ameno di\u00e1logo con el Gobernador de Ays\u00e9n, qui\u00e9n entendi\u00f3 sus inquietudes y en donde buscar\u00e1 alg\u00fan apoyo para este grupo de trabajadores ayseninos. Luis Levicoy Presidente del Sindicato sali\u00f3 muy agradecido al finalizar este encuentro de trabajo \u201cha sido provechosa porque hemos tenido la propuesta del se\u00f1or Gobernador que nos apoyar\u00e1n a trav\u00e9s de un curso de capacitaci\u00f3n porque nosotros no andamos pidiendo ayuda econ\u00f3mica ni nada por el estilo, queremos un apoyo que vaya en beneficio del todo el colectivo que tenemos para que podamos difundir nuestro trabajo\u201d.<\/p>\n<p style=\"text-align: justify;\">En tanto Manuel Ortiz Gobernador de Ays\u00e9n manifest\u00f3 su satisfacci\u00f3n poder reunirse con este importante Sindicato de Trabajadores \u201cfue muy significativo y tremendamente cercano porque fue un di\u00e1logo importante entre los representantes de este sindicato que preside don Luis Levicoy junto a su secretario don Juan Cay\u00fan con quienes tuvimos esta conversaci\u00f3n bastante grata donde escuchamos sus requerimientos que son atendibles porque est\u00e1n preocupados del como ordenar los diferentes oficios que existe en la comunidad, el tema es que avanzamos mucho en la conversaci\u00f3n y veremos de qu\u00e9 manera enfrentamos la capacitaci\u00f3n con SENCE para poder crear una plataforma virtual y as\u00ed poder difundir los distintos oficios de la construcci\u00f3n que tanto lo necesitan\u201d.<\/p>\n<\/div><\/section><\/div><div  style='height:50px' class='hr hr-invisible   avia-builder-el-6  el_after_av_one_full  el_before_av_social_share '><span class='hr-inner ' ><span class='hr-inner-style'><\/span><\/span><\/div><\/p>\n<div  class='av-social-sharing-box  avia-builder-el-7  el_after_av_hr  el_before_av_hr  '><div class='av-share-box'><h5 class='av-share-link-description av-no-toc '>Compartir esta noticia<\/h5><ul class='av-share-box-list noLightbox'><li class='av-share-link av-social-link-facebook' ><a target=\"_blank\" aria-label=\"Compartir en Facebook\" href='https:\/\/www.facebook.com\/sharer.php?u=https:\/\/radiorevelacionfm.cl\/?p=3647&#038;t=Sindicato%20de%20Trabajadores%20Independientes%20de%20la%20Construcci%C3%B3n%20sostuvo%20di%C3%A1logo%20con%20Gobernador%20de%20Ays%C3%A9n' aria-hidden='false' data-av_icon='\ue8f3' data-av_iconfont='entypo-fontello' title='' data-avia-related-tooltip='Compartir en Facebook' rel=\"noopener\"><span class='avia_hidden_link_text'>Compartir en Facebook<\/span><\/a><\/li><li class='av-share-link av-social-link-twitter' ><a target=\"_blank\" aria-label=\"Compartir en Twitter\" href='https:\/\/twitter.com\/share?text=Sindicato%20de%20Trabajadores%20Independientes%20de%20la%20Construcci%C3%B3n%20sostuvo%20di%C3%A1logo%20con%20Gobernador%20de%20Ays%C3%A9n&#038;url=https:\/\/radiorevelacionfm.cl\/?p=3647' aria-hidden='false' data-av_icon='\ue8f1' data-av_iconfont='entypo-fontello' title='' data-avia-related-tooltip='Compartir en Twitter' rel=\"noopener\"><span class='avia_hidden_link_text'>Compartir en Twitter<\/span><\/a><\/li><li class='av-share-link av-social-link-whatsapp' ><a target=\"_blank\" aria-label=\"Compartir en Whatsapp\" href='https:\/\/api.whatsapp.com\/send?text=https:\/\/radiorevelacionfm.cl\/?p=3647' aria-hidden='false' data-av_icon='\uf232' data-av_iconfont='entypo-fontello' title='' data-avia-related-tooltip='Compartir en Whatsapp' rel=\"noopener\"><span class='avia_hidden_link_text'>Compartir en Whatsapp<\/span><\/a><\/li><li class='av-share-link av-social-link-linkedin' ><a target=\"_blank\" aria-label=\"Compartir en LinkedIn\" href='https:\/\/linkedin.com\/shareArticle?mini=true&#038;title=Sindicato%20de%20Trabajadores%20Independientes%20de%20la%20Construcci%C3%B3n%20sostuvo%20di%C3%A1logo%20con%20Gobernador%20de%20Ays%C3%A9n&#038;url=https:\/\/radiorevelacionfm.cl\/?p=3647' aria-hidden='false' data-av_icon='\ue8fc' data-av_iconfont='entypo-fontello' title='' data-avia-related-tooltip='Compartir en LinkedIn' rel=\"noopener\"><span class='avia_hidden_link_text'>Compartir en LinkedIn<\/span><\/a><\/li><li class='av-share-link av-social-link-mail' ><a  aria-label=\"Compartir por correo\" href='mailto:?subject=Sindicato%20de%20Trabajadores%20Independientes%20de%20la%20Construcci%C3%B3n%20sostuvo%20di%C3%A1logo%20con%20Gobernador%20de%20Ays%C3%A9n&#038;body=https:\/\/radiorevelacionfm.cl\/?p=3647' aria-hidden='false' data-av_icon='\ue805' data-av_iconfont='entypo-fontello' title='' data-avia-related-tooltip='Compartir por correo'><span class='avia_hidden_link_text'>Compartir por correo<\/span><\/a><\/li><\/ul><\/div><\/div>\n<div  style='height:50px' class='hr hr-invisible   avia-builder-el-8  el_after_av_social_share  el_before_av_comments_list '><span class='hr-inner ' ><span class='hr-inner-style'><\/span><\/span><\/div>\n<div  class='av-buildercomment  av-blog-meta-html-info-disabled av-blog-meta-tag-disabled  '><\/div>\n","protected":false},"excerpt":{"rendered":"","protected":false},"author":1,"featured_media":0,"comment_status":"open","ping_status":"open","sticky":false,"template":"","format":"standard","meta":{"footnotes":""},"categories":[38],"tags":[],"class_list":["post-3647","post","type-post","status-publish","format-standard","hentry","category-regional"],"jetpack_featured_media_url":"","_links":{"self":[{"href":"https:\/\/radiorevelacionfm.cl\/index.php?rest_route=\/wp\/v2\/posts\/3647","targetHints":{"allow":["GET"]}}],"collection":[{"href":"https:\/\/radiorevelacionfm.cl\/index.php?rest_route=\/wp\/v2\/posts"}],"about":[{"href":"https:\/\/radiorevelacionfm.cl\/index.php?rest_route=\/wp\/v2\/types\/post"}],"author":[{"embeddable":true,"href":"https:\/\/radiorevelacionfm.cl\/index.php?rest_route=\/wp\/v2\/users\/1"}],"replies":[{"embeddable":true,"href":"https:\/\/radiorevelacionfm.cl\/index.php?rest_route=%2Fwp%2Fv2%2Fcomments&post=3647"}],"version-history":[{"count":3,"href":"https:\/\/radiorevelacionfm.cl\/index.php?rest_route=\/wp\/v2\/posts\/3647\/revisions"}],"predecessor-version":[{"id":3651,"href":"https:\/\/radiorevelacionfm.cl\/index.php?rest_route=\/wp\/v2\/posts\/3647\/revisions\/3651"}],"wp:attachment":[{"href":"https:\/\/radiorevelacionfm.cl\/index.php?rest_route=%2Fwp%2Fv2%2Fmedia&parent=3647"}],"wp:term":[{"taxonomy":"category","embeddable":true,"href":"https:\/\/radiorevelacionfm.cl\/index.php?rest_route=%2Fwp%2Fv2%2Fcategories&post=3647"},{"taxonomy":"post_tag","embeddable":true,"href":"https:\/\/radiorevelacionfm.cl\/index.php?rest_route=%2Fwp%2Fv2%2Ftags&post=3647"}],"curies":[{"name":"wp","href":"https:\/\/api.w.org\/{rel}","templated":true}]}}