{"id":36467,"date":"2023-11-01T21:48:25","date_gmt":"2023-11-02T00:48:25","guid":{"rendered":"https:\/\/radiorevelacionfm.cl\/?p=36467"},"modified":"2023-11-01T21:48:25","modified_gmt":"2023-11-02T00:48:25","slug":"la-casa-del-terror-en-puerto-aysen-fue-todo-un-exito-y-muchas-familias-disfrutaron-de-su-espectaculo","status":"publish","type":"post","link":"https:\/\/radiorevelacionfm.cl\/?p=36467","title":{"rendered":"La \u201cCasa del Terror\u201d en Puerto Ays\u00e9n fue todo un \u00e9xito y muchas familias disfrutaron de su espect\u00e1culo"},"content":{"rendered":"<div class=\"flex_column av_one_full  flex_column_div av-zero-column-padding first  avia-builder-el-0  el_before_av_one_full  avia-builder-el-first  \" style='border-radius:0px; '><div  class='avia-image-container  av-styling-    avia-builder-el-1  avia-builder-el-no-sibling  avia-align-center '  itemprop=\"image\" itemscope=\"itemscope\" itemtype=\"https:\/\/schema.org\/ImageObject\"  ><div class='avia-image-container-inner'><div class='avia-image-overlay-wrap'><img decoding=\"async\" class='wp-image-36468 avia-img-lazy-loading-not-36468 avia_image' src=\"https:\/\/radiorevelacionfm.cl\/wp-content\/uploads\/2023\/11\/CASA-TERROR-3-1-1.jpg\" alt='' title='CASA TERROR 3 (1) (1)' height=\"600\" width=\"900\"  itemprop=\"thumbnailUrl\" srcset=\"https:\/\/radiorevelacionfm.cl\/wp-content\/uploads\/2023\/11\/CASA-TERROR-3-1-1.jpg 900w, https:\/\/radiorevelacionfm.cl\/wp-content\/uploads\/2023\/11\/CASA-TERROR-3-1-1-300x200.jpg 300w, https:\/\/radiorevelacionfm.cl\/wp-content\/uploads\/2023\/11\/CASA-TERROR-3-1-1-768x512.jpg 768w, https:\/\/radiorevelacionfm.cl\/wp-content\/uploads\/2023\/11\/CASA-TERROR-3-1-1-705x470.jpg 705w, https:\/\/radiorevelacionfm.cl\/wp-content\/uploads\/2023\/11\/CASA-TERROR-3-1-1-450x300.jpg 450w, https:\/\/radiorevelacionfm.cl\/wp-content\/uploads\/2023\/11\/CASA-TERROR-3-1-1-600x400.jpg 600w\" sizes=\"(max-width: 900px) 100vw, 900px\" \/><\/div><\/div><\/div><\/div><div class=\"flex_column av_one_full  flex_column_div av-zero-column-padding first  avia-builder-el-2  el_after_av_one_full  el_before_av_one_full  column-top-margin\" style='border-radius:0px; '><section class=\"av_textblock_section \"  itemscope=\"itemscope\" itemtype=\"https:\/\/schema.org\/BlogPosting\" itemprop=\"blogPost\" ><div class='avia_textblock  '   itemprop=\"text\" ><p style=\"text-align: center;\"><strong><span style=\"font-size: 18pt;\">La \u201cCasa del Terror\u201d en Puerto Ays\u00e9n fue todo un \u00e9xito y muchas familias disfrutaron de su espect\u00e1culo<\/span><\/strong><\/p>\n<div id=\"gtx-trans\" style=\"position: absolute; left: -50px; top: 4.31534px;\">\n<div class=\"gtx-trans-icon\"><\/div>\n<\/div>\n<\/div><\/section><\/div><div class=\"flex_column av_one_full  flex_column_div av-zero-column-padding first  avia-builder-el-4  el_after_av_one_full  el_before_av_hr  column-top-margin\" style='border-radius:0px; '><section class=\"av_textblock_section \"  itemscope=\"itemscope\" itemtype=\"https:\/\/schema.org\/BlogPosting\" itemprop=\"blogPost\" ><div class='avia_textblock  '   itemprop=\"text\" ><p style=\"text-align: justify;\">Por m\u00e1s de seis horas, ni\u00f1os, j\u00f3venes, adultos y adultos mayores disfrutaron del \u201cmiedo\u201d gracias al trabajo de un gran equipo de funcionarios y funcionarias municipales liderados por las \u00e1reas de Dideco, Cultura y Daoma.<\/p>\n<p style=\"text-align: justify;\">En el edificio cultural de Puerto Ays\u00e9n se instal\u00f3 la segunda versi\u00f3n de la \u201cCasa del Terror\u201d, organizada por la Municipalidad, donde un importante equipo de funcionarios y funcionarias de Dideco, Cultura y Daoma, pusieron lo mejor de s\u00ed, para que nuevamente esta entretenida actividad fuera todo un \u00e9xito.<\/p>\n<p style=\"text-align: justify;\">\u201cEn esta oportunidad en la casa de la cultura, con dos pisos de laberintos y pasillos del terror, provistos de efectos y personajes que resultaron sumamente exitosos para las personas que asistieron, principalmente ni\u00f1os y ni\u00f1as de la ciudad, pero tambi\u00e9n, con visitas de otras localidades. En ese sentido, la organizaci\u00f3n que se levant\u00f3 desde la unidad de cultura, en conjunto con otros programas, tanto de Dideco y tambi\u00e9n la enorme labor que realiz\u00f3 el equipo de Daoma, en la construcci\u00f3n de esta casa del terror, dio por resultado una experiencia que cada vez se va posicionando tambi\u00e9n en la ciudad, como un referente de diversi\u00f3n\u201d, se\u00f1al\u00f3 el encargado de cultura en la Municipalidad de Ays\u00e9n, Cristian Torres.<\/p>\n<p style=\"text-align: justify;\">Torres, agreg\u00f3 que, \u201cy eso hace que esta ciudad se vea mucho m\u00e1s alegre, mucho m\u00e1s divertida, independiente cual sea el motivo para celebrar. En ese sentido, sobre todo cuando se trata de infancia, al menos, la unidad de cultura est\u00e1 absolutamente convencida de que es parte tambi\u00e9n de sus derechos el poder disfrutar de una fiesta, de que tambi\u00e9n los adultos se permitan ser ni\u00f1os y pueden tener una instancia durante el a\u00f1o para eso, en este caso, logramos con tremendo \u00e9xito levantar esta casa del terror en su segunda versi\u00f3n. Tambi\u00e9n asisti\u00f3 a esta casa del terror, el Alcalde, quien comparti\u00f3 con los ni\u00f1os y fue a felicitar a todas las personas que levantaron esta actividad, porque fue un trabajo mancomunado entre distintos funcionarios y funcionarias\u201d.<\/p>\n<p style=\"text-align: justify;\">Los ni\u00f1os y j\u00f3venes que fueron parte de la jornada muchos salieron con susto, otros riendo, con sus rostros felices de haber sido parte de la casa del terror. Algunas mam\u00e1s que acompa\u00f1aron a sus hijos, quisieron relevar la actividad.<\/p>\n<p style=\"text-align: justify;\">\u201cDar las gracias, que se preparen estas instancias por parte de la Municipalidad para los chicos, se agradece. Estuvo s\u00faper entretenido, los chicos lo pasaron chancho\u201d, indicaba Daniel. Por su parte Pamela, se\u00f1alaba que, \u201ctengo la gratitud de llevar dos a\u00f1os participando en lo que son estas actividades, que me parecen realmente maravillosas porque entretienen a los ni\u00f1os que es ideal y tambi\u00e9n nos entretienen a los adultos que es muy necesario, ya que, tenemos un clima que es muy lluvioso, permanecimos encerrados, entonces, salir a estas actividades es realmente bonito. Estoy muy agradecida con la Municipalidad de Ays\u00e9n\u201d.<\/p>\n<p style=\"text-align: justify;\">Desde ahora, el \u00e1rea de cultura de la Municipalidad ya se prepara para las actividades de fin de a\u00f1o y lo que ser\u00e1 el verano 2024.<\/p>\n<\/div><\/section><\/div><div  style='height:50px' class='hr hr-invisible   avia-builder-el-6  el_after_av_one_full  el_before_av_social_share '><span class='hr-inner ' ><span class='hr-inner-style'><\/span><\/span><\/div><\/p>\n<div  class='av-social-sharing-box  avia-builder-el-7  el_after_av_hr  el_before_av_hr  '><div class='av-share-box'><h5 class='av-share-link-description av-no-toc '>Compartir esta noticia<\/h5><ul class='av-share-box-list noLightbox'><li class='av-share-link av-social-link-facebook' ><a target=\"_blank\" aria-label=\"Compartir en Facebook\" href='https:\/\/www.facebook.com\/sharer.php?u=https:\/\/radiorevelacionfm.cl\/?p=36467&#038;t=La%20%E2%80%9CCasa%20del%20Terror%E2%80%9D%20en%20Puerto%20Ays%C3%A9n%20fue%20todo%20un%20%C3%A9xito%20y%20muchas%20familias%20disfrutaron%20de%20su%20espect%C3%A1culo' aria-hidden='false' data-av_icon='\ue8f3' data-av_iconfont='entypo-fontello' title='' data-avia-related-tooltip='Compartir en Facebook' rel=\"noopener\"><span class='avia_hidden_link_text'>Compartir en Facebook<\/span><\/a><\/li><li class='av-share-link av-social-link-twitter' ><a target=\"_blank\" aria-label=\"Compartir en Twitter\" href='https:\/\/twitter.com\/share?text=La%20%E2%80%9CCasa%20del%20Terror%E2%80%9D%20en%20Puerto%20Ays%C3%A9n%20fue%20todo%20un%20%C3%A9xito%20y%20muchas%20familias%20disfrutaron%20de%20su%20espect%C3%A1culo&#038;url=https:\/\/radiorevelacionfm.cl\/?p=36467' aria-hidden='false' data-av_icon='\ue8f1' data-av_iconfont='entypo-fontello' title='' data-avia-related-tooltip='Compartir en Twitter' rel=\"noopener\"><span class='avia_hidden_link_text'>Compartir en Twitter<\/span><\/a><\/li><li class='av-share-link av-social-link-whatsapp' ><a target=\"_blank\" aria-label=\"Compartir en Whatsapp\" href='https:\/\/api.whatsapp.com\/send?text=https:\/\/radiorevelacionfm.cl\/?p=36467' aria-hidden='false' data-av_icon='\uf232' data-av_iconfont='entypo-fontello' title='' data-avia-related-tooltip='Compartir en Whatsapp' rel=\"noopener\"><span class='avia_hidden_link_text'>Compartir en Whatsapp<\/span><\/a><\/li><li class='av-share-link av-social-link-linkedin' ><a target=\"_blank\" aria-label=\"Compartir en LinkedIn\" href='https:\/\/linkedin.com\/shareArticle?mini=true&#038;title=La%20%E2%80%9CCasa%20del%20Terror%E2%80%9D%20en%20Puerto%20Ays%C3%A9n%20fue%20todo%20un%20%C3%A9xito%20y%20muchas%20familias%20disfrutaron%20de%20su%20espect%C3%A1culo&#038;url=https:\/\/radiorevelacionfm.cl\/?p=36467' aria-hidden='false' data-av_icon='\ue8fc' data-av_iconfont='entypo-fontello' title='' data-avia-related-tooltip='Compartir en LinkedIn' rel=\"noopener\"><span class='avia_hidden_link_text'>Compartir en LinkedIn<\/span><\/a><\/li><li class='av-share-link av-social-link-mail' ><a  aria-label=\"Compartir por correo\" href='mailto:?subject=La%20%E2%80%9CCasa%20del%20Terror%E2%80%9D%20en%20Puerto%20Ays%C3%A9n%20fue%20todo%20un%20%C3%A9xito%20y%20muchas%20familias%20disfrutaron%20de%20su%20espect%C3%A1culo&#038;body=https:\/\/radiorevelacionfm.cl\/?p=36467' aria-hidden='false' data-av_icon='\ue805' data-av_iconfont='entypo-fontello' title='' data-avia-related-tooltip='Compartir por correo'><span class='avia_hidden_link_text'>Compartir por correo<\/span><\/a><\/li><\/ul><\/div><\/div>\n<div  style='height:50px' class='hr hr-invisible   avia-builder-el-8  el_after_av_social_share  el_before_av_comments_list '><span class='hr-inner ' ><span class='hr-inner-style'><\/span><\/span><\/div>\n<div  class='av-buildercomment  av-blog-meta-html-info-disabled av-blog-meta-tag-disabled  '><\/div>\n","protected":false},"excerpt":{"rendered":"","protected":false},"author":1,"featured_media":36468,"comment_status":"open","ping_status":"open","sticky":false,"template":"","format":"standard","meta":{"footnotes":""},"categories":[38],"tags":[],"class_list":["post-36467","post","type-post","status-publish","format-standard","has-post-thumbnail","hentry","category-regional"],"jetpack_featured_media_url":"https:\/\/radiorevelacionfm.cl\/wp-content\/uploads\/2023\/11\/CASA-TERROR-3-1-1.jpg","_links":{"self":[{"href":"https:\/\/radiorevelacionfm.cl\/index.php?rest_route=\/wp\/v2\/posts\/36467","targetHints":{"allow":["GET"]}}],"collection":[{"href":"https:\/\/radiorevelacionfm.cl\/index.php?rest_route=\/wp\/v2\/posts"}],"about":[{"href":"https:\/\/radiorevelacionfm.cl\/index.php?rest_route=\/wp\/v2\/types\/post"}],"author":[{"embeddable":true,"href":"https:\/\/radiorevelacionfm.cl\/index.php?rest_route=\/wp\/v2\/users\/1"}],"replies":[{"embeddable":true,"href":"https:\/\/radiorevelacionfm.cl\/index.php?rest_route=%2Fwp%2Fv2%2Fcomments&post=36467"}],"version-history":[{"count":1,"href":"https:\/\/radiorevelacionfm.cl\/index.php?rest_route=\/wp\/v2\/posts\/36467\/revisions"}],"predecessor-version":[{"id":36469,"href":"https:\/\/radiorevelacionfm.cl\/index.php?rest_route=\/wp\/v2\/posts\/36467\/revisions\/36469"}],"wp:featuredmedia":[{"embeddable":true,"href":"https:\/\/radiorevelacionfm.cl\/index.php?rest_route=\/wp\/v2\/media\/36468"}],"wp:attachment":[{"href":"https:\/\/radiorevelacionfm.cl\/index.php?rest_route=%2Fwp%2Fv2%2Fmedia&parent=36467"}],"wp:term":[{"taxonomy":"category","embeddable":true,"href":"https:\/\/radiorevelacionfm.cl\/index.php?rest_route=%2Fwp%2Fv2%2Fcategories&post=36467"},{"taxonomy":"post_tag","embeddable":true,"href":"https:\/\/radiorevelacionfm.cl\/index.php?rest_route=%2Fwp%2Fv2%2Ftags&post=36467"}],"curies":[{"name":"wp","href":"https:\/\/api.w.org\/{rel}","templated":true}]}}