{"id":36463,"date":"2023-11-01T21:27:27","date_gmt":"2023-11-02T00:27:27","guid":{"rendered":"https:\/\/radiorevelacionfm.cl\/?p=36463"},"modified":"2023-11-01T22:01:45","modified_gmt":"2023-11-02T01:01:45","slug":"en-puerto-guadal-y-bertrand-impartiran-taller-abierto-de-corte-pulido-y-grabado-de-botellas","status":"publish","type":"post","link":"https:\/\/radiorevelacionfm.cl\/?p=36463","title":{"rendered":"En Puerto Guadal y Bertrand impartir\u00e1n taller abierto de corte, pulido y grabado de botellas"},"content":{"rendered":"<div class=\"flex_column av_one_full  flex_column_div av-zero-column-padding first  avia-builder-el-0  el_before_av_one_full  avia-builder-el-first  \" style='border-radius:0px; '><div  class='avia-image-container  av-styling-    avia-builder-el-1  avia-builder-el-no-sibling  avia-align-center '  itemprop=\"image\" itemscope=\"itemscope\" itemtype=\"https:\/\/schema.org\/ImageObject\"  ><div class='avia-image-container-inner'><div class='avia-image-overlay-wrap'><img decoding=\"async\" class='wp-image-36465 avia-img-lazy-loading-not-36465 avia_image' src=\"https:\/\/radiorevelacionfm.cl\/wp-content\/uploads\/2023\/11\/compacktron-1-1_optimized-1.jpg\" alt='' title='compacktron-(1)-(1)_optimized (1)' height=\"600\" width=\"1303\"  itemprop=\"thumbnailUrl\" srcset=\"https:\/\/radiorevelacionfm.cl\/wp-content\/uploads\/2023\/11\/compacktron-1-1_optimized-1.jpg 1303w, https:\/\/radiorevelacionfm.cl\/wp-content\/uploads\/2023\/11\/compacktron-1-1_optimized-1-300x138.jpg 300w, https:\/\/radiorevelacionfm.cl\/wp-content\/uploads\/2023\/11\/compacktron-1-1_optimized-1-1030x474.jpg 1030w, https:\/\/radiorevelacionfm.cl\/wp-content\/uploads\/2023\/11\/compacktron-1-1_optimized-1-768x354.jpg 768w, https:\/\/radiorevelacionfm.cl\/wp-content\/uploads\/2023\/11\/compacktron-1-1_optimized-1-705x325.jpg 705w, https:\/\/radiorevelacionfm.cl\/wp-content\/uploads\/2023\/11\/compacktron-1-1_optimized-1-450x207.jpg 450w, https:\/\/radiorevelacionfm.cl\/wp-content\/uploads\/2023\/11\/compacktron-1-1_optimized-1-600x276.jpg 600w\" sizes=\"(max-width: 1303px) 100vw, 1303px\" \/><\/div><\/div><\/div><\/div>\n<div class=\"flex_column av_one_full  flex_column_div av-zero-column-padding first  avia-builder-el-2  el_after_av_one_full  el_before_av_one_full  column-top-margin\" style='border-radius:0px; '><section class=\"av_textblock_section \"  itemscope=\"itemscope\" itemtype=\"https:\/\/schema.org\/BlogPosting\" itemprop=\"blogPost\" ><div class='avia_textblock  '   itemprop=\"text\" ><p style=\"text-align: center;\"><strong><span style=\"font-size: 18pt;\">En Puerto Guadal y Bertrand impartir\u00e1n taller abierto de corte, pulido y grabado de botellas<\/span><\/strong><\/p>\n<div id=\"gtx-trans\" style=\"position: absolute; left: -50px; top: 4.31534px;\">\n<div class=\"gtx-trans-icon\"><\/div>\n<\/div>\n<\/div><\/section><\/div>\n<div class=\"flex_column av_one_full  flex_column_div av-zero-column-padding first  avia-builder-el-4  el_after_av_one_full  el_before_av_hr  column-top-margin\" style='border-radius:0px; '><section class=\"av_textblock_section \"  itemscope=\"itemscope\" itemtype=\"https:\/\/schema.org\/BlogPosting\" itemprop=\"blogPost\" ><div class='avia_textblock  '   itemprop=\"text\" ><p style=\"text-align: justify;\"><i><span lang=\"ES\">En el marco de proyecto \u00abPiloto comunitario de gesti\u00f3n de Residuos en el Chelenko\u00bb, que ya ha capacitado a vecinos y vecinas de ambas localidades en uso de lana como aislante t\u00e9rmico, reutilizaci\u00f3n creativa de tetrapack, y compostaje y reciclaje.<\/span><\/i><\/p>\n<p class=\"v1MsoNormal\" style=\"text-align: justify;\"><span lang=\"ES\">Con un taller de reutilizaci<\/span><span lang=\"X-NONE\">\u00f3n de botellas de vidrio continuar\u00e1 este s\u00e1bado 4 de noviembre el <\/span><span lang=\"ES\"><a href=\"https:\/\/radio45sur.cl\/2023\/08\/03\/con-taller-de-lana-de-oveja-como-aislante-partira-piloto-comunitario-de-gestion-de-residuos-en-puerto-guadal\/\" target=\"_blank\" rel=\"noopener noreferrer\"><span lang=\"X-NONE\">proyecto<\/span><\/a><\/span><span lang=\"X-NONE\">\u00a0\u00ab<i>Piloto comunitario de Gesti\u00f3n de Residuos en el Chelenko<\/i>\u00ab, ejecutado por la Junta de Vecinos N8 de Puerto Guadal con recursos del 8% FNDR del Gobierno Regional de Ays\u00e9n. Durante la jornada Alejandro Marchant, de la empresa regional <\/span><span lang=\"ES\"><a href=\"https:\/\/www.instagram.com\/ecoglasspatagonia\/?igshid=OGQ5ZDc2ODk2ZA%3D%3D\" target=\"_blank\" rel=\"noopener noreferrer\"><span lang=\"X-NONE\">Ecoglass Patagonia<\/span><\/a><\/span><span lang=\"X-NONE\">, compartir\u00e1 t\u00e9cnicas de corte, pulido y grabado de botellas.<\/span><\/p>\n<p class=\"v1MsoNormal\" style=\"text-align: justify;\"><span lang=\"X-NONE\">El taller es abierto a toda la comunidad, para lo cual quienes quieran participar pueden inscribirse al correo\u00a0<a href=\"mailto:juntavecinosguadal@gmail.com\" rel=\"noreferrer\">juntavecinosguadal@gmail.com<\/a>.<\/span><\/p>\n<p class=\"v1MsoNormal\" style=\"text-align: justify;\"><span lang=\"X-NONE\">Ser\u00e1 \u00e9ste el cuarto hito del proyecto, luego de la partida con la capacitaci\u00f3n en uso de\u00a0<\/span><span lang=\"ES\"><a href=\"https:\/\/www.diarioregionalaysen.cl\/noticia\/actualidad\/2023\/09\/continua-piloto-de-gestion-de-residuos-en-puerto-guadal-y-puerto-bertrand\" target=\"_blank\" rel=\"noopener noreferrer\"><span lang=\"X-NONE\">lana como aislante t\u00e9rmico<\/span><\/a><\/span><span lang=\"X-NONE\">\u00a0en el mes de agosto (con Lanarq de los arquitectos Andr\u00e9s Villouta y Mar\u00eda de los \u00c1ngeles Lobos), la reutilizaci\u00f3n creativa de tetrapack en septiembre (con la dise\u00f1adora y artista visual Ivette Laclote) y los m\u00f3dulos de compostaje y reciclaje de mediados de octubre (con la empresa \u00ab<i>Patagonia son Residuos<\/i>\u00bb y la ingeniera agr\u00f3noma Fernanda Nenen). El proceso ha contado con la participaci\u00f3n de decenas de asistentes, incluidos muchos ni\u00f1os y ni\u00f1as.<\/span><\/p>\n<p class=\"v1MsoNormal\" style=\"text-align: justify;\"><b><span lang=\"X-NONE\">El destino de los desechos<\/span><\/b><\/p>\n<p class=\"v1MsoNormal\" style=\"text-align: justify;\"><span lang=\"X-NONE\">El \u00faltimo taller se desarroll\u00f3 el 21 de\u00a0<\/span><span lang=\"ES\">octubre en Puerto Guadal y el domingo 22 en Puerto Bertrand, bajo el t<\/span><span lang=\"X-NONE\">\u00edtulo \u00ab<i>Si la clasificas, no es basura<\/i>\u00ab, en cuyos m\u00f3dulos se entregaron las claves para los procesos de reutilizaci\u00f3n de los residuos tanto artificiales como org\u00e1nicos.<\/span><\/p>\n<p class=\"v1MsoNormal\" style=\"text-align: justify;\"><span lang=\"X-NONE\">Durante la primera parte, Fernanda Nenen explic\u00f3 los principales tips relacionados con la generaci\u00f3n de fertilizante natural a trav\u00e9s de la biodegradaci\u00f3n, mediante la incorporaci\u00f3n de lombrices californianas. Esta acci\u00f3n se vincula con la recepci\u00f3n, todos los s\u00e1bado, de los desechos domiciliarios org\u00e1nicos en la feria de productos hort\u00edcolas y tradicionales que se instala en la sede de la AG de Campesinos de Puerto Guadal, contemplando como retribuci\u00f3n que al final de la primavera se entregue a quienes participen plantines y tierra de hoja para sus huertas.<\/span><\/p>\n<p class=\"v1MsoNormal\" style=\"text-align: justify;\"><span lang=\"X-NONE\">Posteriormente, Feisal Ahuile de\u00bb<i>Patagonia sin Residuos<\/i>\u00ab, profundiz\u00f3 en los distintos tipos de pl\u00e1sticos que existen en el mercado y que terminan contaminando suelos y aguas. La forma en que se clasifican y se preparan para el reciclaje, y el v\u00ednculo con el inicio de la implementaci\u00f3n \u00edntegra de la Ley de Responsabilidad Extendida del Productor (Ley REP), a partir del mes de septiembre de este a\u00f1o, fueron parte de los contenidos.<\/span><\/p>\n<p class=\"v1MsoNormal\" style=\"text-align: justify;\"><span lang=\"X-NONE\">La visita a ambas localidades estuvo precedida por la presencia\u00bbCompacktron\u00bb, superh\u00e9roe regional que concientiza a los ni\u00f1os y ni\u00f1as sobre la importancia de reciclar y cuidar la naturaleza.<\/span><\/p>\n<p class=\"v1MsoNormal\" style=\"text-align: justify;\"><span lang=\"X-NONE\">La iniciativa cuenta con el apoyo del Comit\u00e9 de Infancia R\u00edo Baker de Puerto Bertrand, las seremis de Medio Ambiente y Salud, la Corporaci\u00f3n Privada para el Desarrollo de Ays\u00e9n y la Oficina de Protecci\u00f3n de Derechos de la Municipalidad de Chile Chico.<\/span><\/p>\n<\/div><\/section><\/div><div  style='height:50px' class='hr hr-invisible   avia-builder-el-6  el_after_av_one_full  el_before_av_social_share '><span class='hr-inner ' ><span class='hr-inner-style'><\/span><\/span><\/div><\/p>\n<div  class='av-social-sharing-box  avia-builder-el-7  el_after_av_hr  el_before_av_hr  '><div class='av-share-box'><h5 class='av-share-link-description av-no-toc '>Compartir esta noticia<\/h5><ul class='av-share-box-list noLightbox'><li class='av-share-link av-social-link-facebook' ><a target=\"_blank\" aria-label=\"Compartir en Facebook\" href='https:\/\/www.facebook.com\/sharer.php?u=https:\/\/radiorevelacionfm.cl\/?p=36463&#038;t=En%20Puerto%20Guadal%20y%20Bertrand%20impartir%C3%A1n%20taller%20abierto%20de%20corte%2C%20pulido%20y%20grabado%20de%20botellas' aria-hidden='false' data-av_icon='\ue8f3' data-av_iconfont='entypo-fontello' title='' data-avia-related-tooltip='Compartir en Facebook' rel=\"noopener\"><span class='avia_hidden_link_text'>Compartir en Facebook<\/span><\/a><\/li><li class='av-share-link av-social-link-twitter' ><a target=\"_blank\" aria-label=\"Compartir en Twitter\" href='https:\/\/twitter.com\/share?text=En%20Puerto%20Guadal%20y%20Bertrand%20impartir%C3%A1n%20taller%20abierto%20de%20corte%2C%20pulido%20y%20grabado%20de%20botellas&#038;url=https:\/\/radiorevelacionfm.cl\/?p=36463' aria-hidden='false' data-av_icon='\ue8f1' data-av_iconfont='entypo-fontello' title='' data-avia-related-tooltip='Compartir en Twitter' rel=\"noopener\"><span class='avia_hidden_link_text'>Compartir en Twitter<\/span><\/a><\/li><li class='av-share-link av-social-link-whatsapp' ><a target=\"_blank\" aria-label=\"Compartir en Whatsapp\" href='https:\/\/api.whatsapp.com\/send?text=https:\/\/radiorevelacionfm.cl\/?p=36463' aria-hidden='false' data-av_icon='\uf232' data-av_iconfont='entypo-fontello' title='' data-avia-related-tooltip='Compartir en Whatsapp' rel=\"noopener\"><span class='avia_hidden_link_text'>Compartir en Whatsapp<\/span><\/a><\/li><li class='av-share-link av-social-link-linkedin' ><a target=\"_blank\" aria-label=\"Compartir en LinkedIn\" href='https:\/\/linkedin.com\/shareArticle?mini=true&#038;title=En%20Puerto%20Guadal%20y%20Bertrand%20impartir%C3%A1n%20taller%20abierto%20de%20corte%2C%20pulido%20y%20grabado%20de%20botellas&#038;url=https:\/\/radiorevelacionfm.cl\/?p=36463' aria-hidden='false' data-av_icon='\ue8fc' data-av_iconfont='entypo-fontello' title='' data-avia-related-tooltip='Compartir en LinkedIn' rel=\"noopener\"><span class='avia_hidden_link_text'>Compartir en LinkedIn<\/span><\/a><\/li><li class='av-share-link av-social-link-mail' ><a  aria-label=\"Compartir por correo\" href='mailto:?subject=En%20Puerto%20Guadal%20y%20Bertrand%20impartir%C3%A1n%20taller%20abierto%20de%20corte%2C%20pulido%20y%20grabado%20de%20botellas&#038;body=https:\/\/radiorevelacionfm.cl\/?p=36463' aria-hidden='false' data-av_icon='\ue805' data-av_iconfont='entypo-fontello' title='' data-avia-related-tooltip='Compartir por correo'><span class='avia_hidden_link_text'>Compartir por correo<\/span><\/a><\/li><\/ul><\/div><\/div>\n<div  style='height:50px' class='hr hr-invisible   avia-builder-el-8  el_after_av_social_share  el_before_av_comments_list '><span class='hr-inner ' ><span class='hr-inner-style'><\/span><\/span><\/div>\n<div  class='av-buildercomment  av-blog-meta-html-info-disabled av-blog-meta-tag-disabled  '><\/div>\n","protected":false},"excerpt":{"rendered":"","protected":false},"author":1,"featured_media":36465,"comment_status":"open","ping_status":"open","sticky":false,"template":"","format":"standard","meta":{"footnotes":""},"categories":[38],"tags":[],"class_list":["post-36463","post","type-post","status-publish","format-standard","has-post-thumbnail","hentry","category-regional"],"jetpack_featured_media_url":"https:\/\/radiorevelacionfm.cl\/wp-content\/uploads\/2023\/11\/compacktron-1-1_optimized-1.jpg","_links":{"self":[{"href":"https:\/\/radiorevelacionfm.cl\/index.php?rest_route=\/wp\/v2\/posts\/36463","targetHints":{"allow":["GET"]}}],"collection":[{"href":"https:\/\/radiorevelacionfm.cl\/index.php?rest_route=\/wp\/v2\/posts"}],"about":[{"href":"https:\/\/radiorevelacionfm.cl\/index.php?rest_route=\/wp\/v2\/types\/post"}],"author":[{"embeddable":true,"href":"https:\/\/radiorevelacionfm.cl\/index.php?rest_route=\/wp\/v2\/users\/1"}],"replies":[{"embeddable":true,"href":"https:\/\/radiorevelacionfm.cl\/index.php?rest_route=%2Fwp%2Fv2%2Fcomments&post=36463"}],"version-history":[{"count":2,"href":"https:\/\/radiorevelacionfm.cl\/index.php?rest_route=\/wp\/v2\/posts\/36463\/revisions"}],"predecessor-version":[{"id":36471,"href":"https:\/\/radiorevelacionfm.cl\/index.php?rest_route=\/wp\/v2\/posts\/36463\/revisions\/36471"}],"wp:featuredmedia":[{"embeddable":true,"href":"https:\/\/radiorevelacionfm.cl\/index.php?rest_route=\/wp\/v2\/media\/36465"}],"wp:attachment":[{"href":"https:\/\/radiorevelacionfm.cl\/index.php?rest_route=%2Fwp%2Fv2%2Fmedia&parent=36463"}],"wp:term":[{"taxonomy":"category","embeddable":true,"href":"https:\/\/radiorevelacionfm.cl\/index.php?rest_route=%2Fwp%2Fv2%2Fcategories&post=36463"},{"taxonomy":"post_tag","embeddable":true,"href":"https:\/\/radiorevelacionfm.cl\/index.php?rest_route=%2Fwp%2Fv2%2Ftags&post=36463"}],"curies":[{"name":"wp","href":"https:\/\/api.w.org\/{rel}","templated":true}]}}