{"id":36460,"date":"2023-11-01T21:05:04","date_gmt":"2023-11-02T00:05:04","guid":{"rendered":"https:\/\/radiorevelacionfm.cl\/?p=36460"},"modified":"2023-11-01T21:05:04","modified_gmt":"2023-11-02T00:05:04","slug":"joven-aysenino-pide-ayuda-para-ser-trasladado-a-la-capital-tras-agotar-todos-los-tratamientos-quirurgicos-disponibles-en-la-region","status":"publish","type":"post","link":"https:\/\/radiorevelacionfm.cl\/?p=36460","title":{"rendered":"Joven aysenino pide ayuda para ser trasladado a la capital tras agotar todos los tratamientos quir\u00fargicos disponibles en la regi\u00f3n"},"content":{"rendered":"<div class=\"flex_column av_one_full  flex_column_div av-zero-column-padding first  avia-builder-el-0  el_before_av_one_full  avia-builder-el-first  \" style='border-radius:0px; '><div  class='avia-image-container  av-styling-    avia-builder-el-1  avia-builder-el-no-sibling  avia-align-center '  itemprop=\"image\" itemscope=\"itemscope\" itemtype=\"https:\/\/schema.org\/ImageObject\"  ><div class='avia-image-container-inner'><div class='avia-image-overlay-wrap'><img decoding=\"async\" class='wp-image-36461 avia-img-lazy-loading-not-36461 avia_image' src=\"https:\/\/radiorevelacionfm.cl\/wp-content\/uploads\/2023\/11\/img-cristianvel3-1-1.jpeg\" alt='' title='img-cristianvel3 (1) (1)' height=\"600\" width=\"800\"  itemprop=\"thumbnailUrl\" srcset=\"https:\/\/radiorevelacionfm.cl\/wp-content\/uploads\/2023\/11\/img-cristianvel3-1-1.jpeg 800w, https:\/\/radiorevelacionfm.cl\/wp-content\/uploads\/2023\/11\/img-cristianvel3-1-1-300x225.jpeg 300w, https:\/\/radiorevelacionfm.cl\/wp-content\/uploads\/2023\/11\/img-cristianvel3-1-1-768x576.jpeg 768w, https:\/\/radiorevelacionfm.cl\/wp-content\/uploads\/2023\/11\/img-cristianvel3-1-1-705x529.jpeg 705w, https:\/\/radiorevelacionfm.cl\/wp-content\/uploads\/2023\/11\/img-cristianvel3-1-1-450x338.jpeg 450w, https:\/\/radiorevelacionfm.cl\/wp-content\/uploads\/2023\/11\/img-cristianvel3-1-1-600x450.jpeg 600w\" sizes=\"(max-width: 800px) 100vw, 800px\" \/><\/div><\/div><\/div><\/div><div class=\"flex_column av_one_full  flex_column_div av-zero-column-padding first  avia-builder-el-2  el_after_av_one_full  el_before_av_one_full  column-top-margin\" style='border-radius:0px; '><section class=\"av_textblock_section \"  itemscope=\"itemscope\" itemtype=\"https:\/\/schema.org\/BlogPosting\" itemprop=\"blogPost\" ><div class='avia_textblock  '   itemprop=\"text\" ><p style=\"text-align: center;\"><strong><span style=\"font-size: 18pt;\">Joven aysenino pide ayuda para ser trasladado a la capital tras agotar todos los tratamientos quir\u00fargicos disponibles en la regi\u00f3n<\/span><\/strong><\/p>\n<div id=\"gtx-trans\" style=\"position: absolute; left: -50px; top: 4.31534px;\">\n<div class=\"gtx-trans-icon\"><\/div>\n<\/div>\n<\/div><\/section><\/div><div class=\"flex_column av_one_full  flex_column_div av-zero-column-padding first  avia-builder-el-4  el_after_av_one_full  el_before_av_hr  column-top-margin\" style='border-radius:0px; '><section class=\"av_textblock_section \"  itemscope=\"itemscope\" itemtype=\"https:\/\/schema.org\/BlogPosting\" itemprop=\"blogPost\" ><div class='avia_textblock  '   itemprop=\"text\" ><p style=\"text-align: justify;\"><em>Diversas complicaciones m\u00e9dicas hoy lo tienen una condici\u00f3n inestable ante el avance de su enfermedad de base.<\/em><\/p>\n<p style=\"text-align: justify;\">Un complejo escenario es el que actualmente atraviesa la familia Vel\u00e1squez Panichini en la ciudad de Puerto Ays\u00e9n, su hijo Cristian se encuentra internado en el Hospital Regional de Coyhaique a la espera de conocer cu\u00e1l ser\u00e1 el futuro del tratamiento que posee por insuficiencia renal debido al Lupus diagnosticado hace m\u00e1s de una d\u00e9cada. El joven de 32 a\u00f1os se ha dializado en el Hospital de Puerto Ays\u00e9n desde el 2016 y en octubre 2023 comenz\u00f3 con una serie de complicaciones que hoy ya no son posibles de resolver en la zona, por lo que, tanto \u00e9l, su familia y amigos se encuentran solicitando ayuda para poder acceder a los profesionales necesarios en Santiago que le permitan recuperar una condici\u00f3n optima de salud.<\/p>\n<p style=\"text-align: justify;\">En este sentido, Cristian Vel\u00e1squez Panichini, explic\u00f3 el origen de su actual estado sanitario enfatizando en que \u201cen estos momentos me encuentro en una situaci\u00f3n con cero posibilidades de atenci\u00f3n en la Regi\u00f3n, ya que aqu\u00ed en el Hospital Base o Regional de Coyhaique, que es el m\u00e1s grande en la zona, no existen los especialistas ni la infraestructura para poder atender a la situaci\u00f3n que tengo actualmente\u201d.<\/p>\n<p style=\"text-align: justify;\">A\u00f1adiendo que \u201clo m\u00e1s triste es que, por m\u00e1s que me busquen acceso venoso, ya no tengo, me queda s\u00f3lo la pierna izquierda que si tengo algo grave es la \u00fanica salida que me queda en este momento. Lo \u00fanico que necesito m\u00e1s que una f\u00edstula o una pr\u00f3tesis o un cat\u00e9ter, que son las cosas que se utilizan para dializarse, necesito un ri\u00f1\u00f3n. Ya que se agotaron las \u00faltimas instancias, trataron de hacer todo lo posible, pero no pudieron\u201d puntualiz\u00f3 Vel\u00e1squez.<\/p>\n<p style=\"text-align: justify;\">Ante esta situaci\u00f3n adversa de salud, el joven aysenino abord\u00f3 la necesidad de un traslado fuera de la Regi\u00f3n de Ays\u00e9n que le permita contar la infraestructura hospitalaria y los profesionales m\u00e9dicos adecuados para resolver el contexto que atraviesa \u201ctengo 32 a\u00f1os, y me estoy muriendo\u201d, declar\u00f3.<\/p>\n<p style=\"text-align: justify;\">La familia ha tomado contacto con diversas autoridades en la zona para pedir su intervenci\u00f3n y as\u00ed conseguir el traslado en el avi\u00f3n ambulancia que posee el Servicio de Salud de Ays\u00e9n. Acci\u00f3n clave para el joven en momentos que la distancia geogr\u00e1fica condiciona sus probabilidades de salud.<\/p>\n<\/div><\/section><\/div><div  style='height:50px' class='hr hr-invisible   avia-builder-el-6  el_after_av_one_full  el_before_av_social_share '><span class='hr-inner ' ><span class='hr-inner-style'><\/span><\/span><\/div><\/p>\n<div  class='av-social-sharing-box  avia-builder-el-7  el_after_av_hr  el_before_av_hr  '><div class='av-share-box'><h5 class='av-share-link-description av-no-toc '>Compartir esta noticia<\/h5><ul class='av-share-box-list noLightbox'><li class='av-share-link av-social-link-facebook' ><a target=\"_blank\" aria-label=\"Compartir en Facebook\" href='https:\/\/www.facebook.com\/sharer.php?u=https:\/\/radiorevelacionfm.cl\/?p=36460&#038;t=Joven%20aysenino%20pide%20ayuda%20para%20ser%20trasladado%20a%20la%20capital%20tras%20agotar%20todos%20los%20tratamientos%20quir%C3%BArgicos%20disponibles%20en%20la%20regi%C3%B3n' aria-hidden='false' data-av_icon='\ue8f3' data-av_iconfont='entypo-fontello' title='' data-avia-related-tooltip='Compartir en Facebook' rel=\"noopener\"><span class='avia_hidden_link_text'>Compartir en Facebook<\/span><\/a><\/li><li class='av-share-link av-social-link-twitter' ><a target=\"_blank\" aria-label=\"Compartir en Twitter\" href='https:\/\/twitter.com\/share?text=Joven%20aysenino%20pide%20ayuda%20para%20ser%20trasladado%20a%20la%20capital%20tras%20agotar%20todos%20los%20tratamientos%20quir%C3%BArgicos%20disponibles%20en%20la%20regi%C3%B3n&#038;url=https:\/\/radiorevelacionfm.cl\/?p=36460' aria-hidden='false' data-av_icon='\ue8f1' data-av_iconfont='entypo-fontello' title='' data-avia-related-tooltip='Compartir en Twitter' rel=\"noopener\"><span class='avia_hidden_link_text'>Compartir en Twitter<\/span><\/a><\/li><li class='av-share-link av-social-link-whatsapp' ><a target=\"_blank\" aria-label=\"Compartir en Whatsapp\" href='https:\/\/api.whatsapp.com\/send?text=https:\/\/radiorevelacionfm.cl\/?p=36460' aria-hidden='false' data-av_icon='\uf232' data-av_iconfont='entypo-fontello' title='' data-avia-related-tooltip='Compartir en Whatsapp' rel=\"noopener\"><span class='avia_hidden_link_text'>Compartir en Whatsapp<\/span><\/a><\/li><li class='av-share-link av-social-link-linkedin' ><a target=\"_blank\" aria-label=\"Compartir en LinkedIn\" href='https:\/\/linkedin.com\/shareArticle?mini=true&#038;title=Joven%20aysenino%20pide%20ayuda%20para%20ser%20trasladado%20a%20la%20capital%20tras%20agotar%20todos%20los%20tratamientos%20quir%C3%BArgicos%20disponibles%20en%20la%20regi%C3%B3n&#038;url=https:\/\/radiorevelacionfm.cl\/?p=36460' aria-hidden='false' data-av_icon='\ue8fc' data-av_iconfont='entypo-fontello' title='' data-avia-related-tooltip='Compartir en LinkedIn' rel=\"noopener\"><span class='avia_hidden_link_text'>Compartir en LinkedIn<\/span><\/a><\/li><li class='av-share-link av-social-link-mail' ><a  aria-label=\"Compartir por correo\" href='mailto:?subject=Joven%20aysenino%20pide%20ayuda%20para%20ser%20trasladado%20a%20la%20capital%20tras%20agotar%20todos%20los%20tratamientos%20quir%C3%BArgicos%20disponibles%20en%20la%20regi%C3%B3n&#038;body=https:\/\/radiorevelacionfm.cl\/?p=36460' aria-hidden='false' data-av_icon='\ue805' data-av_iconfont='entypo-fontello' title='' data-avia-related-tooltip='Compartir por correo'><span class='avia_hidden_link_text'>Compartir por correo<\/span><\/a><\/li><\/ul><\/div><\/div>\n<div  style='height:50px' class='hr hr-invisible   avia-builder-el-8  el_after_av_social_share  el_before_av_comments_list '><span class='hr-inner ' ><span class='hr-inner-style'><\/span><\/span><\/div>\n<div  class='av-buildercomment  av-blog-meta-html-info-disabled av-blog-meta-tag-disabled  '><\/div>\n","protected":false},"excerpt":{"rendered":"","protected":false},"author":1,"featured_media":36461,"comment_status":"open","ping_status":"open","sticky":false,"template":"","format":"standard","meta":{"footnotes":""},"categories":[38],"tags":[],"class_list":["post-36460","post","type-post","status-publish","format-standard","has-post-thumbnail","hentry","category-regional"],"jetpack_featured_media_url":"https:\/\/radiorevelacionfm.cl\/wp-content\/uploads\/2023\/11\/img-cristianvel3-1-1.jpeg","_links":{"self":[{"href":"https:\/\/radiorevelacionfm.cl\/index.php?rest_route=\/wp\/v2\/posts\/36460","targetHints":{"allow":["GET"]}}],"collection":[{"href":"https:\/\/radiorevelacionfm.cl\/index.php?rest_route=\/wp\/v2\/posts"}],"about":[{"href":"https:\/\/radiorevelacionfm.cl\/index.php?rest_route=\/wp\/v2\/types\/post"}],"author":[{"embeddable":true,"href":"https:\/\/radiorevelacionfm.cl\/index.php?rest_route=\/wp\/v2\/users\/1"}],"replies":[{"embeddable":true,"href":"https:\/\/radiorevelacionfm.cl\/index.php?rest_route=%2Fwp%2Fv2%2Fcomments&post=36460"}],"version-history":[{"count":1,"href":"https:\/\/radiorevelacionfm.cl\/index.php?rest_route=\/wp\/v2\/posts\/36460\/revisions"}],"predecessor-version":[{"id":36462,"href":"https:\/\/radiorevelacionfm.cl\/index.php?rest_route=\/wp\/v2\/posts\/36460\/revisions\/36462"}],"wp:featuredmedia":[{"embeddable":true,"href":"https:\/\/radiorevelacionfm.cl\/index.php?rest_route=\/wp\/v2\/media\/36461"}],"wp:attachment":[{"href":"https:\/\/radiorevelacionfm.cl\/index.php?rest_route=%2Fwp%2Fv2%2Fmedia&parent=36460"}],"wp:term":[{"taxonomy":"category","embeddable":true,"href":"https:\/\/radiorevelacionfm.cl\/index.php?rest_route=%2Fwp%2Fv2%2Fcategories&post=36460"},{"taxonomy":"post_tag","embeddable":true,"href":"https:\/\/radiorevelacionfm.cl\/index.php?rest_route=%2Fwp%2Fv2%2Ftags&post=36460"}],"curies":[{"name":"wp","href":"https:\/\/api.w.org\/{rel}","templated":true}]}}