{"id":36454,"date":"2023-11-02T10:19:48","date_gmt":"2023-11-02T13:19:48","guid":{"rendered":"https:\/\/radiorevelacionfm.cl\/?p=36454"},"modified":"2023-11-02T10:19:48","modified_gmt":"2023-11-02T13:19:48","slug":"talleres-buscan-fortalecer-habilidades-y-excelencia-en-la-gestion-de-empresas-turisticas-de-aysen","status":"publish","type":"post","link":"https:\/\/radiorevelacionfm.cl\/?p=36454","title":{"rendered":"Talleres buscan fortalecer habilidades y excelencia en la gesti\u00f3n de empresas tur\u00edsticas de Ays\u00e9n"},"content":{"rendered":"<div class=\"flex_column av_one_full  flex_column_div av-zero-column-padding first  avia-builder-el-0  el_before_av_one_full  avia-builder-el-first  \" style='border-radius:0px; '><div  class='avia-image-container  av-styling-    avia-builder-el-1  avia-builder-el-no-sibling  avia-align-center '  itemprop=\"image\" itemscope=\"itemscope\" itemtype=\"https:\/\/schema.org\/ImageObject\"  ><div class='avia-image-container-inner'><div class='avia-image-overlay-wrap'><img decoding=\"async\" class='wp-image-36456 avia-img-lazy-loading-not-36456 avia_image' src=\"https:\/\/radiorevelacionfm.cl\/wp-content\/uploads\/2023\/10\/FOTO-SERVCIO-TURISTICO-2-1-1.jpeg\" alt='' title='FOTO SERVCIO TURISTICO 2 (1) (1)' height=\"600\" width=\"900\"  itemprop=\"thumbnailUrl\" srcset=\"https:\/\/radiorevelacionfm.cl\/wp-content\/uploads\/2023\/10\/FOTO-SERVCIO-TURISTICO-2-1-1.jpeg 900w, https:\/\/radiorevelacionfm.cl\/wp-content\/uploads\/2023\/10\/FOTO-SERVCIO-TURISTICO-2-1-1-300x200.jpeg 300w, https:\/\/radiorevelacionfm.cl\/wp-content\/uploads\/2023\/10\/FOTO-SERVCIO-TURISTICO-2-1-1-768x512.jpeg 768w, https:\/\/radiorevelacionfm.cl\/wp-content\/uploads\/2023\/10\/FOTO-SERVCIO-TURISTICO-2-1-1-705x470.jpeg 705w, https:\/\/radiorevelacionfm.cl\/wp-content\/uploads\/2023\/10\/FOTO-SERVCIO-TURISTICO-2-1-1-450x300.jpeg 450w, https:\/\/radiorevelacionfm.cl\/wp-content\/uploads\/2023\/10\/FOTO-SERVCIO-TURISTICO-2-1-1-600x400.jpeg 600w\" sizes=\"(max-width: 900px) 100vw, 900px\" \/><\/div><\/div><\/div><\/div><div class=\"flex_column av_one_full  flex_column_div av-zero-column-padding first  avia-builder-el-2  el_after_av_one_full  el_before_av_one_full  column-top-margin\" style='border-radius:0px; '><section class=\"av_textblock_section \"  itemscope=\"itemscope\" itemtype=\"https:\/\/schema.org\/BlogPosting\" itemprop=\"blogPost\" ><div class='avia_textblock  '   itemprop=\"text\" ><p style=\"text-align: center;\"><strong><span style=\"font-size: 18pt;\">Talleres buscan fortalecer habilidades y excelencia en la gesti\u00f3n de empresas tur\u00edsticas de Ays\u00e9n<\/span><\/strong><\/p>\n<div id=\"gtx-trans\" style=\"position: absolute; left: -50px; top: 4.31534px;\">\n<div class=\"gtx-trans-icon\"><\/div>\n<\/div>\n<\/div><\/section><\/div><div class=\"flex_column av_one_full  flex_column_div av-zero-column-padding first  avia-builder-el-4  el_after_av_one_full  el_before_av_hr  column-top-margin\" style='border-radius:0px; '><section class=\"av_textblock_section \"  itemscope=\"itemscope\" itemtype=\"https:\/\/schema.org\/BlogPosting\" itemprop=\"blogPost\" ><div class='avia_textblock  '   itemprop=\"text\" ><p style=\"text-align: justify;\"><em>Las capacitaciones organizadas por SERNATUR est\u00e1n dirigidas a trabajadores, empresarias y empresarios de servicios tur\u00edsticos de alojamiento y alimentaci\u00f3n.<\/em><\/p>\n<p style=\"text-align: justify;\">Durante el mes de noviembre, en diversas localidades de la regi\u00f3n de Ays\u00e9n, se llevar\u00e1 cabo el proyecto \u201cTalleres de Capacitaci\u00f3n para el Fortalecimiento de la Gesti\u00f3n Tur\u00edstica de Establecimientos de alojamiento y alimentaci\u00f3n, destino Ays\u00e9n-Patagonia\u201d, dedicado a empresas de turismo formalizadas y registradas en el Servicio Nacional de Turismo (SERNATUR).<\/p>\n<p style=\"text-align: justify;\">El ciclo de talleres, gestionado por SERNATUR con el financiamiento del Gobierno Regional de Ays\u00e9n, se realizar\u00e1 en 8 distintas localidades: La Junta y Puerto Cisnes, por el norte; Coyhaique y Puerto Ays\u00e9n, en la zona centro; y en el sur, Puerto R\u00edo Tranquilo, Cochrane, Villa O\u2019Higgins Chile Chico. En cada ciudad se impartir\u00e1n dos talleres, uno orientado a prestadores de servicios gastron\u00f3micos y otro, para prestadores de servicios de alojamiento. Las capacitaciones tendr\u00e1n una duraci\u00f3n de 14 horas cronol\u00f3gicas y se desarrollar\u00e1n en dos d\u00edas consecutivos.<\/p>\n<p style=\"text-align: justify;\">Claudio Montecinos Angulo, director regional SERNATUR Ays\u00e9n indic\u00f3 que \u00abesta es una oportunidad para poder acceder a conocimientos especializados y pr\u00e1cticos en el \u00e1rea del\u00a0servicio al cliente, gesti\u00f3n de restaurantes y alojamiento tur\u00edstico. Ser\u00e1 posible identificar aspectos clave y puntos cr\u00edticos que marcan la diferencia entre un buen servicio y una experiencia memorable. Siendo, adem\u00e1s, uno de los objetivos de estas capacitaciones impulsar el desarrollo y la calidad de los servicios tur\u00edsticos en la regi\u00f3n de Ays\u00e9n\u00bb.<\/p>\n<p style=\"text-align: justify;\">Las capacitaciones buscan que cada experiencia tur\u00edstica supere siempre las expectativas, las que ser\u00e1n facilitadas por expertos en cada \u00e1rea, asegurando una experiencia de aprendizaje valiosa y aplicable en el contexto local.\u00a0Para abordar el \u00e1rea de la hospitalidad\u00a0y el servicio en la industria del Turismo, estar\u00e1n Ren\u00e9 Fischer, consultor y conferencista especializado en calidad de servicios, dise\u00f1o de experiencias de tercera generaci\u00f3n y coaching de gesti\u00f3n de servicios en la industria de la hospitalidad y el servicio; \u00a0Guillermo Nova, master Internacional en Turismo y Hoteler\u00eda, asesor con m\u00e1s de 30 a\u00f1os de experiencia dedicados al fortalecimiento y desarrollo del sector tur\u00edstico\u00a0nacional, y Sabrina Tettamanti, profesional argentina hotelera con m\u00e1s de 16 a\u00f1os de experiencia en la industria de la Hoteler\u00eda de lujo, y trabaja con un fuerte enfoque en Costumer Service, Calidad de servicio y Manejo de Personal.<\/p>\n<p style=\"text-align: justify;\">Estos tres profesionales, trabajar\u00e1n junto a otros profesionales del \u00e1rea de la salud y un equipo de coordinadores territoriales.<\/p>\n<p style=\"text-align: justify;\">Al respecto, el facilitador Guillermo Nova, resalt\u00f3 que en los talleres se aprender\u00e1 haciendo. \u201cLa idea es que los empresarios y empresarias sean orientados a trav\u00e9s de ejemplos y situaciones concretas que les permitan la incorporaci\u00f3n paulatina de estos aprendizajes a sus propios negocios\u201d.<\/p>\n<p style=\"text-align: justify;\">A\u00fan se encuentran abiertas las inscripciones y los requisitos para participar son: ser due\u00f1os\/as o trabajadores del sector;\u00a0estar formalizado y registrado en SERNATUR, y preferentemente ser socio\/a de alguna agrupaci\u00f3n o asociaci\u00f3n.<\/p>\n<p style=\"text-align: justify;\">CALENDARIO DE TALLERES EN NOVIEMBRE:<\/p>\n<p style=\"text-align: justify;\">Martes 7 y mi\u00e9rcoles 8: La Junta<\/p>\n<p style=\"text-align: justify;\">Viernes 10 y s\u00e1bado 11: Puerto Cisnes<\/p>\n<p style=\"text-align: justify;\">Martes 14 y mi\u00e9rcoles 15: \u00a0Coyhaique<\/p>\n<p style=\"text-align: justify;\">Viernes 17 y s\u00e1bado 18: Puerto Ays\u00e9n<\/p>\n<p style=\"text-align: justify;\">S\u00e1bado 18 y domingo 19: Villa O\u2019Higgins<\/p>\n<p style=\"text-align: justify;\">Martes 21 y mi\u00e9rcoles 22: Cochrane<\/p>\n<p style=\"text-align: justify;\">Viernes 24 y s\u00e1bado 25: Puerto R\u00edo Tranquilo<\/p>\n<p style=\"text-align: justify;\">Lunes 27 y martes 28: Chile Chico &#8211; Ceremonia de clausura<\/p>\n<p style=\"text-align: justify;\">INTERESADOS llamar al 67 2231752<\/p>\n<\/div><\/section><\/div><div  style='height:50px' class='hr hr-invisible   avia-builder-el-6  el_after_av_one_full  el_before_av_social_share '><span class='hr-inner ' ><span class='hr-inner-style'><\/span><\/span><\/div><\/p>\n<div  class='av-social-sharing-box  avia-builder-el-7  el_after_av_hr  el_before_av_hr  '><div class='av-share-box'><h5 class='av-share-link-description av-no-toc '>Compartir esta noticia<\/h5><ul class='av-share-box-list noLightbox'><li class='av-share-link av-social-link-facebook' ><a target=\"_blank\" aria-label=\"Compartir en Facebook\" href='https:\/\/www.facebook.com\/sharer.php?u=https:\/\/radiorevelacionfm.cl\/?p=36454&#038;t=Talleres%20buscan%20fortalecer%20habilidades%20y%20excelencia%20en%20la%20gesti%C3%B3n%20de%20empresas%20tur%C3%ADsticas%20de%20Ays%C3%A9n' aria-hidden='false' data-av_icon='\ue8f3' data-av_iconfont='entypo-fontello' title='' data-avia-related-tooltip='Compartir en Facebook' rel=\"noopener\"><span class='avia_hidden_link_text'>Compartir en Facebook<\/span><\/a><\/li><li class='av-share-link av-social-link-twitter' ><a target=\"_blank\" aria-label=\"Compartir en Twitter\" href='https:\/\/twitter.com\/share?text=Talleres%20buscan%20fortalecer%20habilidades%20y%20excelencia%20en%20la%20gesti%C3%B3n%20de%20empresas%20tur%C3%ADsticas%20de%20Ays%C3%A9n&#038;url=https:\/\/radiorevelacionfm.cl\/?p=36454' aria-hidden='false' data-av_icon='\ue8f1' data-av_iconfont='entypo-fontello' title='' data-avia-related-tooltip='Compartir en Twitter' rel=\"noopener\"><span class='avia_hidden_link_text'>Compartir en Twitter<\/span><\/a><\/li><li class='av-share-link av-social-link-whatsapp' ><a target=\"_blank\" aria-label=\"Compartir en Whatsapp\" href='https:\/\/api.whatsapp.com\/send?text=https:\/\/radiorevelacionfm.cl\/?p=36454' aria-hidden='false' data-av_icon='\uf232' data-av_iconfont='entypo-fontello' title='' data-avia-related-tooltip='Compartir en Whatsapp' rel=\"noopener\"><span class='avia_hidden_link_text'>Compartir en Whatsapp<\/span><\/a><\/li><li class='av-share-link av-social-link-linkedin' ><a target=\"_blank\" aria-label=\"Compartir en LinkedIn\" href='https:\/\/linkedin.com\/shareArticle?mini=true&#038;title=Talleres%20buscan%20fortalecer%20habilidades%20y%20excelencia%20en%20la%20gesti%C3%B3n%20de%20empresas%20tur%C3%ADsticas%20de%20Ays%C3%A9n&#038;url=https:\/\/radiorevelacionfm.cl\/?p=36454' aria-hidden='false' data-av_icon='\ue8fc' data-av_iconfont='entypo-fontello' title='' data-avia-related-tooltip='Compartir en LinkedIn' rel=\"noopener\"><span class='avia_hidden_link_text'>Compartir en LinkedIn<\/span><\/a><\/li><li class='av-share-link av-social-link-mail' ><a  aria-label=\"Compartir por correo\" href='mailto:?subject=Talleres%20buscan%20fortalecer%20habilidades%20y%20excelencia%20en%20la%20gesti%C3%B3n%20de%20empresas%20tur%C3%ADsticas%20de%20Ays%C3%A9n&#038;body=https:\/\/radiorevelacionfm.cl\/?p=36454' aria-hidden='false' data-av_icon='\ue805' data-av_iconfont='entypo-fontello' title='' data-avia-related-tooltip='Compartir por correo'><span class='avia_hidden_link_text'>Compartir por correo<\/span><\/a><\/li><\/ul><\/div><\/div>\n<div  style='height:50px' class='hr hr-invisible   avia-builder-el-8  el_after_av_social_share  el_before_av_comments_list '><span class='hr-inner ' ><span class='hr-inner-style'><\/span><\/span><\/div>\n<div  class='av-buildercomment  av-blog-meta-html-info-disabled av-blog-meta-tag-disabled  '><\/div>\n","protected":false},"excerpt":{"rendered":"","protected":false},"author":1,"featured_media":36456,"comment_status":"open","ping_status":"open","sticky":false,"template":"","format":"standard","meta":{"footnotes":""},"categories":[54],"tags":[],"class_list":["post-36454","post","type-post","status-publish","format-standard","has-post-thumbnail","hentry","category-turismo"],"jetpack_featured_media_url":"https:\/\/radiorevelacionfm.cl\/wp-content\/uploads\/2023\/10\/FOTO-SERVCIO-TURISTICO-2-1-1.jpeg","_links":{"self":[{"href":"https:\/\/radiorevelacionfm.cl\/index.php?rest_route=\/wp\/v2\/posts\/36454","targetHints":{"allow":["GET"]}}],"collection":[{"href":"https:\/\/radiorevelacionfm.cl\/index.php?rest_route=\/wp\/v2\/posts"}],"about":[{"href":"https:\/\/radiorevelacionfm.cl\/index.php?rest_route=\/wp\/v2\/types\/post"}],"author":[{"embeddable":true,"href":"https:\/\/radiorevelacionfm.cl\/index.php?rest_route=\/wp\/v2\/users\/1"}],"replies":[{"embeddable":true,"href":"https:\/\/radiorevelacionfm.cl\/index.php?rest_route=%2Fwp%2Fv2%2Fcomments&post=36454"}],"version-history":[{"count":1,"href":"https:\/\/radiorevelacionfm.cl\/index.php?rest_route=\/wp\/v2\/posts\/36454\/revisions"}],"predecessor-version":[{"id":36457,"href":"https:\/\/radiorevelacionfm.cl\/index.php?rest_route=\/wp\/v2\/posts\/36454\/revisions\/36457"}],"wp:featuredmedia":[{"embeddable":true,"href":"https:\/\/radiorevelacionfm.cl\/index.php?rest_route=\/wp\/v2\/media\/36456"}],"wp:attachment":[{"href":"https:\/\/radiorevelacionfm.cl\/index.php?rest_route=%2Fwp%2Fv2%2Fmedia&parent=36454"}],"wp:term":[{"taxonomy":"category","embeddable":true,"href":"https:\/\/radiorevelacionfm.cl\/index.php?rest_route=%2Fwp%2Fv2%2Fcategories&post=36454"},{"taxonomy":"post_tag","embeddable":true,"href":"https:\/\/radiorevelacionfm.cl\/index.php?rest_route=%2Fwp%2Fv2%2Ftags&post=36454"}],"curies":[{"name":"wp","href":"https:\/\/api.w.org\/{rel}","templated":true}]}}