{"id":36449,"date":"2023-11-02T16:07:03","date_gmt":"2023-11-02T19:07:03","guid":{"rendered":"https:\/\/radiorevelacionfm.cl\/?p=36449"},"modified":"2023-11-02T16:07:03","modified_gmt":"2023-11-02T19:07:03","slug":"con-visitas-a-centrales-electricas-para-estudiantes-de-liceos-tecnicos-buscan-fomentar-el-conocimiento-energetico-en-la-region","status":"publish","type":"post","link":"https:\/\/radiorevelacionfm.cl\/?p=36449","title":{"rendered":"Con visitas a centrales el\u00e9ctricas para Estudiantes de Liceos T\u00e9cnicos buscan fomentar el conocimiento energ\u00e9tico en la Regi\u00f3n"},"content":{"rendered":"<div class=\"flex_column av_one_full  flex_column_div av-zero-column-padding first  avia-builder-el-0  el_before_av_one_full  avia-builder-el-first  \" style='border-radius:0px; '><div  class='avia-image-container  av-styling-    avia-builder-el-1  avia-builder-el-no-sibling  avia-align-center '  itemprop=\"image\" itemscope=\"itemscope\" itemtype=\"https:\/\/schema.org\/ImageObject\"  ><div class='avia-image-container-inner'><div class='avia-image-overlay-wrap'><img decoding=\"async\" class='wp-image-36450 avia-img-lazy-loading-not-36450 avia_image' src=\"https:\/\/radiorevelacionfm.cl\/wp-content\/uploads\/2023\/10\/liceos-electricos1-1_optimized.jpeg\" alt='' title='liceos-el\u00e9ctricos1-(1)_optimized' height=\"600\" width=\"800\"  itemprop=\"thumbnailUrl\" srcset=\"https:\/\/radiorevelacionfm.cl\/wp-content\/uploads\/2023\/10\/liceos-electricos1-1_optimized.jpeg 800w, https:\/\/radiorevelacionfm.cl\/wp-content\/uploads\/2023\/10\/liceos-electricos1-1_optimized-300x225.jpeg 300w, https:\/\/radiorevelacionfm.cl\/wp-content\/uploads\/2023\/10\/liceos-electricos1-1_optimized-768x576.jpeg 768w, https:\/\/radiorevelacionfm.cl\/wp-content\/uploads\/2023\/10\/liceos-electricos1-1_optimized-705x529.jpeg 705w, https:\/\/radiorevelacionfm.cl\/wp-content\/uploads\/2023\/10\/liceos-electricos1-1_optimized-450x338.jpeg 450w, https:\/\/radiorevelacionfm.cl\/wp-content\/uploads\/2023\/10\/liceos-electricos1-1_optimized-600x450.jpeg 600w\" sizes=\"(max-width: 800px) 100vw, 800px\" \/><\/div><\/div><\/div><\/div><div class=\"flex_column av_one_full  flex_column_div av-zero-column-padding first  avia-builder-el-2  el_after_av_one_full  el_before_av_one_full  column-top-margin\" style='border-radius:0px; '><section class=\"av_textblock_section \"  itemscope=\"itemscope\" itemtype=\"https:\/\/schema.org\/BlogPosting\" itemprop=\"blogPost\" ><div class='avia_textblock  '   itemprop=\"text\" ><p style=\"text-align: center;\"><strong><span style=\"font-size: 18pt;\">Con visitas a centrales el\u00e9ctricas para Estudiantes de Liceos T\u00e9cnicos buscan fomentar el conocimiento energ\u00e9tico en la Regi\u00f3n<\/span><\/strong><\/p>\n<div id=\"gtx-trans\" style=\"position: absolute; left: -50px; top: 4.31534px;\">\n<div class=\"gtx-trans-icon\"><\/div>\n<\/div>\n<\/div><\/section><\/div><div class=\"flex_column av_one_full  flex_column_div av-zero-column-padding first  avia-builder-el-4  el_after_av_one_full  el_before_av_hr  column-top-margin\" style='border-radius:0px; '><section class=\"av_textblock_section \"  itemscope=\"itemscope\" itemtype=\"https:\/\/schema.org\/BlogPosting\" itemprop=\"blogPost\" ><div class='avia_textblock  '   itemprop=\"text\" ><p style=\"text-align: justify;\">La empresa de distribuci\u00f3n el\u00e9ctrica, en colaboraci\u00f3n con ONG Canales, han puesto en marcha una iniciativa educativa que promueve el conocimiento en la industria energ\u00e9tica para los establecimientos t\u00e9cnicos de la regi\u00f3n de Ays\u00e9n. Esta alianza ha abierto las puertas de las centrales el\u00e9ctricas de Coyhaique y Puerto Ays\u00e9n adem\u00e1s de la planta fotovoltaica de El Blanco.<\/p>\n<p style=\"text-align: justify;\">Las visitas educativas incluyen recorridos detallados por las centrales el\u00e9ctricas de Edelaysen, donde los estudiantes tienen la oportunidad de aprender sobre el funcionamiento de las instalaciones y el proceso de generaci\u00f3n de energ\u00eda el\u00e9ctrica. La iniciativa ha brindado una perspectiva centrada en la industria energ\u00e9tica, que contribuye a fomentar el inter\u00e9s y el conocimiento en el \u00e1mbito energ\u00e9tico para estudiantes de la regi\u00f3n.<\/p>\n<p style=\"text-align: justify;\">Patricio Raimilla, jefe de Servicio al Cliente de Edelaysen valor\u00f3 esta colaboraci\u00f3n con ONG Canales y los establecimientos para lo que agreg\u00f3 \u201cEsta iniciativa es un testimonio de nuestro compromiso con la educaci\u00f3n y el desarrollo de las futuras generaciones interesadas en la industria energ\u00e9tica. Como empresa hemos focalizado el apoyo al proceso formativo de estudiantes de electricidad a trav\u00e9s de nuestro programa \u201cLiceos El\u00e9ctricos\u201d, por lo que la alianza con ONG Canales al realizar estas visitas potencia a\u00fan m\u00e1s este trabajo con los estudiantes. Creemos que al empoderar a los j\u00f3venes con conocimiento energ\u00e9tico, estamos contribuyendo a un fututo m\u00e1s limpio y sostenible para la regi\u00f3n\u201d.<\/p>\n<p style=\"text-align: justify;\">As\u00ed mismo, Claudia Bunster coordinadora de est\u00e1s actividades de ONG Canales destac\u00f3 \u201cGracias a la colaboraci\u00f3n y al trabajo en conjunto que hemos estado desarrollando con Edelaysen, la Red Futuro T\u00e9cnico y ONG Canales, los estudiantes de tercero y de cuarto medio de los Liceos Bicentenario Luisa Rabanal Palma, de Chile Chico, y Liceo Bicentenario Agr\u00edcola Industrial de la Patagonia, de la Especialidad de Electricidad, han logrado conocer las instalaciones de la empresa en la regi\u00f3n, lo que los ha permitido tener una visi\u00f3n global del funcionamiento de la red el\u00e9ctrica regional, fortaleciendo as\u00ed su inter\u00e9s y motivaci\u00f3n al conocer las distintas \u00e1reas en las cuales se podr\u00edan desempe\u00f1ar como futuros t\u00e9cnicos en la regi\u00f3n de Aysen\u201d.<\/p>\n<p style=\"text-align: justify;\">La colaboraci\u00f3n estrat\u00e9gica entre Edelaysen y ONG Canales, refleja un firme compromiso compartido. Ambas entidades est\u00e1n dedicadas a la promoci\u00f3n de la educaci\u00f3n y la generaci\u00f3n de conciencia acerca de la vital importancia de la energ\u00eda sostenible en la Regi\u00f3n de Ays\u00e9n. Esta asociaci\u00f3n se erige como un s\u00f3lido pilar en la construcci\u00f3n de un futuro m\u00e1s limpio y resiliente para la comunidad local, al tiempo que sienta las bases para el desarrollo sostenible y la prosperidad de la regi\u00f3n en las d\u00e9cadas venideras.<\/p>\n<p style=\"text-align: justify;\"><strong>\u00a0<\/strong><\/p>\n<\/div><\/section><\/div><div  style='height:50px' class='hr hr-invisible   avia-builder-el-6  el_after_av_one_full  el_before_av_social_share '><span class='hr-inner ' ><span class='hr-inner-style'><\/span><\/span><\/div><\/p>\n<div  class='av-social-sharing-box  avia-builder-el-7  el_after_av_hr  el_before_av_hr  '><div class='av-share-box'><h5 class='av-share-link-description av-no-toc '>Compartir esta noticia<\/h5><ul class='av-share-box-list noLightbox'><li class='av-share-link av-social-link-facebook' ><a target=\"_blank\" aria-label=\"Compartir en Facebook\" href='https:\/\/www.facebook.com\/sharer.php?u=https:\/\/radiorevelacionfm.cl\/?p=36449&#038;t=Con%20visitas%20a%20centrales%20el%C3%A9ctricas%20para%20Estudiantes%20de%20Liceos%20T%C3%A9cnicos%20buscan%20fomentar%20el%20conocimiento%20energ%C3%A9tico%20en%20la%20Regi%C3%B3n' aria-hidden='false' data-av_icon='\ue8f3' data-av_iconfont='entypo-fontello' title='' data-avia-related-tooltip='Compartir en Facebook' rel=\"noopener\"><span class='avia_hidden_link_text'>Compartir en Facebook<\/span><\/a><\/li><li class='av-share-link av-social-link-twitter' ><a target=\"_blank\" aria-label=\"Compartir en Twitter\" href='https:\/\/twitter.com\/share?text=Con%20visitas%20a%20centrales%20el%C3%A9ctricas%20para%20Estudiantes%20de%20Liceos%20T%C3%A9cnicos%20buscan%20fomentar%20el%20conocimiento%20energ%C3%A9tico%20en%20la%20Regi%C3%B3n&#038;url=https:\/\/radiorevelacionfm.cl\/?p=36449' aria-hidden='false' data-av_icon='\ue8f1' data-av_iconfont='entypo-fontello' title='' data-avia-related-tooltip='Compartir en Twitter' rel=\"noopener\"><span class='avia_hidden_link_text'>Compartir en Twitter<\/span><\/a><\/li><li class='av-share-link av-social-link-whatsapp' ><a target=\"_blank\" aria-label=\"Compartir en Whatsapp\" href='https:\/\/api.whatsapp.com\/send?text=https:\/\/radiorevelacionfm.cl\/?p=36449' aria-hidden='false' data-av_icon='\uf232' data-av_iconfont='entypo-fontello' title='' data-avia-related-tooltip='Compartir en Whatsapp' rel=\"noopener\"><span class='avia_hidden_link_text'>Compartir en Whatsapp<\/span><\/a><\/li><li class='av-share-link av-social-link-linkedin' ><a target=\"_blank\" aria-label=\"Compartir en LinkedIn\" href='https:\/\/linkedin.com\/shareArticle?mini=true&#038;title=Con%20visitas%20a%20centrales%20el%C3%A9ctricas%20para%20Estudiantes%20de%20Liceos%20T%C3%A9cnicos%20buscan%20fomentar%20el%20conocimiento%20energ%C3%A9tico%20en%20la%20Regi%C3%B3n&#038;url=https:\/\/radiorevelacionfm.cl\/?p=36449' aria-hidden='false' data-av_icon='\ue8fc' data-av_iconfont='entypo-fontello' title='' data-avia-related-tooltip='Compartir en LinkedIn' rel=\"noopener\"><span class='avia_hidden_link_text'>Compartir en LinkedIn<\/span><\/a><\/li><li class='av-share-link av-social-link-mail' ><a  aria-label=\"Compartir por correo\" href='mailto:?subject=Con%20visitas%20a%20centrales%20el%C3%A9ctricas%20para%20Estudiantes%20de%20Liceos%20T%C3%A9cnicos%20buscan%20fomentar%20el%20conocimiento%20energ%C3%A9tico%20en%20la%20Regi%C3%B3n&#038;body=https:\/\/radiorevelacionfm.cl\/?p=36449' aria-hidden='false' data-av_icon='\ue805' data-av_iconfont='entypo-fontello' title='' data-avia-related-tooltip='Compartir por correo'><span class='avia_hidden_link_text'>Compartir por correo<\/span><\/a><\/li><\/ul><\/div><\/div>\n<div  style='height:50px' class='hr hr-invisible   avia-builder-el-8  el_after_av_social_share  el_before_av_comments_list '><span class='hr-inner ' ><span class='hr-inner-style'><\/span><\/span><\/div>\n<div  class='av-buildercomment  av-blog-meta-html-info-disabled av-blog-meta-tag-disabled  '><\/div>\n","protected":false},"excerpt":{"rendered":"","protected":false},"author":1,"featured_media":36450,"comment_status":"open","ping_status":"open","sticky":false,"template":"","format":"standard","meta":{"footnotes":""},"categories":[38],"tags":[],"class_list":["post-36449","post","type-post","status-publish","format-standard","has-post-thumbnail","hentry","category-regional"],"jetpack_featured_media_url":"https:\/\/radiorevelacionfm.cl\/wp-content\/uploads\/2023\/10\/liceos-electricos1-1_optimized.jpeg","_links":{"self":[{"href":"https:\/\/radiorevelacionfm.cl\/index.php?rest_route=\/wp\/v2\/posts\/36449","targetHints":{"allow":["GET"]}}],"collection":[{"href":"https:\/\/radiorevelacionfm.cl\/index.php?rest_route=\/wp\/v2\/posts"}],"about":[{"href":"https:\/\/radiorevelacionfm.cl\/index.php?rest_route=\/wp\/v2\/types\/post"}],"author":[{"embeddable":true,"href":"https:\/\/radiorevelacionfm.cl\/index.php?rest_route=\/wp\/v2\/users\/1"}],"replies":[{"embeddable":true,"href":"https:\/\/radiorevelacionfm.cl\/index.php?rest_route=%2Fwp%2Fv2%2Fcomments&post=36449"}],"version-history":[{"count":1,"href":"https:\/\/radiorevelacionfm.cl\/index.php?rest_route=\/wp\/v2\/posts\/36449\/revisions"}],"predecessor-version":[{"id":36451,"href":"https:\/\/radiorevelacionfm.cl\/index.php?rest_route=\/wp\/v2\/posts\/36449\/revisions\/36451"}],"wp:featuredmedia":[{"embeddable":true,"href":"https:\/\/radiorevelacionfm.cl\/index.php?rest_route=\/wp\/v2\/media\/36450"}],"wp:attachment":[{"href":"https:\/\/radiorevelacionfm.cl\/index.php?rest_route=%2Fwp%2Fv2%2Fmedia&parent=36449"}],"wp:term":[{"taxonomy":"category","embeddable":true,"href":"https:\/\/radiorevelacionfm.cl\/index.php?rest_route=%2Fwp%2Fv2%2Fcategories&post=36449"},{"taxonomy":"post_tag","embeddable":true,"href":"https:\/\/radiorevelacionfm.cl\/index.php?rest_route=%2Fwp%2Fv2%2Ftags&post=36449"}],"curies":[{"name":"wp","href":"https:\/\/api.w.org\/{rel}","templated":true}]}}