{"id":36446,"date":"2023-11-01T22:47:08","date_gmt":"2023-11-02T01:47:08","guid":{"rendered":"https:\/\/radiorevelacionfm.cl\/?p=36446"},"modified":"2023-11-01T22:47:08","modified_gmt":"2023-11-02T01:47:08","slug":"gobierno-regional-lanza-metodologia-del-nuevo-plan-de-desarrollo-de-zonas-extremas-para-aysen","status":"publish","type":"post","link":"https:\/\/radiorevelacionfm.cl\/?p=36446","title":{"rendered":"Gobierno Regional lanza metodolog\u00eda del nuevo Plan de Desarrollo de Zonas Extremas para Ays\u00e9n"},"content":{"rendered":"<div class=\"flex_column av_one_full  flex_column_div av-zero-column-padding first  avia-builder-el-0  el_before_av_one_full  avia-builder-el-first  \" style='border-radius:0px; '><div  class='avia-image-container  av-styling-    avia-builder-el-1  avia-builder-el-no-sibling  avia-align-center '  itemprop=\"image\" itemscope=\"itemscope\" itemtype=\"https:\/\/schema.org\/ImageObject\"  ><div class='avia-image-container-inner'><div class='avia-image-overlay-wrap'><img decoding=\"async\" class='wp-image-36447 avia-img-lazy-loading-not-36447 avia_image' src=\"https:\/\/radiorevelacionfm.cl\/wp-content\/uploads\/2023\/10\/pdze-5-1_optimized-1.jpeg\" alt='' title='pdze-5-(1)_optimized (1)' height=\"600\" width=\"1374\"  itemprop=\"thumbnailUrl\" srcset=\"https:\/\/radiorevelacionfm.cl\/wp-content\/uploads\/2023\/10\/pdze-5-1_optimized-1.jpeg 1374w, https:\/\/radiorevelacionfm.cl\/wp-content\/uploads\/2023\/10\/pdze-5-1_optimized-1-300x131.jpeg 300w, https:\/\/radiorevelacionfm.cl\/wp-content\/uploads\/2023\/10\/pdze-5-1_optimized-1-1030x450.jpeg 1030w, https:\/\/radiorevelacionfm.cl\/wp-content\/uploads\/2023\/10\/pdze-5-1_optimized-1-768x335.jpeg 768w, https:\/\/radiorevelacionfm.cl\/wp-content\/uploads\/2023\/10\/pdze-5-1_optimized-1-705x308.jpeg 705w, https:\/\/radiorevelacionfm.cl\/wp-content\/uploads\/2023\/10\/pdze-5-1_optimized-1-450x197.jpeg 450w, https:\/\/radiorevelacionfm.cl\/wp-content\/uploads\/2023\/10\/pdze-5-1_optimized-1-600x262.jpeg 600w\" sizes=\"(max-width: 1374px) 100vw, 1374px\" \/><\/div><\/div><\/div><\/div><div class=\"flex_column av_one_full  flex_column_div av-zero-column-padding first  avia-builder-el-2  el_after_av_one_full  el_before_av_one_full  column-top-margin\" style='border-radius:0px; '><section class=\"av_textblock_section \"  itemscope=\"itemscope\" itemtype=\"https:\/\/schema.org\/BlogPosting\" itemprop=\"blogPost\" ><div class='avia_textblock  '   itemprop=\"text\" ><p style=\"text-align: center;\"><strong><span style=\"font-size: 18pt;\">Gobierno Regional lanza metodolog\u00eda del nuevo Plan de Desarrollo de Zonas Extremas para Ays\u00e9n<\/span><\/strong><\/p>\n<div id=\"gtx-trans\" style=\"position: absolute; left: -50px; top: 4.31534px;\">\n<div class=\"gtx-trans-icon\"><\/div>\n<\/div>\n<\/div><\/section><\/div><div class=\"flex_column av_one_full  flex_column_div av-zero-column-padding first  avia-builder-el-4  el_after_av_one_full  el_before_av_hr  column-top-margin\" style='border-radius:0px; '><section class=\"av_textblock_section \"  itemscope=\"itemscope\" itemtype=\"https:\/\/schema.org\/BlogPosting\" itemprop=\"blogPost\" ><div class='avia_textblock  '   itemprop=\"text\" ><p dir=\"ltr\" style=\"text-align: justify;\">Tras la decisi\u00f3n del Presidente Gabriel Boric de dotar de una pol\u00edtica permanente de desarrollo a las zonas extremas de nuestro pa\u00eds, nace el PDZE 2024-2034, o \u00abPEDZE 2.0\u00bb como se le conoce popularmente, instrumento que, tomando en cuenta las dificultades y problem\u00e1ticas de quienes habitan estos territorios, tiene como objetivo equiparar la cancha con el resto del pa\u00eds, otorgando una capacidad adicional de financiamiento para proyectos y programas que vayan en pos del desarrollo local.<\/p>\n<p dir=\"ltr\" style=\"text-align: justify;\">De esta manera, el Gobierno Regional de Ays\u00e9n, en una presentaci\u00f3n a cargo de la Gobernadora Andrea Mac\u00edas Palma, lanz\u00f3 lo que ser\u00e1 la metodolog\u00eda de trabajo de este nuevo Plan de Desarrollo de Zonas Extremas de la regi\u00f3n, el cual consistir\u00e1 en una cartera de inversi\u00f3n proyectada a 10 a\u00f1os, con la participaci\u00f3n de los sectores, tanto del Gobierno Nacional como del Gobierno Regional y los gobiernos comunales, quienes realizar\u00e1n un diagn\u00f3stico de las necesidades reales y las decisiones que permitir\u00e1n reducir brechas, de acceso sobre todo, en los distintos territorios.<\/p>\n<p dir=\"ltr\" style=\"text-align: justify;\">\u00abPara nosotros, desde el Gobierno Regional de Ays\u00e9n, este es un tema tremendamente relevante porque ya vimos una primera experiencia, que si bien uno puede tener algunas miradas un poco m\u00e1s cr\u00edticas, hoy somos conscientes de que el PEDZE permiti\u00f3 que dejen de mirarnos como &#8216;cu\u00e1ntas personas somos&#8217;, sino que efectivamente nos digan &#8216;no importa que sean poquitos, usted tambi\u00e9n necesita agua potable, alcantarillado, electrificaci\u00f3n, una posta de salud&#8217;. Es poner por delante las necesidades de las personas que habitan el territorio, no la mirada centralista\u00bb, explic\u00f3 la Gobernadora Regional.<\/p>\n<p dir=\"ltr\" style=\"text-align: justify;\">Por su parte, la Consejera Regional Paula Acu\u00f1a, quien asisti\u00f3 a la presentaci\u00f3n del nuevo PDZE, relev\u00f3 dos puntos que consider\u00f3 de gran importancia. \u00abPrimero, la participaci\u00f3n ciudadana, que como presentaron en la metodolog\u00eda tiene un impacto importante en que empecemos a pensar qu\u00e9 queremos para la Regi\u00f3n de Ays\u00e9n. Ah\u00ed, eso tiene que ir de la mano con el diagn\u00f3stico de las \u00e1reas donde hoy la pol\u00edtica p\u00fablica no est\u00e1 llegando, los nudos cr\u00edticos, y poder resolverlos con este PDZE que, como vimos en el primer plan, hizo grandes inversiones como el terminal de buses o la Universidad de Ays\u00e9n, y ahora comenzamos a trabajar en este segundo plan, para hacer que la regi\u00f3n sea mucho m\u00e1s desarrollada\u00bb, se\u00f1al\u00f3.<\/p>\n<p dir=\"ltr\" style=\"text-align: justify;\">A la fecha, el equipo del Gobierno Regional ya ha recorrido las tres comunas del sur para levantar un diagn\u00f3stico que permita ir armando la cartera de inversi\u00f3n. Por otra parte, durante el mes de noviembre vendr\u00e1n a la regi\u00f3n equipos de la Subsecretar\u00eda de Desarrollo Regional, quienes van a capacitar en materias de metodolog\u00eda a los y las funcionarias del GORE que son parte de este equipo, y que coordina la profesional Ynyeverli D\u00edaz.<\/p>\n<p dir=\"ltr\" style=\"text-align: justify;\">\u00abEsta es una gran oportunidad para so\u00f1ar que las cosas que nos faltan en la regi\u00f3n, desde el punto de vista estrat\u00e9gico, van a ser posibles. Tenemos diez a\u00f1os para ejecutar y generar este acorte de brechas entre los que nos falta y el c\u00f3mo articular el sue\u00f1o de cada uno de los territorios, buscando el financiamiento adecuado para que, tal como lo ha dicho el Presidente Boric, independiente de d\u00f3nde se viva, la pol\u00edtica p\u00fablica y el Estado est\u00e9n presentes. Y en esta regi\u00f3n si no lo hace el Estado, no lo va a hacer nadie\u00bb, dijo tajante el Delegado Presidencial Provincial de Ays\u00e9n, Jorge D\u00edaz.<\/p>\n<p dir=\"ltr\" style=\"text-align: justify;\">En tanto, el Consejero Regional Ra\u00fal Rudolphi respald\u00f3 la labor llevada a cabo en este proceso, enfatizando que \u00abhay un trabajo que se ha visto desde el Consejo Regional, donde hemos conocido la contrataci\u00f3n de una profesional que va a tener una dedicaci\u00f3n exclusiva (&#8230;) pero tambi\u00e9n entendemos que hay que interrelacionarse con todas las divisiones, con los funcionarios, que tienen una tremenda experiencia. Debemos reconocer que hay profesionales con una larga trayectoria en el desarrollo de pol\u00edticas regionales, y que han tenido incluso alcances nacionales, por cuanto eso es importante valorarlo\u00bb.<\/p>\n<p dir=\"ltr\" style=\"text-align: justify;\">Si todo marcha de acuerdo a la planificaci\u00f3n que comunicaron al CORE las y los funcionarios a cargo del PDZE, durante el mes de diciembre de este a\u00f1o comenzar\u00eda el despliegue territorial para socializar la pol\u00edtica, para que ya a fines de 2023 se pueda dar a conocer el diagn\u00f3stico y lo que ser\u00e1n las primeras definiciones de la cartera de proyectos.<\/p>\n<\/div><\/section><\/div><div  style='height:50px' class='hr hr-invisible   avia-builder-el-6  el_after_av_one_full  el_before_av_social_share '><span class='hr-inner ' ><span class='hr-inner-style'><\/span><\/span><\/div><\/p>\n<div  class='av-social-sharing-box  avia-builder-el-7  el_after_av_hr  el_before_av_hr  '><div class='av-share-box'><h5 class='av-share-link-description av-no-toc '>Compartir esta noticia<\/h5><ul class='av-share-box-list noLightbox'><li class='av-share-link av-social-link-facebook' ><a target=\"_blank\" aria-label=\"Compartir en Facebook\" href='https:\/\/www.facebook.com\/sharer.php?u=https:\/\/radiorevelacionfm.cl\/?p=36446&#038;t=Gobierno%20Regional%20lanza%20metodolog%C3%ADa%20del%20nuevo%20Plan%20de%20Desarrollo%20de%20Zonas%20Extremas%20para%20Ays%C3%A9n' aria-hidden='false' data-av_icon='\ue8f3' data-av_iconfont='entypo-fontello' title='' data-avia-related-tooltip='Compartir en Facebook' rel=\"noopener\"><span class='avia_hidden_link_text'>Compartir en Facebook<\/span><\/a><\/li><li class='av-share-link av-social-link-twitter' ><a target=\"_blank\" aria-label=\"Compartir en Twitter\" href='https:\/\/twitter.com\/share?text=Gobierno%20Regional%20lanza%20metodolog%C3%ADa%20del%20nuevo%20Plan%20de%20Desarrollo%20de%20Zonas%20Extremas%20para%20Ays%C3%A9n&#038;url=https:\/\/radiorevelacionfm.cl\/?p=36446' aria-hidden='false' data-av_icon='\ue8f1' data-av_iconfont='entypo-fontello' title='' data-avia-related-tooltip='Compartir en Twitter' rel=\"noopener\"><span class='avia_hidden_link_text'>Compartir en Twitter<\/span><\/a><\/li><li class='av-share-link av-social-link-whatsapp' ><a target=\"_blank\" aria-label=\"Compartir en Whatsapp\" href='https:\/\/api.whatsapp.com\/send?text=https:\/\/radiorevelacionfm.cl\/?p=36446' aria-hidden='false' data-av_icon='\uf232' data-av_iconfont='entypo-fontello' title='' data-avia-related-tooltip='Compartir en Whatsapp' rel=\"noopener\"><span class='avia_hidden_link_text'>Compartir en Whatsapp<\/span><\/a><\/li><li class='av-share-link av-social-link-linkedin' ><a target=\"_blank\" aria-label=\"Compartir en LinkedIn\" href='https:\/\/linkedin.com\/shareArticle?mini=true&#038;title=Gobierno%20Regional%20lanza%20metodolog%C3%ADa%20del%20nuevo%20Plan%20de%20Desarrollo%20de%20Zonas%20Extremas%20para%20Ays%C3%A9n&#038;url=https:\/\/radiorevelacionfm.cl\/?p=36446' aria-hidden='false' data-av_icon='\ue8fc' data-av_iconfont='entypo-fontello' title='' data-avia-related-tooltip='Compartir en LinkedIn' rel=\"noopener\"><span class='avia_hidden_link_text'>Compartir en LinkedIn<\/span><\/a><\/li><li class='av-share-link av-social-link-mail' ><a  aria-label=\"Compartir por correo\" href='mailto:?subject=Gobierno%20Regional%20lanza%20metodolog%C3%ADa%20del%20nuevo%20Plan%20de%20Desarrollo%20de%20Zonas%20Extremas%20para%20Ays%C3%A9n&#038;body=https:\/\/radiorevelacionfm.cl\/?p=36446' aria-hidden='false' data-av_icon='\ue805' data-av_iconfont='entypo-fontello' title='' data-avia-related-tooltip='Compartir por correo'><span class='avia_hidden_link_text'>Compartir por correo<\/span><\/a><\/li><\/ul><\/div><\/div>\n<div  style='height:50px' class='hr hr-invisible   avia-builder-el-8  el_after_av_social_share  el_before_av_comments_list '><span class='hr-inner ' ><span class='hr-inner-style'><\/span><\/span><\/div>\n<div  class='av-buildercomment  av-blog-meta-html-info-disabled av-blog-meta-tag-disabled  '><\/div>\n","protected":false},"excerpt":{"rendered":"","protected":false},"author":1,"featured_media":36447,"comment_status":"open","ping_status":"open","sticky":false,"template":"","format":"standard","meta":{"footnotes":""},"categories":[38],"tags":[],"class_list":["post-36446","post","type-post","status-publish","format-standard","has-post-thumbnail","hentry","category-regional"],"jetpack_featured_media_url":"https:\/\/radiorevelacionfm.cl\/wp-content\/uploads\/2023\/10\/pdze-5-1_optimized-1.jpeg","_links":{"self":[{"href":"https:\/\/radiorevelacionfm.cl\/index.php?rest_route=\/wp\/v2\/posts\/36446","targetHints":{"allow":["GET"]}}],"collection":[{"href":"https:\/\/radiorevelacionfm.cl\/index.php?rest_route=\/wp\/v2\/posts"}],"about":[{"href":"https:\/\/radiorevelacionfm.cl\/index.php?rest_route=\/wp\/v2\/types\/post"}],"author":[{"embeddable":true,"href":"https:\/\/radiorevelacionfm.cl\/index.php?rest_route=\/wp\/v2\/users\/1"}],"replies":[{"embeddable":true,"href":"https:\/\/radiorevelacionfm.cl\/index.php?rest_route=%2Fwp%2Fv2%2Fcomments&post=36446"}],"version-history":[{"count":1,"href":"https:\/\/radiorevelacionfm.cl\/index.php?rest_route=\/wp\/v2\/posts\/36446\/revisions"}],"predecessor-version":[{"id":36448,"href":"https:\/\/radiorevelacionfm.cl\/index.php?rest_route=\/wp\/v2\/posts\/36446\/revisions\/36448"}],"wp:featuredmedia":[{"embeddable":true,"href":"https:\/\/radiorevelacionfm.cl\/index.php?rest_route=\/wp\/v2\/media\/36447"}],"wp:attachment":[{"href":"https:\/\/radiorevelacionfm.cl\/index.php?rest_route=%2Fwp%2Fv2%2Fmedia&parent=36446"}],"wp:term":[{"taxonomy":"category","embeddable":true,"href":"https:\/\/radiorevelacionfm.cl\/index.php?rest_route=%2Fwp%2Fv2%2Fcategories&post=36446"},{"taxonomy":"post_tag","embeddable":true,"href":"https:\/\/radiorevelacionfm.cl\/index.php?rest_route=%2Fwp%2Fv2%2Ftags&post=36446"}],"curies":[{"name":"wp","href":"https:\/\/api.w.org\/{rel}","templated":true}]}}