{"id":36443,"date":"2023-11-04T15:39:53","date_gmt":"2023-11-04T18:39:53","guid":{"rendered":"https:\/\/radiorevelacionfm.cl\/?p=36443"},"modified":"2023-11-04T15:39:53","modified_gmt":"2023-11-04T18:39:53","slug":"con-amplia-participacion-se-desarrollo-capacitacion-a-funcionarios-as-del-ministerio-del-trabajo-en-materia-de-migraciones","status":"publish","type":"post","link":"https:\/\/radiorevelacionfm.cl\/?p=36443","title":{"rendered":"Con amplia participaci\u00f3n se desarroll\u00f3 capacitaci\u00f3n a funcionarios\/as del Ministerio del Trabajo en materia de migraciones"},"content":{"rendered":"<div class=\"flex_column av_one_full  flex_column_div av-zero-column-padding first  avia-builder-el-0  el_before_av_one_full  avia-builder-el-first  \" style='border-radius:0px; '><div  class='avia-image-container  av-styling-    avia-builder-el-1  avia-builder-el-no-sibling  avia-align-center '  itemprop=\"image\" itemscope=\"itemscope\" itemtype=\"https:\/\/schema.org\/ImageObject\"  ><div class='avia-image-container-inner'><div class='avia-image-overlay-wrap'><img decoding=\"async\" class='wp-image-36444 avia-img-lazy-loading-not-36444 avia_image' src=\"https:\/\/radiorevelacionfm.cl\/wp-content\/uploads\/2023\/10\/capacitacionmigraciones_mintrab-2-1_optimized.jpg\" alt='' title='capacitacionmigraciones_mintrab-2-(1)_optimized' height=\"600\" width=\"1001\"  itemprop=\"thumbnailUrl\" srcset=\"https:\/\/radiorevelacionfm.cl\/wp-content\/uploads\/2023\/10\/capacitacionmigraciones_mintrab-2-1_optimized.jpg 1001w, https:\/\/radiorevelacionfm.cl\/wp-content\/uploads\/2023\/10\/capacitacionmigraciones_mintrab-2-1_optimized-300x180.jpg 300w, https:\/\/radiorevelacionfm.cl\/wp-content\/uploads\/2023\/10\/capacitacionmigraciones_mintrab-2-1_optimized-768x460.jpg 768w, https:\/\/radiorevelacionfm.cl\/wp-content\/uploads\/2023\/10\/capacitacionmigraciones_mintrab-2-1_optimized-705x423.jpg 705w, https:\/\/radiorevelacionfm.cl\/wp-content\/uploads\/2023\/10\/capacitacionmigraciones_mintrab-2-1_optimized-450x270.jpg 450w, https:\/\/radiorevelacionfm.cl\/wp-content\/uploads\/2023\/10\/capacitacionmigraciones_mintrab-2-1_optimized-600x360.jpg 600w\" sizes=\"(max-width: 1001px) 100vw, 1001px\" \/><\/div><\/div><\/div><\/div><div class=\"flex_column av_one_full  flex_column_div av-zero-column-padding first  avia-builder-el-2  el_after_av_one_full  el_before_av_one_full  column-top-margin\" style='border-radius:0px; '><section class=\"av_textblock_section \"  itemscope=\"itemscope\" itemtype=\"https:\/\/schema.org\/BlogPosting\" itemprop=\"blogPost\" ><div class='avia_textblock  '   itemprop=\"text\" ><p style=\"text-align: center;\"><strong><span style=\"font-size: 18pt;\">Con amplia participaci\u00f3n se desarroll\u00f3 capacitaci\u00f3n a funcionarios\/as del Ministerio del Trabajo en materia de migraciones<\/span><\/strong><\/p>\n<div id=\"gtx-trans\" style=\"position: absolute; left: -50px; top: 4.31534px;\">\n<div class=\"gtx-trans-icon\"><\/div>\n<\/div>\n<\/div><\/section><\/div><div class=\"flex_column av_one_full  flex_column_div av-zero-column-padding first  avia-builder-el-4  el_after_av_one_full  el_before_av_hr  column-top-margin\" style='border-radius:0px; '><section class=\"av_textblock_section \"  itemscope=\"itemscope\" itemtype=\"https:\/\/schema.org\/BlogPosting\" itemprop=\"blogPost\" ><div class='avia_textblock  '   itemprop=\"text\" ><p class=\"v1MsoNormal\" style=\"text-align: justify;\"><span lang=\"ES\">Con la gran participaci\u00f3n de funcionarias\/os de la Seremi de Trabajo y Previsi\u00f3n Social, como de sus servicios relacionados en la Regi\u00f3n de Ays\u00e9n -Servicio Nacional de Capacitaci\u00f3n y Empleo, Sence; Direcci\u00f3n del Trabajo, DT; Instituto de Previsi\u00f3n Social, IPS ChileAtiende; Instituto de Seguridad Laboral, ISL; Superintendencia de Seguridad Social, Suseso y Superintendencia de Pensiones, se realiz\u00f3 la jornada de capacitaci\u00f3n sobre la inclusi\u00f3n de las personas migrantes en la sociedad y la nueva legislaci\u00f3n migratoria, poniendo en el centro la interculturalidad y la experiencia funcionaria.<\/span><\/p>\n<p class=\"v1MsoNormal\" style=\"text-align: justify;\"><span lang=\"ES\">Esta instancia forma parte de un plan de capacitaciones dise\u00f1ado por la Subsecretar\u00eda del Trabajo, que incluye una sesi\u00f3n por regi\u00f3n con el objetivo de entregar herramientas para la gesti\u00f3n migratoria, realiz\u00e1ndose en la regi\u00f3n el taller de manera h\u00edbrida, es decir, presencial y online al mismo tiempo, pudiendo conectarse funcionarios y funcionarias de las cuatro provincias.<\/span><\/p>\n<p class=\"v1MsoNormal\" style=\"text-align: justify;\"><span lang=\"ES\">La actividad fue encabezada por el Seremi del Trabajo y Previsi\u00f3n Social de Ays\u00e9n, Rodrigo D\u00edaz Cordaro, quien valor\u00f3 el intercambio de ideas y visiones desde los distintos servicios \u00abPara nosotros como Ministerio de Trabajo y Previsi\u00f3n Social es muy importante que los funcionarios y funcionarias de la cartera est\u00e9n informados con respecto a la ley de migraciones. Para el trabajo decente para el buen vivir, es fundamental poder tener inclusi\u00f3n laboral. Por eso, funcionarios del Sence, del IPS Chileatiende, del Instituto de Seguridad Laboral, de la Direcci\u00f3n del Trabajo, de la Superintendencia de Pensiones y de la Suseso estuvieron participando tanto de manera presencial como online, produci\u00e9ndose un intercambio muy interesante en esta capacitaci\u00f3n, lo que nos va a permitir desempe\u00f1ar nuestras labores de mejor manera en nuestra Regi\u00f3n de Ays\u00e9n\u00bb.<\/span><\/p>\n<p class=\"v1MsoNormal\" style=\"text-align: justify;\"><span lang=\"ES\">Por su parte, el director regional del Servicio Nacional de Migraciones, Israel Villavicencio y equipo fueron los encargados de facilitar el contenido de la sesi\u00f3n, destacando que \u00abEl \u00e1rea laboral es important\u00edsimo para las personas migrantes que lleguen a nuestro pa\u00eds, principalmente porque est\u00e1 dentro de sus mayores expectativas, una oportunidad laboral, mejores condiciones de vida, que por cierto son entregadas por un trabajo mejor. En ese sentido, como Servicio Nacional de Migraciones tenemos que estar pendientes y tambi\u00e9n tener estas conversaciones con la Direcci\u00f3n del Trabajo y con todos los servicios que son dependientes del Ministerio del Trabajo, a fin de poder entregar una mejor atenci\u00f3n a nuestros usuarios y que ellos tambi\u00e9n tengan la claridad de c\u00f3mo proceder, tanto en sus instancias migratorias como aquellas que se relacionan directamente con el mundo laboral en nuestro pa\u00eds\u00bb, afirm\u00f3.<\/span><\/p>\n<p class=\"v1MsoNormal\" style=\"text-align: justify;\"><span lang=\"ES\">Una de las participantes fue Karem Reyes, coordinadora del servicio de atenci\u00f3n al cliente del IPS ChileAtiende quien coment\u00f3, \u00abMe pareci\u00f3 excelente, una iniciativa muy provechosa para los funcionarios y las funcionarias p\u00fablicas, particularmente para quienes nos desempe\u00f1amos en el IPS Chileatiende, pues como todos y todas saben, recibimos un sin n\u00famero de p\u00fablico y consultas muy variadas. Para nosotros es muy importante estar siempre al tanto de las novedades en distintas materias, y sobre todo en migraci\u00f3n, para poder derivar de manera correcta y evitar as\u00ed que las personas, los ciudadanos y las ciudadanas est\u00e9n yendo de un lugar a otro, as\u00ed es que nosotros felices con este tipo de instancias\u00bb.<\/span><\/p>\n<p class=\"v1MsoNormal\" style=\"text-align: justify;\"><span lang=\"ES\">Hardy Belmar de la SUSESO fue otro de los asistentes a esta jornada, quien afirm\u00f3, \u00abMe pareci\u00f3 una capacitaci\u00f3n muy importante, sobre todo para nosotros como Superintendencia de Seguridad Social, que nos preocupamos por brindar un adecuado acceso a los ciudadanos a los beneficios de Seguridad Social, el contar con informaci\u00f3n de primera mano, nos sirve bastante, porque en el d\u00eda nos toca brindar atenci\u00f3n a ciudadanos migrantes, que requieren orientaci\u00f3n y asesor\u00eda en materia de los beneficios a los cuales ellos pueden acceder a trav\u00e9s de la seguridad social\u00bb.<\/span><\/p>\n<p class=\"v1MsoNormal\" style=\"text-align: justify;\"><span lang=\"ES\">Finalmente, la profesional de la oficina regional de la Superintendencia de Pensiones, Ver\u00f3nica Araneda coment\u00f3 sobre la importancia de estas iniciativas, \u00abMe parece muy relevante que estemos convocados todos los servicios p\u00fablicos que dependemos del Ministerio del Trabajo en un tema tan relevante como el de migraciones, nuestra legislaci\u00f3n se cruza, y nosotros que atendemos p\u00fablico debemos mantener informados de buena forma a nuestros usuarios, por lo tanto, considero que es super relevante e importante seguir haci\u00e9ndolas\u00bb.<\/span><\/p>\n<p class=\"v1MsoNormal\" style=\"text-align: justify;\"><span lang=\"ES\">Cabe mencionar que el Ministerio de Trabajo y Previsi\u00f3n Social y sus diferentes servicios relacionados en la Regi\u00f3n de Ays\u00e9n, tienen un trabajo estrecho y colaborativo con el Servicio Nacional de Migraciones, realizando diversas actividades en conjunto con miras a una buena atenci\u00f3n a la comunidad.\u00a0<\/span><\/p>\n<\/div><\/section><\/div><div  style='height:50px' class='hr hr-invisible   avia-builder-el-6  el_after_av_one_full  el_before_av_social_share '><span class='hr-inner ' ><span class='hr-inner-style'><\/span><\/span><\/div><\/p>\n<div  class='av-social-sharing-box  avia-builder-el-7  el_after_av_hr  el_before_av_hr  '><div class='av-share-box'><h5 class='av-share-link-description av-no-toc '>Compartir esta noticia<\/h5><ul class='av-share-box-list noLightbox'><li class='av-share-link av-social-link-facebook' ><a target=\"_blank\" aria-label=\"Compartir en Facebook\" href='https:\/\/www.facebook.com\/sharer.php?u=https:\/\/radiorevelacionfm.cl\/?p=36443&#038;t=Con%20amplia%20participaci%C3%B3n%20se%20desarroll%C3%B3%20capacitaci%C3%B3n%20a%20funcionarios%2Fas%20del%20Ministerio%20del%20Trabajo%20en%20materia%20de%20migraciones' aria-hidden='false' data-av_icon='\ue8f3' data-av_iconfont='entypo-fontello' title='' data-avia-related-tooltip='Compartir en Facebook' rel=\"noopener\"><span class='avia_hidden_link_text'>Compartir en Facebook<\/span><\/a><\/li><li class='av-share-link av-social-link-twitter' ><a target=\"_blank\" aria-label=\"Compartir en Twitter\" href='https:\/\/twitter.com\/share?text=Con%20amplia%20participaci%C3%B3n%20se%20desarroll%C3%B3%20capacitaci%C3%B3n%20a%20funcionarios%2Fas%20del%20Ministerio%20del%20Trabajo%20en%20materia%20de%20migraciones&#038;url=https:\/\/radiorevelacionfm.cl\/?p=36443' aria-hidden='false' data-av_icon='\ue8f1' data-av_iconfont='entypo-fontello' title='' data-avia-related-tooltip='Compartir en Twitter' rel=\"noopener\"><span class='avia_hidden_link_text'>Compartir en Twitter<\/span><\/a><\/li><li class='av-share-link av-social-link-whatsapp' ><a target=\"_blank\" aria-label=\"Compartir en Whatsapp\" href='https:\/\/api.whatsapp.com\/send?text=https:\/\/radiorevelacionfm.cl\/?p=36443' aria-hidden='false' data-av_icon='\uf232' data-av_iconfont='entypo-fontello' title='' data-avia-related-tooltip='Compartir en Whatsapp' rel=\"noopener\"><span class='avia_hidden_link_text'>Compartir en Whatsapp<\/span><\/a><\/li><li class='av-share-link av-social-link-linkedin' ><a target=\"_blank\" aria-label=\"Compartir en LinkedIn\" href='https:\/\/linkedin.com\/shareArticle?mini=true&#038;title=Con%20amplia%20participaci%C3%B3n%20se%20desarroll%C3%B3%20capacitaci%C3%B3n%20a%20funcionarios%2Fas%20del%20Ministerio%20del%20Trabajo%20en%20materia%20de%20migraciones&#038;url=https:\/\/radiorevelacionfm.cl\/?p=36443' aria-hidden='false' data-av_icon='\ue8fc' data-av_iconfont='entypo-fontello' title='' data-avia-related-tooltip='Compartir en LinkedIn' rel=\"noopener\"><span class='avia_hidden_link_text'>Compartir en LinkedIn<\/span><\/a><\/li><li class='av-share-link av-social-link-mail' ><a  aria-label=\"Compartir por correo\" href='mailto:?subject=Con%20amplia%20participaci%C3%B3n%20se%20desarroll%C3%B3%20capacitaci%C3%B3n%20a%20funcionarios%2Fas%20del%20Ministerio%20del%20Trabajo%20en%20materia%20de%20migraciones&#038;body=https:\/\/radiorevelacionfm.cl\/?p=36443' aria-hidden='false' data-av_icon='\ue805' data-av_iconfont='entypo-fontello' title='' data-avia-related-tooltip='Compartir por correo'><span class='avia_hidden_link_text'>Compartir por correo<\/span><\/a><\/li><\/ul><\/div><\/div>\n<div  style='height:50px' class='hr hr-invisible   avia-builder-el-8  el_after_av_social_share  el_before_av_comments_list '><span class='hr-inner ' ><span class='hr-inner-style'><\/span><\/span><\/div>\n<div  class='av-buildercomment  av-blog-meta-html-info-disabled av-blog-meta-tag-disabled  '><\/div>\n","protected":false},"excerpt":{"rendered":"","protected":false},"author":1,"featured_media":36444,"comment_status":"open","ping_status":"open","sticky":false,"template":"","format":"standard","meta":{"footnotes":""},"categories":[56],"tags":[],"class_list":["post-36443","post","type-post","status-publish","format-standard","has-post-thumbnail","hentry","category-trabajo"],"jetpack_featured_media_url":"https:\/\/radiorevelacionfm.cl\/wp-content\/uploads\/2023\/10\/capacitacionmigraciones_mintrab-2-1_optimized.jpg","_links":{"self":[{"href":"https:\/\/radiorevelacionfm.cl\/index.php?rest_route=\/wp\/v2\/posts\/36443","targetHints":{"allow":["GET"]}}],"collection":[{"href":"https:\/\/radiorevelacionfm.cl\/index.php?rest_route=\/wp\/v2\/posts"}],"about":[{"href":"https:\/\/radiorevelacionfm.cl\/index.php?rest_route=\/wp\/v2\/types\/post"}],"author":[{"embeddable":true,"href":"https:\/\/radiorevelacionfm.cl\/index.php?rest_route=\/wp\/v2\/users\/1"}],"replies":[{"embeddable":true,"href":"https:\/\/radiorevelacionfm.cl\/index.php?rest_route=%2Fwp%2Fv2%2Fcomments&post=36443"}],"version-history":[{"count":1,"href":"https:\/\/radiorevelacionfm.cl\/index.php?rest_route=\/wp\/v2\/posts\/36443\/revisions"}],"predecessor-version":[{"id":36445,"href":"https:\/\/radiorevelacionfm.cl\/index.php?rest_route=\/wp\/v2\/posts\/36443\/revisions\/36445"}],"wp:featuredmedia":[{"embeddable":true,"href":"https:\/\/radiorevelacionfm.cl\/index.php?rest_route=\/wp\/v2\/media\/36444"}],"wp:attachment":[{"href":"https:\/\/radiorevelacionfm.cl\/index.php?rest_route=%2Fwp%2Fv2%2Fmedia&parent=36443"}],"wp:term":[{"taxonomy":"category","embeddable":true,"href":"https:\/\/radiorevelacionfm.cl\/index.php?rest_route=%2Fwp%2Fv2%2Fcategories&post=36443"},{"taxonomy":"post_tag","embeddable":true,"href":"https:\/\/radiorevelacionfm.cl\/index.php?rest_route=%2Fwp%2Fv2%2Ftags&post=36443"}],"curies":[{"name":"wp","href":"https:\/\/api.w.org\/{rel}","templated":true}]}}