{"id":36440,"date":"2023-11-02T15:03:06","date_gmt":"2023-11-02T18:03:06","guid":{"rendered":"https:\/\/radiorevelacionfm.cl\/?p=36440"},"modified":"2023-11-02T15:03:06","modified_gmt":"2023-11-02T18:03:06","slug":"villa-cerro-castillo-cuenta-con-nuevos-puntos-limpios-de-residuos","status":"publish","type":"post","link":"https:\/\/radiorevelacionfm.cl\/?p=36440","title":{"rendered":"Villa Cerro Castillo cuenta con nuevos puntos limpios de residuos"},"content":{"rendered":"<div class=\"flex_column av_one_full  flex_column_div av-zero-column-padding first  avia-builder-el-0  el_before_av_one_full  avia-builder-el-first  \" style='border-radius:0px; '><div  class='avia-image-container  av-styling-    avia-builder-el-1  avia-builder-el-no-sibling  avia-align-center '  itemprop=\"image\" itemscope=\"itemscope\" itemtype=\"https:\/\/schema.org\/ImageObject\"  ><div class='avia-image-container-inner'><div class='avia-image-overlay-wrap'><img decoding=\"async\" class='wp-image-36441 avia-img-lazy-loading-not-36441 avia_image' src=\"https:\/\/radiorevelacionfm.cl\/wp-content\/uploads\/2023\/10\/unnamed-26-1_optimized-1-1.jpg\" alt='' title='unnamed-(26)-(1)_optimized (1) (1)' height=\"600\" width=\"800\"  itemprop=\"thumbnailUrl\" srcset=\"https:\/\/radiorevelacionfm.cl\/wp-content\/uploads\/2023\/10\/unnamed-26-1_optimized-1-1.jpg 800w, https:\/\/radiorevelacionfm.cl\/wp-content\/uploads\/2023\/10\/unnamed-26-1_optimized-1-1-300x225.jpg 300w, https:\/\/radiorevelacionfm.cl\/wp-content\/uploads\/2023\/10\/unnamed-26-1_optimized-1-1-768x576.jpg 768w, https:\/\/radiorevelacionfm.cl\/wp-content\/uploads\/2023\/10\/unnamed-26-1_optimized-1-1-705x529.jpg 705w, https:\/\/radiorevelacionfm.cl\/wp-content\/uploads\/2023\/10\/unnamed-26-1_optimized-1-1-450x338.jpg 450w, https:\/\/radiorevelacionfm.cl\/wp-content\/uploads\/2023\/10\/unnamed-26-1_optimized-1-1-600x450.jpg 600w\" sizes=\"(max-width: 800px) 100vw, 800px\" \/><\/div><\/div><\/div><\/div><div class=\"flex_column av_one_full  flex_column_div av-zero-column-padding first  avia-builder-el-2  el_after_av_one_full  el_before_av_one_full  column-top-margin\" style='border-radius:0px; '><section class=\"av_textblock_section \"  itemscope=\"itemscope\" itemtype=\"https:\/\/schema.org\/BlogPosting\" itemprop=\"blogPost\" ><div class='avia_textblock  '   itemprop=\"text\" ><p style=\"text-align: center;\"><strong><span style=\"font-size: 18pt;\">Villa Cerro Castillo cuenta con nuevos puntos limpios de residuos <\/span><\/strong><\/p>\n<div id=\"gtx-trans\" style=\"position: absolute; left: -50px; top: 4.31534px;\">\n<div class=\"gtx-trans-icon\"><\/div>\n<\/div>\n<\/div><\/section><\/div><div class=\"flex_column av_one_full  flex_column_div av-zero-column-padding first  avia-builder-el-4  el_after_av_one_full  el_before_av_hr  column-top-margin\" style='border-radius:0px; '><section class=\"av_textblock_section \"  itemscope=\"itemscope\" itemtype=\"https:\/\/schema.org\/BlogPosting\" itemprop=\"blogPost\" ><div class='avia_textblock  '   itemprop=\"text\" ><p dir=\"ltr\" style=\"text-align: justify;\" role=\"presentation\">Estos nuevos espacios permitir\u00e1n tener la infraestructura para el acopio de residuos s\u00f3lidos domiciliarios en la comuna y cont\u00f3 con financiamiento del Programa de Mejoramiento de Barrios (PMB) de la Subsecretar\u00eda de Desarrollo Regional y Administrativo (Subdere), con una inversi\u00f3n de m\u00e1s de $209 millones.<\/p>\n<p dir=\"ltr\" style=\"text-align: justify;\">Un nuevo punto limpio fue inaugurado en la Villa Cerro Castillo en la comuna de R\u00edo Ib\u00e1\u00f1ez con el objetivo de tener la infraestructura adecuada para el acopio de residuos s\u00f3lidos domiciliarios que contar\u00e1 con la entrega de kits de compostaje domiciliario en tres localidades de la comuna.<\/p>\n<p dir=\"ltr\" style=\"text-align: justify;\">Este proyecto cont\u00f3 con recursos del Programa de Mejoramiento de Barrios (PMB) de la Subsecretar\u00eda de Desarrollo Regional y Administrativo (Subdere), con una inversi\u00f3n superior a los $209 millones.<\/p>\n<p dir=\"ltr\" style=\"text-align: justify;\">El encargado de la Unidad Regional Subdere (URS) de Ays\u00e9n, Guillermo Mart\u00ednez, destac\u00f3 que \u2018\u2019el objetivo de este proyecto es disminuir la cantidad de residuos llevados hacia disposici\u00f3n final en la comuna mediante la construcci\u00f3n de este centro de acopio de material reciclable, donde, adem\u00e1s, se entregar\u00e1 equipamiento y educaci\u00f3n ambiental para la comunidad\u2019\u2019.<\/p>\n<p dir=\"ltr\" style=\"text-align: justify;\">Dentro de las categor\u00edas de residuos, se encuentran papel y cart\u00f3n; tetra pack; los distintos tipos de pl\u00e1sticos; latas; vidrio; aceite de cocina usado; latas; colillas de cigarro; otros metales.<\/p>\n<p dir=\"ltr\" style=\"text-align: justify;\">Junto con la entrega de infraestructura y de equipamiento, el proyecto contempla un programa de sensibilizaci\u00f3n que preparar\u00e1 tanto a los encargados de los puntos limpios, como a la poblaci\u00f3n en las localidades objetivo. Lo anterior resulta fundamental dado que, el planteamiento de la soluci\u00f3n considera metas de recolecci\u00f3n con crecimiento progresivo.<\/p>\n<\/div><\/section><\/div><div  style='height:50px' class='hr hr-invisible   avia-builder-el-6  el_after_av_one_full  el_before_av_social_share '><span class='hr-inner ' ><span class='hr-inner-style'><\/span><\/span><\/div><\/p>\n<div  class='av-social-sharing-box  avia-builder-el-7  el_after_av_hr  el_before_av_hr  '><div class='av-share-box'><h5 class='av-share-link-description av-no-toc '>Compartir esta noticia<\/h5><ul class='av-share-box-list noLightbox'><li class='av-share-link av-social-link-facebook' ><a target=\"_blank\" aria-label=\"Compartir en Facebook\" href='https:\/\/www.facebook.com\/sharer.php?u=https:\/\/radiorevelacionfm.cl\/?p=36440&#038;t=Villa%20Cerro%20Castillo%20cuenta%20con%20nuevos%20puntos%20limpios%20de%20residuos' aria-hidden='false' data-av_icon='\ue8f3' data-av_iconfont='entypo-fontello' title='' data-avia-related-tooltip='Compartir en Facebook' rel=\"noopener\"><span class='avia_hidden_link_text'>Compartir en Facebook<\/span><\/a><\/li><li class='av-share-link av-social-link-twitter' ><a target=\"_blank\" aria-label=\"Compartir en Twitter\" href='https:\/\/twitter.com\/share?text=Villa%20Cerro%20Castillo%20cuenta%20con%20nuevos%20puntos%20limpios%20de%20residuos&#038;url=https:\/\/radiorevelacionfm.cl\/?p=36440' aria-hidden='false' data-av_icon='\ue8f1' data-av_iconfont='entypo-fontello' title='' data-avia-related-tooltip='Compartir en Twitter' rel=\"noopener\"><span class='avia_hidden_link_text'>Compartir en Twitter<\/span><\/a><\/li><li class='av-share-link av-social-link-whatsapp' ><a target=\"_blank\" aria-label=\"Compartir en Whatsapp\" href='https:\/\/api.whatsapp.com\/send?text=https:\/\/radiorevelacionfm.cl\/?p=36440' aria-hidden='false' data-av_icon='\uf232' data-av_iconfont='entypo-fontello' title='' data-avia-related-tooltip='Compartir en Whatsapp' rel=\"noopener\"><span class='avia_hidden_link_text'>Compartir en Whatsapp<\/span><\/a><\/li><li class='av-share-link av-social-link-linkedin' ><a target=\"_blank\" aria-label=\"Compartir en LinkedIn\" href='https:\/\/linkedin.com\/shareArticle?mini=true&#038;title=Villa%20Cerro%20Castillo%20cuenta%20con%20nuevos%20puntos%20limpios%20de%20residuos&#038;url=https:\/\/radiorevelacionfm.cl\/?p=36440' aria-hidden='false' data-av_icon='\ue8fc' data-av_iconfont='entypo-fontello' title='' data-avia-related-tooltip='Compartir en LinkedIn' rel=\"noopener\"><span class='avia_hidden_link_text'>Compartir en LinkedIn<\/span><\/a><\/li><li class='av-share-link av-social-link-mail' ><a  aria-label=\"Compartir por correo\" href='mailto:?subject=Villa%20Cerro%20Castillo%20cuenta%20con%20nuevos%20puntos%20limpios%20de%20residuos&#038;body=https:\/\/radiorevelacionfm.cl\/?p=36440' aria-hidden='false' data-av_icon='\ue805' data-av_iconfont='entypo-fontello' title='' data-avia-related-tooltip='Compartir por correo'><span class='avia_hidden_link_text'>Compartir por correo<\/span><\/a><\/li><\/ul><\/div><\/div>\n<div  style='height:50px' class='hr hr-invisible   avia-builder-el-8  el_after_av_social_share  el_before_av_comments_list '><span class='hr-inner ' ><span class='hr-inner-style'><\/span><\/span><\/div>\n<div  class='av-buildercomment  av-blog-meta-html-info-disabled av-blog-meta-tag-disabled  '><\/div>\n","protected":false},"excerpt":{"rendered":"","protected":false},"author":1,"featured_media":36441,"comment_status":"open","ping_status":"open","sticky":false,"template":"","format":"standard","meta":{"footnotes":""},"categories":[38],"tags":[],"class_list":["post-36440","post","type-post","status-publish","format-standard","has-post-thumbnail","hentry","category-regional"],"jetpack_featured_media_url":"https:\/\/radiorevelacionfm.cl\/wp-content\/uploads\/2023\/10\/unnamed-26-1_optimized-1-1.jpg","_links":{"self":[{"href":"https:\/\/radiorevelacionfm.cl\/index.php?rest_route=\/wp\/v2\/posts\/36440","targetHints":{"allow":["GET"]}}],"collection":[{"href":"https:\/\/radiorevelacionfm.cl\/index.php?rest_route=\/wp\/v2\/posts"}],"about":[{"href":"https:\/\/radiorevelacionfm.cl\/index.php?rest_route=\/wp\/v2\/types\/post"}],"author":[{"embeddable":true,"href":"https:\/\/radiorevelacionfm.cl\/index.php?rest_route=\/wp\/v2\/users\/1"}],"replies":[{"embeddable":true,"href":"https:\/\/radiorevelacionfm.cl\/index.php?rest_route=%2Fwp%2Fv2%2Fcomments&post=36440"}],"version-history":[{"count":1,"href":"https:\/\/radiorevelacionfm.cl\/index.php?rest_route=\/wp\/v2\/posts\/36440\/revisions"}],"predecessor-version":[{"id":36442,"href":"https:\/\/radiorevelacionfm.cl\/index.php?rest_route=\/wp\/v2\/posts\/36440\/revisions\/36442"}],"wp:featuredmedia":[{"embeddable":true,"href":"https:\/\/radiorevelacionfm.cl\/index.php?rest_route=\/wp\/v2\/media\/36441"}],"wp:attachment":[{"href":"https:\/\/radiorevelacionfm.cl\/index.php?rest_route=%2Fwp%2Fv2%2Fmedia&parent=36440"}],"wp:term":[{"taxonomy":"category","embeddable":true,"href":"https:\/\/radiorevelacionfm.cl\/index.php?rest_route=%2Fwp%2Fv2%2Fcategories&post=36440"},{"taxonomy":"post_tag","embeddable":true,"href":"https:\/\/radiorevelacionfm.cl\/index.php?rest_route=%2Fwp%2Fv2%2Ftags&post=36440"}],"curies":[{"name":"wp","href":"https:\/\/api.w.org\/{rel}","templated":true}]}}