{"id":36437,"date":"2023-10-31T18:58:53","date_gmt":"2023-10-31T21:58:53","guid":{"rendered":"https:\/\/radiorevelacionfm.cl\/?p=36437"},"modified":"2023-10-31T18:58:53","modified_gmt":"2023-10-31T21:58:53","slug":"realizan-emotiva-despedida-a-funcionaria-que-jubilo-tras-38-anos-de-servicio-en-bienes-nacionales","status":"publish","type":"post","link":"https:\/\/radiorevelacionfm.cl\/?p=36437","title":{"rendered":"Realizan emotiva despedida a funcionaria que jubil\u00f3 tras 38 a\u00f1os de servicio en Bienes Nacionales"},"content":{"rendered":"<div class=\"flex_column av_one_full  flex_column_div av-zero-column-padding first  avia-builder-el-0  el_before_av_one_full  avia-builder-el-first  \" style='border-radius:0px; '><div  class='avia-image-container  av-styling-    avia-builder-el-1  avia-builder-el-no-sibling  avia-align-center '  itemprop=\"image\" itemscope=\"itemscope\" itemtype=\"https:\/\/schema.org\/ImageObject\"  ><div class='avia-image-container-inner'><div class='avia-image-overlay-wrap'><img decoding=\"async\" class='wp-image-36438 avia-img-lazy-loading-not-36438 avia_image' src=\"https:\/\/radiorevelacionfm.cl\/wp-content\/uploads\/2023\/10\/foto-mirna-rios-1_optimized.jpeg\" alt='' title='foto-mirna-rios-(1)_optimized' height=\"600\" width=\"800\"  itemprop=\"thumbnailUrl\" srcset=\"https:\/\/radiorevelacionfm.cl\/wp-content\/uploads\/2023\/10\/foto-mirna-rios-1_optimized.jpeg 800w, https:\/\/radiorevelacionfm.cl\/wp-content\/uploads\/2023\/10\/foto-mirna-rios-1_optimized-300x225.jpeg 300w, https:\/\/radiorevelacionfm.cl\/wp-content\/uploads\/2023\/10\/foto-mirna-rios-1_optimized-768x576.jpeg 768w, https:\/\/radiorevelacionfm.cl\/wp-content\/uploads\/2023\/10\/foto-mirna-rios-1_optimized-705x529.jpeg 705w, https:\/\/radiorevelacionfm.cl\/wp-content\/uploads\/2023\/10\/foto-mirna-rios-1_optimized-450x338.jpeg 450w, https:\/\/radiorevelacionfm.cl\/wp-content\/uploads\/2023\/10\/foto-mirna-rios-1_optimized-600x450.jpeg 600w\" sizes=\"(max-width: 800px) 100vw, 800px\" \/><\/div><\/div><\/div><\/div><div class=\"flex_column av_one_full  flex_column_div av-zero-column-padding first  avia-builder-el-2  el_after_av_one_full  el_before_av_one_full  column-top-margin\" style='border-radius:0px; '><section class=\"av_textblock_section \"  itemscope=\"itemscope\" itemtype=\"https:\/\/schema.org\/BlogPosting\" itemprop=\"blogPost\" ><div class='avia_textblock  '   itemprop=\"text\" ><p style=\"text-align: center;\"><strong><span style=\"font-size: 18pt;\">Realizan emotiva despedida a funcionaria que jubil\u00f3 tras 38 a\u00f1os de servicio en Bienes Nacionales<\/span><\/strong><\/p>\n<div id=\"gtx-trans\" style=\"position: absolute; left: -50px; top: 4.31534px;\">\n<div class=\"gtx-trans-icon\"><\/div>\n<\/div>\n<\/div><\/section><\/div><div class=\"flex_column av_one_full  flex_column_div av-zero-column-padding first  avia-builder-el-4  el_after_av_one_full  el_before_av_hr  column-top-margin\" style='border-radius:0px; '><section class=\"av_textblock_section \"  itemscope=\"itemscope\" itemtype=\"https:\/\/schema.org\/BlogPosting\" itemprop=\"blogPost\" ><div class='avia_textblock  '   itemprop=\"text\" ><p style=\"text-align: justify;\">Luego de 38 a\u00f1os al servicio del Ministerio de Bienes Nacionales, Mirna R\u00edos Quilodr\u00e1n, acudi\u00f3 por \u00faltima vez a trabajar a las oficinas de la Seremi de Bienes Nacionales de la regi\u00f3n de Ays\u00e9n, iniciando as\u00ed una etapa anhelada, la jubilaci\u00f3n.<\/p>\n<p style=\"text-align: justify;\">Fue en el a\u00f1o 1985 que, con apenas 22 a\u00f1os, Mirna se acerc\u00f3 a las primeras oficinas de la Seremi ubicadas en Plaza 361 de Coyhaique, buscando una oportunidad laboral, encontrando en el servicio un centro de labores que la alberg\u00f3 por casi cuatro d\u00e9cadas, donde pudo establecer lazos profesionales y de amistad, los que se han mantenido en el tiempo, espacio en que inicialmente se desempe\u00f1\u00f3 como secretaria de la autoridad, para posteriormente entregar su profesionalismo a los usuarios desde la Unidad de Regularizaci\u00f3n de la Seremi.<\/p>\n<p style=\"text-align: justify;\">Cientos de an\u00e9cdotas se lleva \u00abMirnita\u00bb, como le llaman con cari\u00f1o sus excolegas y amigos, quienes, con sentimientos encontrados, prepararon una jornada de \u00faltimo marcaje y tambi\u00e9n dos despedidas, una en la que adem\u00e1s se consider\u00f3 la visita de Marcela Sandoval Osorio, ministra de la cartera, quien homenaje\u00f3 a la excolaboradora del Ministerio y agradeci\u00f3 su desempe\u00f1o en los 38 a\u00f1os que dedic\u00f3 como servidora p\u00fablica.<\/p>\n<p style=\"text-align: justify;\">La trayectoria de Mirna, como en muchos otros centros laborales, producto de la pandemia por Covid 19 que vivimos entre 2020 e inicios de 2023, tambi\u00e9n se vio afectada, llev\u00e1ndola a trabajar a distancia por tiempo completo para as\u00ed resguardar su salud, situaci\u00f3n que la mantuvo alejada de las oficinas por m\u00e1s de un a\u00f1o, generando un vac\u00edo anticipado con su ausencia, lo que finaliz\u00f3 hace algunos meses cuando la seremi Irina Morend Valdebenito solicit\u00f3 a Mirna el poder retornar durante media jornada presencial, petici\u00f3n que la exfuncionaria acept\u00f3, marcando as\u00ed su regreso a las oficinas de Plaza 361.<\/p>\n<p style=\"text-align: justify;\">Es as\u00ed que, durante los \u00faltimos meses, los funcionarios pudieron seguir compartiendo con Mirnita, quien el pasado 15 de septiembre marc\u00f3 por \u00faltima vez su ingreso a labores, dejando de pertenecer al Ministerio de Bienes Nacionales desde octubre.<\/p>\n<p style=\"text-align: justify;\">Con una emotiva ceremonia de reconocimiento a su servicio, compa\u00f1erismo y experiencia, Mirnita R\u00edos Quilodr\u00e1n puso punto final a su trayectoria profesional en el Ministerio de Bienes Nacionales, dejando un claro mensaje a cada uno de sus excolegas, a quienes les solicit\u00f3 \u00abjam\u00e1s dejar de pensar en el usuario, porque ese es el sentido de ser servidor p\u00fabico\u00bb.<\/p>\n<\/div><\/section><\/div><div  style='height:50px' class='hr hr-invisible   avia-builder-el-6  el_after_av_one_full  el_before_av_social_share '><span class='hr-inner ' ><span class='hr-inner-style'><\/span><\/span><\/div><\/p>\n<div  class='av-social-sharing-box  avia-builder-el-7  el_after_av_hr  el_before_av_hr  '><div class='av-share-box'><h5 class='av-share-link-description av-no-toc '>Compartir esta noticia<\/h5><ul class='av-share-box-list noLightbox'><li class='av-share-link av-social-link-facebook' ><a target=\"_blank\" aria-label=\"Compartir en Facebook\" href='https:\/\/www.facebook.com\/sharer.php?u=https:\/\/radiorevelacionfm.cl\/?p=36437&#038;t=Realizan%20emotiva%20despedida%20a%20funcionaria%20que%20jubil%C3%B3%20tras%2038%20a%C3%B1os%20de%20servicio%20en%20Bienes%20Nacionales' aria-hidden='false' data-av_icon='\ue8f3' data-av_iconfont='entypo-fontello' title='' data-avia-related-tooltip='Compartir en Facebook' rel=\"noopener\"><span class='avia_hidden_link_text'>Compartir en Facebook<\/span><\/a><\/li><li class='av-share-link av-social-link-twitter' ><a target=\"_blank\" aria-label=\"Compartir en Twitter\" href='https:\/\/twitter.com\/share?text=Realizan%20emotiva%20despedida%20a%20funcionaria%20que%20jubil%C3%B3%20tras%2038%20a%C3%B1os%20de%20servicio%20en%20Bienes%20Nacionales&#038;url=https:\/\/radiorevelacionfm.cl\/?p=36437' aria-hidden='false' data-av_icon='\ue8f1' data-av_iconfont='entypo-fontello' title='' data-avia-related-tooltip='Compartir en Twitter' rel=\"noopener\"><span class='avia_hidden_link_text'>Compartir en Twitter<\/span><\/a><\/li><li class='av-share-link av-social-link-whatsapp' ><a target=\"_blank\" aria-label=\"Compartir en Whatsapp\" href='https:\/\/api.whatsapp.com\/send?text=https:\/\/radiorevelacionfm.cl\/?p=36437' aria-hidden='false' data-av_icon='\uf232' data-av_iconfont='entypo-fontello' title='' data-avia-related-tooltip='Compartir en Whatsapp' rel=\"noopener\"><span class='avia_hidden_link_text'>Compartir en Whatsapp<\/span><\/a><\/li><li class='av-share-link av-social-link-linkedin' ><a target=\"_blank\" aria-label=\"Compartir en LinkedIn\" href='https:\/\/linkedin.com\/shareArticle?mini=true&#038;title=Realizan%20emotiva%20despedida%20a%20funcionaria%20que%20jubil%C3%B3%20tras%2038%20a%C3%B1os%20de%20servicio%20en%20Bienes%20Nacionales&#038;url=https:\/\/radiorevelacionfm.cl\/?p=36437' aria-hidden='false' data-av_icon='\ue8fc' data-av_iconfont='entypo-fontello' title='' data-avia-related-tooltip='Compartir en LinkedIn' rel=\"noopener\"><span class='avia_hidden_link_text'>Compartir en LinkedIn<\/span><\/a><\/li><li class='av-share-link av-social-link-mail' ><a  aria-label=\"Compartir por correo\" href='mailto:?subject=Realizan%20emotiva%20despedida%20a%20funcionaria%20que%20jubil%C3%B3%20tras%2038%20a%C3%B1os%20de%20servicio%20en%20Bienes%20Nacionales&#038;body=https:\/\/radiorevelacionfm.cl\/?p=36437' aria-hidden='false' data-av_icon='\ue805' data-av_iconfont='entypo-fontello' title='' data-avia-related-tooltip='Compartir por correo'><span class='avia_hidden_link_text'>Compartir por correo<\/span><\/a><\/li><\/ul><\/div><\/div>\n<div  style='height:50px' class='hr hr-invisible   avia-builder-el-8  el_after_av_social_share  el_before_av_comments_list '><span class='hr-inner ' ><span class='hr-inner-style'><\/span><\/span><\/div>\n<div  class='av-buildercomment  av-blog-meta-html-info-disabled av-blog-meta-tag-disabled  '><\/div>\n","protected":false},"excerpt":{"rendered":"","protected":false},"author":1,"featured_media":36438,"comment_status":"open","ping_status":"open","sticky":false,"template":"","format":"standard","meta":{"footnotes":""},"categories":[38],"tags":[],"class_list":["post-36437","post","type-post","status-publish","format-standard","has-post-thumbnail","hentry","category-regional"],"jetpack_featured_media_url":"https:\/\/radiorevelacionfm.cl\/wp-content\/uploads\/2023\/10\/foto-mirna-rios-1_optimized.jpeg","_links":{"self":[{"href":"https:\/\/radiorevelacionfm.cl\/index.php?rest_route=\/wp\/v2\/posts\/36437","targetHints":{"allow":["GET"]}}],"collection":[{"href":"https:\/\/radiorevelacionfm.cl\/index.php?rest_route=\/wp\/v2\/posts"}],"about":[{"href":"https:\/\/radiorevelacionfm.cl\/index.php?rest_route=\/wp\/v2\/types\/post"}],"author":[{"embeddable":true,"href":"https:\/\/radiorevelacionfm.cl\/index.php?rest_route=\/wp\/v2\/users\/1"}],"replies":[{"embeddable":true,"href":"https:\/\/radiorevelacionfm.cl\/index.php?rest_route=%2Fwp%2Fv2%2Fcomments&post=36437"}],"version-history":[{"count":1,"href":"https:\/\/radiorevelacionfm.cl\/index.php?rest_route=\/wp\/v2\/posts\/36437\/revisions"}],"predecessor-version":[{"id":36439,"href":"https:\/\/radiorevelacionfm.cl\/index.php?rest_route=\/wp\/v2\/posts\/36437\/revisions\/36439"}],"wp:featuredmedia":[{"embeddable":true,"href":"https:\/\/radiorevelacionfm.cl\/index.php?rest_route=\/wp\/v2\/media\/36438"}],"wp:attachment":[{"href":"https:\/\/radiorevelacionfm.cl\/index.php?rest_route=%2Fwp%2Fv2%2Fmedia&parent=36437"}],"wp:term":[{"taxonomy":"category","embeddable":true,"href":"https:\/\/radiorevelacionfm.cl\/index.php?rest_route=%2Fwp%2Fv2%2Fcategories&post=36437"},{"taxonomy":"post_tag","embeddable":true,"href":"https:\/\/radiorevelacionfm.cl\/index.php?rest_route=%2Fwp%2Fv2%2Ftags&post=36437"}],"curies":[{"name":"wp","href":"https:\/\/api.w.org\/{rel}","templated":true}]}}