{"id":36434,"date":"2023-11-02T10:10:27","date_gmt":"2023-11-02T13:10:27","guid":{"rendered":"https:\/\/radiorevelacionfm.cl\/?p=36434"},"modified":"2023-11-02T10:10:27","modified_gmt":"2023-11-02T13:10:27","slug":"en-coyhaique-alto-realizan-plantacion-de-arboles-en-paso-fronterizo-en-recuerdo-de-detenidos-desaparecidos","status":"publish","type":"post","link":"https:\/\/radiorevelacionfm.cl\/?p=36434","title":{"rendered":"En Coyhaique Alto realizan plantaci\u00f3n de \u00e1rboles en paso fronterizo en recuerdo de detenidos desaparecidos"},"content":{"rendered":"<div class=\"flex_column av_one_full  flex_column_div av-zero-column-padding first  avia-builder-el-0  el_before_av_one_full  avia-builder-el-first  \" style='border-radius:0px; '><div  class='avia-image-container  av-styling-    avia-builder-el-1  avia-builder-el-no-sibling  avia-align-center '  itemprop=\"image\" itemscope=\"itemscope\" itemtype=\"https:\/\/schema.org\/ImageObject\"  ><div class='avia-image-container-inner'><div class='avia-image-overlay-wrap'><img decoding=\"async\" class='wp-image-36435 avia-img-lazy-loading-not-36435 avia_image' src=\"https:\/\/radiorevelacionfm.cl\/wp-content\/uploads\/2023\/10\/1z9a0104-1_optimized-1.jpg\" alt='' title='1z9a0104-(1)_optimized (1)' height=\"600\" width=\"988\"  itemprop=\"thumbnailUrl\" srcset=\"https:\/\/radiorevelacionfm.cl\/wp-content\/uploads\/2023\/10\/1z9a0104-1_optimized-1.jpg 988w, https:\/\/radiorevelacionfm.cl\/wp-content\/uploads\/2023\/10\/1z9a0104-1_optimized-1-300x182.jpg 300w, https:\/\/radiorevelacionfm.cl\/wp-content\/uploads\/2023\/10\/1z9a0104-1_optimized-1-768x466.jpg 768w, https:\/\/radiorevelacionfm.cl\/wp-content\/uploads\/2023\/10\/1z9a0104-1_optimized-1-705x428.jpg 705w, https:\/\/radiorevelacionfm.cl\/wp-content\/uploads\/2023\/10\/1z9a0104-1_optimized-1-450x273.jpg 450w, https:\/\/radiorevelacionfm.cl\/wp-content\/uploads\/2023\/10\/1z9a0104-1_optimized-1-600x364.jpg 600w\" sizes=\"(max-width: 988px) 100vw, 988px\" \/><\/div><\/div><\/div><\/div><div class=\"flex_column av_one_full  flex_column_div av-zero-column-padding first  avia-builder-el-2  el_after_av_one_full  el_before_av_one_full  column-top-margin\" style='border-radius:0px; '><section class=\"av_textblock_section \"  itemscope=\"itemscope\" itemtype=\"https:\/\/schema.org\/BlogPosting\" itemprop=\"blogPost\" ><div class='avia_textblock  '   itemprop=\"text\" ><p style=\"text-align: center;\"><strong><span style=\"font-size: 18pt;\">En Coyhaique Alto realizan plantaci\u00f3n de \u00e1rboles en paso fronterizo en recuerdo de detenidos desaparecidos<\/span><\/strong><\/p>\n<div id=\"gtx-trans\" style=\"position: absolute; left: -50px; top: 4.31534px;\">\n<div class=\"gtx-trans-icon\"><\/div>\n<\/div>\n<\/div><\/section><\/div><div class=\"flex_column av_one_full  flex_column_div av-zero-column-padding first  avia-builder-el-4  el_after_av_one_full  el_before_av_hr  column-top-margin\" style='border-radius:0px; '><section class=\"av_textblock_section \"  itemscope=\"itemscope\" itemtype=\"https:\/\/schema.org\/BlogPosting\" itemprop=\"blogPost\" ><div class='avia_textblock  '   itemprop=\"text\" ><p style=\"text-align: justify;\">Con la plantaci\u00f3n de \u00e1rboles de \u00f1ires y la instalaci\u00f3n de un cartel, el d\u00eda 27 de octubre, autoridades junto a agrupaciones de derechos humanos, realizaron una ceremonia que record\u00f3 a detenidos desparecidos de Ays\u00e9n, en el marco de la conmemoraci\u00f3n de los 50 a\u00f1os del Golpe c\u00edvico militar.<\/p>\n<p style=\"text-align: justify;\">\u00c1rboles por la Memoria es una iniciativa impulsada por el Gobierno de Chile, en colaboraci\u00f3n con CONAF del Ministerio de Agricultura, Red Sitios de Memoria y el Ministerio de las Cultura, las Artes y el Patrimonio. El proyecto permite la plantaci\u00f3n de \u00e1rboles nativos en espacios p\u00fablicos en las 16 regiones del pa\u00eds, como recuerdo y homenaje a las v\u00edctimas de la dictadura.<\/p>\n<p style=\"text-align: justify;\">La actividad se realiz\u00f3 el 27 de octubre en el paso Fronterizo Coyhaique Alto y reuni\u00f3 a autoridades de Gobierno, encabezadas por el Delegado Presidencial Rodrigo Araya, la ministra de las Culturas, las Artes y el Patrimonio, Carolina Arredondo, el subsecretario de Derechos Humanos, Xavier Altamirano; y a la Agrupaci\u00f3n de Derechos Humanos de Coyhaique.<\/p>\n<p style=\"text-align: justify;\">Mar\u00eda Erita Vera Vera, presidenta de la agrupaci\u00f3n, destac\u00f3\u00a0 la relevancia de esta iniciativa.<\/p>\n<p style=\"text-align: justify;\">\u00abPara nosotros, los familiares de las v\u00edctimas de N\u00e9stor Castillo, Rosendo P\u00e9rez y Juan Vera Oyarzun, esto es un acto de memoria importante y necesario. Lo que ocurri\u00f3 aqu\u00ed hace 50 a\u00f1os fue un hecho terrible, y es fundamental recordarlo para comprender la democracia y valorarla como merece\u00bb, sostuvo.<\/p>\n<p style=\"text-align: justify;\">Rodrigo Araya Morales, Delegado Regional Presidencial, subray\u00f3 la importancia de este hito \u00abNuestro Gobierno como pol\u00edtica de Estado va buscando la reparaci\u00f3n. Esa reparaci\u00f3n tiene que ver tambi\u00e9n con dar la informaci\u00f3n y poder encontrar a las personas que est\u00e1n perdidas. El plan de b\u00fasqueda busca eso y estos hitos significativos, est\u00e1n orientados tambi\u00e9n a que las nuevas generaciones se den cuenta de la importancia de mantener y defender la democracia\u00bb, indic\u00f3.<\/p>\n<p style=\"text-align: justify;\">El Seremi de Agricultura, Alan Espinoza Ortiz, destac\u00f3 la iniciativa a nivel nacional replicada en Ays\u00e9n.<\/p>\n<p style=\"text-align: justify;\">\u00abLos \u00e1rboles que plantamos hoy representan esperanza, vida y justicia. Son s\u00edmbolos de resiliencia en el territorio donde se cometieron violaciones a los derechos humanos. Esta acci\u00f3n nos recuerda la importancia de la memoria y nos impulsa a esforzarnos para que nunca m\u00e1s ocurran cr\u00edmenes tan atroces en nuestro pa\u00eds.\u00bb<\/p>\n<p style=\"text-align: justify;\">\u00ab\u00c1rboles por la Memoria\u00bb contempl\u00f3 asimismo la instalaci\u00f3n de un cartel realizado por trabajadores\/as de la Corporaci\u00f3n Nacional Forestal, en recuerdo de los Detenidos Desaparecidos; Juan Vera Oyarzun, N\u00e9stor Castillo Sep\u00falveda y Jos\u00e9 Rosendo P\u00e9rez detenidos el 27 de octubre de 1973 desde la localidad Argentina de R\u00edo Mayo y trasladados por este paso fronterizo, sin que hasta la fecha se tengan indicios de su paradero final.<\/p>\n<\/div><\/section><\/div><div  style='height:50px' class='hr hr-invisible   avia-builder-el-6  el_after_av_one_full  el_before_av_social_share '><span class='hr-inner ' ><span class='hr-inner-style'><\/span><\/span><\/div><\/p>\n<div  class='av-social-sharing-box  avia-builder-el-7  el_after_av_hr  el_before_av_hr  '><div class='av-share-box'><h5 class='av-share-link-description av-no-toc '>Compartir esta noticia<\/h5><ul class='av-share-box-list noLightbox'><li class='av-share-link av-social-link-facebook' ><a target=\"_blank\" aria-label=\"Compartir en Facebook\" href='https:\/\/www.facebook.com\/sharer.php?u=https:\/\/radiorevelacionfm.cl\/?p=36434&#038;t=En%20Coyhaique%20Alto%20realizan%20plantaci%C3%B3n%20de%20%C3%A1rboles%20en%20paso%20fronterizo%20en%20recuerdo%20de%20detenidos%20desaparecidos' aria-hidden='false' data-av_icon='\ue8f3' data-av_iconfont='entypo-fontello' title='' data-avia-related-tooltip='Compartir en Facebook' rel=\"noopener\"><span class='avia_hidden_link_text'>Compartir en Facebook<\/span><\/a><\/li><li class='av-share-link av-social-link-twitter' ><a target=\"_blank\" aria-label=\"Compartir en Twitter\" href='https:\/\/twitter.com\/share?text=En%20Coyhaique%20Alto%20realizan%20plantaci%C3%B3n%20de%20%C3%A1rboles%20en%20paso%20fronterizo%20en%20recuerdo%20de%20detenidos%20desaparecidos&#038;url=https:\/\/radiorevelacionfm.cl\/?p=36434' aria-hidden='false' data-av_icon='\ue8f1' data-av_iconfont='entypo-fontello' title='' data-avia-related-tooltip='Compartir en Twitter' rel=\"noopener\"><span class='avia_hidden_link_text'>Compartir en Twitter<\/span><\/a><\/li><li class='av-share-link av-social-link-whatsapp' ><a target=\"_blank\" aria-label=\"Compartir en Whatsapp\" href='https:\/\/api.whatsapp.com\/send?text=https:\/\/radiorevelacionfm.cl\/?p=36434' aria-hidden='false' data-av_icon='\uf232' data-av_iconfont='entypo-fontello' title='' data-avia-related-tooltip='Compartir en Whatsapp' rel=\"noopener\"><span class='avia_hidden_link_text'>Compartir en Whatsapp<\/span><\/a><\/li><li class='av-share-link av-social-link-linkedin' ><a target=\"_blank\" aria-label=\"Compartir en LinkedIn\" href='https:\/\/linkedin.com\/shareArticle?mini=true&#038;title=En%20Coyhaique%20Alto%20realizan%20plantaci%C3%B3n%20de%20%C3%A1rboles%20en%20paso%20fronterizo%20en%20recuerdo%20de%20detenidos%20desaparecidos&#038;url=https:\/\/radiorevelacionfm.cl\/?p=36434' aria-hidden='false' data-av_icon='\ue8fc' data-av_iconfont='entypo-fontello' title='' data-avia-related-tooltip='Compartir en LinkedIn' rel=\"noopener\"><span class='avia_hidden_link_text'>Compartir en LinkedIn<\/span><\/a><\/li><li class='av-share-link av-social-link-mail' ><a  aria-label=\"Compartir por correo\" href='mailto:?subject=En%20Coyhaique%20Alto%20realizan%20plantaci%C3%B3n%20de%20%C3%A1rboles%20en%20paso%20fronterizo%20en%20recuerdo%20de%20detenidos%20desaparecidos&#038;body=https:\/\/radiorevelacionfm.cl\/?p=36434' aria-hidden='false' data-av_icon='\ue805' data-av_iconfont='entypo-fontello' title='' data-avia-related-tooltip='Compartir por correo'><span class='avia_hidden_link_text'>Compartir por correo<\/span><\/a><\/li><\/ul><\/div><\/div>\n<div  style='height:50px' class='hr hr-invisible   avia-builder-el-8  el_after_av_social_share  el_before_av_comments_list '><span class='hr-inner ' ><span class='hr-inner-style'><\/span><\/span><\/div>\n<div  class='av-buildercomment  av-blog-meta-html-info-disabled av-blog-meta-tag-disabled  '><\/div>\n","protected":false},"excerpt":{"rendered":"","protected":false},"author":1,"featured_media":36435,"comment_status":"open","ping_status":"open","sticky":false,"template":"","format":"standard","meta":{"footnotes":""},"categories":[38],"tags":[],"class_list":["post-36434","post","type-post","status-publish","format-standard","has-post-thumbnail","hentry","category-regional"],"jetpack_featured_media_url":"https:\/\/radiorevelacionfm.cl\/wp-content\/uploads\/2023\/10\/1z9a0104-1_optimized-1.jpg","_links":{"self":[{"href":"https:\/\/radiorevelacionfm.cl\/index.php?rest_route=\/wp\/v2\/posts\/36434","targetHints":{"allow":["GET"]}}],"collection":[{"href":"https:\/\/radiorevelacionfm.cl\/index.php?rest_route=\/wp\/v2\/posts"}],"about":[{"href":"https:\/\/radiorevelacionfm.cl\/index.php?rest_route=\/wp\/v2\/types\/post"}],"author":[{"embeddable":true,"href":"https:\/\/radiorevelacionfm.cl\/index.php?rest_route=\/wp\/v2\/users\/1"}],"replies":[{"embeddable":true,"href":"https:\/\/radiorevelacionfm.cl\/index.php?rest_route=%2Fwp%2Fv2%2Fcomments&post=36434"}],"version-history":[{"count":1,"href":"https:\/\/radiorevelacionfm.cl\/index.php?rest_route=\/wp\/v2\/posts\/36434\/revisions"}],"predecessor-version":[{"id":36436,"href":"https:\/\/radiorevelacionfm.cl\/index.php?rest_route=\/wp\/v2\/posts\/36434\/revisions\/36436"}],"wp:featuredmedia":[{"embeddable":true,"href":"https:\/\/radiorevelacionfm.cl\/index.php?rest_route=\/wp\/v2\/media\/36435"}],"wp:attachment":[{"href":"https:\/\/radiorevelacionfm.cl\/index.php?rest_route=%2Fwp%2Fv2%2Fmedia&parent=36434"}],"wp:term":[{"taxonomy":"category","embeddable":true,"href":"https:\/\/radiorevelacionfm.cl\/index.php?rest_route=%2Fwp%2Fv2%2Fcategories&post=36434"},{"taxonomy":"post_tag","embeddable":true,"href":"https:\/\/radiorevelacionfm.cl\/index.php?rest_route=%2Fwp%2Fv2%2Ftags&post=36434"}],"curies":[{"name":"wp","href":"https:\/\/api.w.org\/{rel}","templated":true}]}}