{"id":36431,"date":"2023-10-31T18:19:51","date_gmt":"2023-10-31T21:19:51","guid":{"rendered":"https:\/\/radiorevelacionfm.cl\/?p=36431"},"modified":"2023-10-31T18:19:51","modified_gmt":"2023-10-31T21:19:51","slug":"cochranino-portador-de-antorcha-de-los-panamericanos-triunfo-en-categoria-individual-del-reto-tehuelche-2023","status":"publish","type":"post","link":"https:\/\/radiorevelacionfm.cl\/?p=36431","title":{"rendered":"Cochranino portador de Antorcha de los Panamericanos triunf\u00f3 en categor\u00eda individual del \u00abReto Tehuelche 2023\u00bb"},"content":{"rendered":"<div class=\"flex_column av_one_full  flex_column_div av-zero-column-padding first  avia-builder-el-0  el_before_av_one_full  avia-builder-el-first  \" style='border-radius:0px; '><div  class='avia-image-container  av-styling-    avia-builder-el-1  avia-builder-el-no-sibling  avia-align-center '  itemprop=\"image\" itemscope=\"itemscope\" itemtype=\"https:\/\/schema.org\/ImageObject\"  ><div class='avia-image-container-inner'><div class='avia-image-overlay-wrap'><img decoding=\"async\" class='wp-image-36432 avia-img-lazy-loading-not-36432 avia_image' src=\"https:\/\/radiorevelacionfm.cl\/wp-content\/uploads\/2023\/10\/yonathan-vargas-1_optimized.jpg\" alt='' title='yonathan-vargas-(1)_optimized' height=\"600\" width=\"887\"  itemprop=\"thumbnailUrl\" srcset=\"https:\/\/radiorevelacionfm.cl\/wp-content\/uploads\/2023\/10\/yonathan-vargas-1_optimized.jpg 887w, https:\/\/radiorevelacionfm.cl\/wp-content\/uploads\/2023\/10\/yonathan-vargas-1_optimized-300x203.jpg 300w, https:\/\/radiorevelacionfm.cl\/wp-content\/uploads\/2023\/10\/yonathan-vargas-1_optimized-768x520.jpg 768w, https:\/\/radiorevelacionfm.cl\/wp-content\/uploads\/2023\/10\/yonathan-vargas-1_optimized-705x477.jpg 705w, https:\/\/radiorevelacionfm.cl\/wp-content\/uploads\/2023\/10\/yonathan-vargas-1_optimized-450x304.jpg 450w, https:\/\/radiorevelacionfm.cl\/wp-content\/uploads\/2023\/10\/yonathan-vargas-1_optimized-600x406.jpg 600w\" sizes=\"(max-width: 887px) 100vw, 887px\" \/><\/div><\/div><\/div><\/div><div class=\"flex_column av_one_full  flex_column_div av-zero-column-padding first  avia-builder-el-2  el_after_av_one_full  el_before_av_one_full  column-top-margin\" style='border-radius:0px; '><section class=\"av_textblock_section \"  itemscope=\"itemscope\" itemtype=\"https:\/\/schema.org\/BlogPosting\" itemprop=\"blogPost\" ><div class='avia_textblock  '   itemprop=\"text\" ><p style=\"text-align: center;\"><span style=\"font-size: 18pt;\"><b><span lang=\"ES\">Cochranino portador de Antorcha de los Panamericanos triunf<\/span><\/b><b><span lang=\"X-NONE\">\u00f3 en categor\u00eda individual del \u00abReto Tehuelche 2023\u00bb<\/span><\/b><\/span><\/p>\n<div id=\"gtx-trans\" style=\"position: absolute; left: -50px; top: 4.31534px;\">\n<div class=\"gtx-trans-icon\"><\/div>\n<\/div>\n<\/div><\/section><\/div><div class=\"flex_column av_one_full  flex_column_div av-zero-column-padding first  avia-builder-el-4  el_after_av_one_full  el_before_av_hr  column-top-margin\" style='border-radius:0px; '><section class=\"av_textblock_section \"  itemscope=\"itemscope\" itemtype=\"https:\/\/schema.org\/BlogPosting\" itemprop=\"blogPost\" ><div class='avia_textblock  '   itemprop=\"text\" ><p class=\"v1gmail-MsoListParagraph\" style=\"text-align: justify;\"><i><span lang=\"ES\">M<\/span><\/i><i><span lang=\"X-NONE\">\u00e1s de una treintena de competidores concurrieron a Puerto Guadal, para participar en la tercera versi\u00f3n de una competencia enfocada a relevar las bellezas del sector, la protecci\u00f3n ambiental y el esp\u00edritu comunitario, al materializarse gracias a la colaboraci\u00f3n de los vecinos y vecinas.<\/span><\/i><\/p>\n<p class=\"v1MsoNormal\" style=\"text-align: justify;\"><span lang=\"ES\">M<\/span><span lang=\"X-NONE\">\u00e1s de treinta participantes, entre competidores\/as individuales y por equipos, se reunieron este fin de semana en Puerto Guadal durante la tercera versi\u00f3n de la triatl\u00f3n \u00ab<i>Reto Tehuelche 2023<\/i>\u00ab, que organiza la AG de Turismo, Cultura y Artesan\u00eda de la localidad. El evento, con el que se dio inicio oficial de la temporada tur\u00edstica, est\u00e1 enfocado a relevar las bellezas del sector, la protecci\u00f3n ambiental y el esp\u00edritu comunitario, al materializarse gracias a la colaboraci\u00f3n de los vecinos y vecinas.<\/span><\/p>\n<p class=\"v1MsoNormal\" style=\"text-align: justify;\"><span lang=\"X-NONE\">Kayak (6,8km app.), bicicleta (12,5km app) y trote (14,8km) fueron las tres disciplinas incluidas. La jornada se inici\u00f3 a las 9:30 hrs. del s\u00e1bado 29 de octubre en el muelle, concluyendo pasadas las 14:00 hrs en el sector de playa Las Rocas con la premiaci\u00f3n de los ganadores.<\/span><\/p>\n<p class=\"v1MsoNormal\" style=\"text-align: justify;\"><span lang=\"X-NONE\">El cierre de la jornada estuvo a cargo del D\u00fao La Perla, con la animaci\u00f3n de Antonio Cadag\u00e1n. En el sector se instal\u00f3 una Feria de Emprendedores\/as con oferta, principalmente, de artesan\u00edas y productos guadalinos, y se imparti\u00f3 una clase pr\u00e1ctica de yoga.<\/span><\/p>\n<p class=\"v1MsoNormal\" style=\"text-align: justify;\"><span lang=\"X-NONE\">Al finalizar el \u00ab<i>Reto Tehuelche 2023<\/i>\u00bb se comparti\u00f3 una parrillada comunitaria.<\/span><\/p>\n<p class=\"v1MsoNormal\" style=\"text-align: justify;\"><b><span lang=\"X-NONE\">Los resultados<\/span><\/b><\/p>\n<p class=\"v1MsoNormal\" style=\"text-align: justify;\"><span lang=\"X-NONE\">El<span class=\"v1gmail-Apple-converted-space\">\u00a0<\/span><b>primer lugar individual varones<span class=\"v1gmail-Apple-converted-space\">\u00a0<\/span><\/b>lo obtuvo el triatleta cochranino<span class=\"v1gmail-Apple-converted-space\">\u00a0<\/span><b>Yonathan Vargas Espinoza<\/b>, quien fue<span class=\"v1gmail-Apple-converted-space\">\u00a0<\/span><a href=\"https:\/\/insidetri.cl\/triatletas-llevan-llama-panamericano\/\" target=\"_blank\" rel=\"noopener noreferrer\">uno de los deportistas que portaron la antorcha<\/a><span class=\"v1gmail-Apple-converted-space\">\u00a0<\/span>durante la reciente inauguraci\u00f3n de los Juegos Panamericanos. El joven competidor logr\u00f3 una marca de 2h59m23s, manteniendo el invicto al ser el ganador de las tres versiones realizadas. En segundo lugar lleg\u00f3 el coyhaiquino<span class=\"v1gmail-Apple-converted-space\">\u00a0<\/span><b>Juan Galleguillos Maul\u00e9n<\/b><span class=\"v1gmail-Apple-converted-space\">\u00a0<\/span>con 3h43m099s, mientras que el tercer puesto fue para el tambi\u00e9n cochranino y padre de Yonathan,<span class=\"v1gmail-Apple-converted-space\">\u00a0<\/span><b>Rafael Vargas Ruay<span class=\"v1gmail-Apple-converted-space\">\u00a0<\/span><\/b>con 3h58m27s.<\/span><\/p>\n<p class=\"v1MsoNormal\" style=\"text-align: justify;\"><span lang=\"X-NONE\">En<span class=\"v1gmail-Apple-converted-space\">\u00a0<\/span><b>individual mujeres<\/b>, la primera posici\u00f3n la obtuvo<span class=\"v1gmail-Apple-converted-space\">\u00a0<\/span><b>Ingrid Espinoza Pincol<span class=\"v1gmail-Apple-converted-space\">\u00a0<\/span><\/b>(madre de Yonathan) con una marca de 4h5m2s, mientras que el segundo puesto fue para<span class=\"v1gmail-Apple-converted-space\">\u00a0<\/span><b>Queralia Jara Domke<\/b><span class=\"v1gmail-Apple-converted-space\">\u00a0<\/span>con 4h6m54s.<\/span><\/p>\n<p class=\"v1MsoNormal\" style=\"text-align: justify;\"><span lang=\"X-NONE\">En<span class=\"v1gmail-Apple-converted-space\">\u00a0<\/span><b>equipos masculinos<\/b><span class=\"v1gmail-Apple-converted-space\">\u00a0<\/span>el primer lugar lo alcanz\u00f3 el grupo compuesto por<span class=\"v1gmail-Apple-converted-space\">\u00a0<\/span><b>Diego Bustamante Pedrasa<span class=\"v1gmail-Apple-converted-space\">\u00a0<\/span><\/b>(Osorno),<span class=\"v1gmail-Apple-converted-space\">\u00a0<\/span><b>Pedro Rivas Flores<\/b><span class=\"v1gmail-Apple-converted-space\">\u00a0<\/span>(Puerto Guadal) y<span class=\"v1gmail-Apple-converted-space\">\u00a0<\/span><b>Sebasti\u00e1n Dom\u00ednguez D\u00e1vila<\/b><span class=\"v1gmail-Apple-converted-space\">\u00a0<\/span>(Cochrane) con un tiempo de 2h51m51s. Le siguieron los chilechiquenses<span class=\"v1gmail-Apple-converted-space\">\u00a0<\/span><b>Iv\u00e1n Silva Candia<\/b>,<span class=\"v1gmail-Apple-converted-space\">\u00a0<\/span><b>Alonso Rodr\u00edguez San Mart\u00edn<\/b><span class=\"v1gmail-Apple-converted-space\">\u00a0<\/span>y<span class=\"v1gmail-Apple-converted-space\">\u00a0<\/span><b>Benjam\u00edn Silva Castro<\/b><span class=\"v1gmail-Apple-converted-space\">\u00a0<\/span>(3h15m46s). El tercer lugar fue para los tambi\u00e9n representantes de la Ciudad del Sol<span class=\"v1gmail-Apple-converted-space\">\u00a0<\/span><b>Nicol\u00e1s Castillo<\/b>,<span class=\"v1gmail-Apple-converted-space\">\u00a0<\/span><b>Eliezer Castillo<\/b><span class=\"v1gmail-Apple-converted-space\">\u00a0<\/span>y<span class=\"v1gmail-Apple-converted-space\">\u00a0<\/span><b>Luis Quilodr\u00e1n<\/b><span class=\"v1gmail-Apple-converted-space\">\u00a0<\/span>(3h16m19s).<\/span><\/p>\n<p class=\"v1MsoNormal\" style=\"text-align: justify;\"><span lang=\"X-NONE\">Por \u00faltimo, en equipos mixtos el orden fue:<span class=\"v1gmail-Apple-converted-space\">\u00a0<\/span><b>Cristian Oyarzo Guenuman, N\u00e9stor Villar C\u00e1rdenas y Gabriela Vega Guzm\u00e1n<\/b><span class=\"v1gmail-Apple-converted-space\">\u00a0<\/span>(3h39m2s, Coyhaique);<span class=\"v1gmail-Apple-converted-space\">\u00a0<\/span><b>Ren\u00e9 Bravo Gonz\u00e1lez, Deysi Barrientos Rivas y Pablo Mautz Mautz<\/b><span class=\"v1gmail-Apple-converted-space\">\u00a0<\/span>(3h54m2s, Coyhaique);<span class=\"v1gmail-Apple-converted-space\">\u00a0<\/span><b>Magdalena Baeza Santa Mar\u00eda, Felipe S\u00e1ez Vald\u00e9s y Constanza Boyadzian McLoud<\/b><span class=\"v1gmail-Apple-converted-space\">\u00a0<\/span>(4h20m10s, Puerto Guadal).<\/span><\/p>\n<p class=\"v1MsoNormal\" style=\"text-align: justify;\"><span lang=\"X-NONE\">Los organizadores agradecieron a todos y todas quienes se involucraron y aportaron al desarrollo de la actividad.\u00a0<\/span><\/p>\n<p class=\"v1MsoNormal\" style=\"text-align: justify;\"><span lang=\"X-NONE\">En primer lugar, a los socios y socias de la propia AG de Turismo, Cultura y Artesan\u00eda junto a los vecinos y vecinas que dispusieron de tiempo y recursos, en especial a la familia Mancilla por cuyos terrenos pas\u00f3 el trayecto. Asimismo, a instituciones como el Servicio de Salud y la Posta de Salud Rural que estuvo disponible para eventuales emergencias, a Carabineros de Chile por la seguridad vial y la Armada de Chile por el resguardo lacustre, la direcci\u00f3n de la Escuela Libertador Bernardo O&#8217;Higgins, la Delegaci\u00f3n Presidencial Provincial, y los concejales Ariel Keim, Lidia Soto y Mario Figueroa por su apoyo constante. Tambi\u00e9n al Programa Estrat\u00e9gico Regional de Turismo, y a las y los operadores tur\u00edsticos locales que donaron premios y facilitaron los kayak y equipamientos para las competencias.<\/span><\/p>\n<\/div><\/section><\/div><div  style='height:50px' class='hr hr-invisible   avia-builder-el-6  el_after_av_one_full  el_before_av_social_share '><span class='hr-inner ' ><span class='hr-inner-style'><\/span><\/span><\/div><\/p>\n<div  class='av-social-sharing-box  avia-builder-el-7  el_after_av_hr  el_before_av_hr  '><div class='av-share-box'><h5 class='av-share-link-description av-no-toc '>Compartir esta noticia<\/h5><ul class='av-share-box-list noLightbox'><li class='av-share-link av-social-link-facebook' ><a target=\"_blank\" aria-label=\"Compartir en Facebook\" href='https:\/\/www.facebook.com\/sharer.php?u=https:\/\/radiorevelacionfm.cl\/?p=36431&#038;t=Cochranino%20portador%20de%20Antorcha%20de%20los%20Panamericanos%20triunf%C3%B3%20en%20categor%C3%ADa%20individual%20del%20%C2%ABReto%20Tehuelche%202023%C2%BB' aria-hidden='false' data-av_icon='\ue8f3' data-av_iconfont='entypo-fontello' title='' data-avia-related-tooltip='Compartir en Facebook' rel=\"noopener\"><span class='avia_hidden_link_text'>Compartir en Facebook<\/span><\/a><\/li><li class='av-share-link av-social-link-twitter' ><a target=\"_blank\" aria-label=\"Compartir en Twitter\" href='https:\/\/twitter.com\/share?text=Cochranino%20portador%20de%20Antorcha%20de%20los%20Panamericanos%20triunf%C3%B3%20en%20categor%C3%ADa%20individual%20del%20%C2%ABReto%20Tehuelche%202023%C2%BB&#038;url=https:\/\/radiorevelacionfm.cl\/?p=36431' aria-hidden='false' data-av_icon='\ue8f1' data-av_iconfont='entypo-fontello' title='' data-avia-related-tooltip='Compartir en Twitter' rel=\"noopener\"><span class='avia_hidden_link_text'>Compartir en Twitter<\/span><\/a><\/li><li class='av-share-link av-social-link-whatsapp' ><a target=\"_blank\" aria-label=\"Compartir en Whatsapp\" href='https:\/\/api.whatsapp.com\/send?text=https:\/\/radiorevelacionfm.cl\/?p=36431' aria-hidden='false' data-av_icon='\uf232' data-av_iconfont='entypo-fontello' title='' data-avia-related-tooltip='Compartir en Whatsapp' rel=\"noopener\"><span class='avia_hidden_link_text'>Compartir en Whatsapp<\/span><\/a><\/li><li class='av-share-link av-social-link-linkedin' ><a target=\"_blank\" aria-label=\"Compartir en LinkedIn\" href='https:\/\/linkedin.com\/shareArticle?mini=true&#038;title=Cochranino%20portador%20de%20Antorcha%20de%20los%20Panamericanos%20triunf%C3%B3%20en%20categor%C3%ADa%20individual%20del%20%C2%ABReto%20Tehuelche%202023%C2%BB&#038;url=https:\/\/radiorevelacionfm.cl\/?p=36431' aria-hidden='false' data-av_icon='\ue8fc' data-av_iconfont='entypo-fontello' title='' data-avia-related-tooltip='Compartir en LinkedIn' rel=\"noopener\"><span class='avia_hidden_link_text'>Compartir en LinkedIn<\/span><\/a><\/li><li class='av-share-link av-social-link-mail' ><a  aria-label=\"Compartir por correo\" href='mailto:?subject=Cochranino%20portador%20de%20Antorcha%20de%20los%20Panamericanos%20triunf%C3%B3%20en%20categor%C3%ADa%20individual%20del%20%C2%ABReto%20Tehuelche%202023%C2%BB&#038;body=https:\/\/radiorevelacionfm.cl\/?p=36431' aria-hidden='false' data-av_icon='\ue805' data-av_iconfont='entypo-fontello' title='' data-avia-related-tooltip='Compartir por correo'><span class='avia_hidden_link_text'>Compartir por correo<\/span><\/a><\/li><\/ul><\/div><\/div>\n<div  style='height:50px' class='hr hr-invisible   avia-builder-el-8  el_after_av_social_share  el_before_av_comments_list '><span class='hr-inner ' ><span class='hr-inner-style'><\/span><\/span><\/div>\n<div  class='av-buildercomment  av-blog-meta-html-info-disabled av-blog-meta-tag-disabled  '><\/div>\n","protected":false},"excerpt":{"rendered":"","protected":false},"author":1,"featured_media":36432,"comment_status":"open","ping_status":"open","sticky":false,"template":"","format":"standard","meta":{"footnotes":""},"categories":[40],"tags":[],"class_list":["post-36431","post","type-post","status-publish","format-standard","has-post-thumbnail","hentry","category-deportes"],"jetpack_featured_media_url":"https:\/\/radiorevelacionfm.cl\/wp-content\/uploads\/2023\/10\/yonathan-vargas-1_optimized.jpg","_links":{"self":[{"href":"https:\/\/radiorevelacionfm.cl\/index.php?rest_route=\/wp\/v2\/posts\/36431","targetHints":{"allow":["GET"]}}],"collection":[{"href":"https:\/\/radiorevelacionfm.cl\/index.php?rest_route=\/wp\/v2\/posts"}],"about":[{"href":"https:\/\/radiorevelacionfm.cl\/index.php?rest_route=\/wp\/v2\/types\/post"}],"author":[{"embeddable":true,"href":"https:\/\/radiorevelacionfm.cl\/index.php?rest_route=\/wp\/v2\/users\/1"}],"replies":[{"embeddable":true,"href":"https:\/\/radiorevelacionfm.cl\/index.php?rest_route=%2Fwp%2Fv2%2Fcomments&post=36431"}],"version-history":[{"count":1,"href":"https:\/\/radiorevelacionfm.cl\/index.php?rest_route=\/wp\/v2\/posts\/36431\/revisions"}],"predecessor-version":[{"id":36433,"href":"https:\/\/radiorevelacionfm.cl\/index.php?rest_route=\/wp\/v2\/posts\/36431\/revisions\/36433"}],"wp:featuredmedia":[{"embeddable":true,"href":"https:\/\/radiorevelacionfm.cl\/index.php?rest_route=\/wp\/v2\/media\/36432"}],"wp:attachment":[{"href":"https:\/\/radiorevelacionfm.cl\/index.php?rest_route=%2Fwp%2Fv2%2Fmedia&parent=36431"}],"wp:term":[{"taxonomy":"category","embeddable":true,"href":"https:\/\/radiorevelacionfm.cl\/index.php?rest_route=%2Fwp%2Fv2%2Fcategories&post=36431"},{"taxonomy":"post_tag","embeddable":true,"href":"https:\/\/radiorevelacionfm.cl\/index.php?rest_route=%2Fwp%2Fv2%2Ftags&post=36431"}],"curies":[{"name":"wp","href":"https:\/\/api.w.org\/{rel}","templated":true}]}}