{"id":36428,"date":"2023-10-31T21:27:11","date_gmt":"2023-11-01T00:27:11","guid":{"rendered":"https:\/\/radiorevelacionfm.cl\/?p=36428"},"modified":"2023-10-31T21:27:11","modified_gmt":"2023-11-01T00:27:11","slug":"en-su-visita-a-la-region-subsecretario-de-derechos-humanos-se-reunio-con-agrupaciones-de-coyhaique","status":"publish","type":"post","link":"https:\/\/radiorevelacionfm.cl\/?p=36428","title":{"rendered":"En su visita a la regi\u00f3n Subsecretario de Derechos Humanos se reuni\u00f3 con Agrupaciones de Coyhaique"},"content":{"rendered":"<div class=\"flex_column av_one_full  flex_column_div av-zero-column-padding first  avia-builder-el-0  el_before_av_one_full  avia-builder-el-first  \" style='border-radius:0px; '><div  class='avia-image-container  av-styling-    avia-builder-el-1  avia-builder-el-no-sibling  avia-align-center '  itemprop=\"image\" itemscope=\"itemscope\" itemtype=\"https:\/\/schema.org\/ImageObject\"  ><div class='avia-image-container-inner'><div class='avia-image-overlay-wrap'><img decoding=\"async\" class='wp-image-36429 avia-img-lazy-loading-not-36429 avia_image' src=\"https:\/\/radiorevelacionfm.cl\/wp-content\/uploads\/2023\/10\/reunion-1-1-1-1.jpg\" alt='' title='reunion 1 (1) (1) (1)' height=\"600\" width=\"800\"  itemprop=\"thumbnailUrl\" srcset=\"https:\/\/radiorevelacionfm.cl\/wp-content\/uploads\/2023\/10\/reunion-1-1-1-1.jpg 800w, https:\/\/radiorevelacionfm.cl\/wp-content\/uploads\/2023\/10\/reunion-1-1-1-1-300x225.jpg 300w, https:\/\/radiorevelacionfm.cl\/wp-content\/uploads\/2023\/10\/reunion-1-1-1-1-768x576.jpg 768w, https:\/\/radiorevelacionfm.cl\/wp-content\/uploads\/2023\/10\/reunion-1-1-1-1-705x529.jpg 705w, https:\/\/radiorevelacionfm.cl\/wp-content\/uploads\/2023\/10\/reunion-1-1-1-1-450x338.jpg 450w, https:\/\/radiorevelacionfm.cl\/wp-content\/uploads\/2023\/10\/reunion-1-1-1-1-600x450.jpg 600w\" sizes=\"(max-width: 800px) 100vw, 800px\" \/><\/div><\/div><\/div><\/div><div class=\"flex_column av_one_full  flex_column_div av-zero-column-padding first  avia-builder-el-2  el_after_av_one_full  el_before_av_one_full  column-top-margin\" style='border-radius:0px; '><section class=\"av_textblock_section \"  itemscope=\"itemscope\" itemtype=\"https:\/\/schema.org\/BlogPosting\" itemprop=\"blogPost\" ><div class='avia_textblock  '   itemprop=\"text\" ><p style=\"text-align: center;\"><strong><span style=\"font-size: 18pt;\">En su visita a la regi\u00f3n Subsecretario de Derechos Humanos se reuni\u00f3 con Agrupaciones de Coyhaique<\/span><\/strong><\/p>\n<div id=\"gtx-trans\" style=\"position: absolute; left: -50px; top: 4.31534px;\">\n<div class=\"gtx-trans-icon\"><\/div>\n<\/div>\n<\/div><\/section><\/div><div class=\"flex_column av_one_full  flex_column_div av-zero-column-padding first  avia-builder-el-4  el_after_av_one_full  el_before_av_hr  column-top-margin\" style='border-radius:0px; '><section class=\"av_textblock_section \"  itemscope=\"itemscope\" itemtype=\"https:\/\/schema.org\/BlogPosting\" itemprop=\"blogPost\" ><div class='avia_textblock  '   itemprop=\"text\" ><p style=\"text-align: justify;\"><em>Su visita a la regi\u00f3n tuvo como objetivo participar en las actividades conmemorativas de los 50 a\u00f1os del Golpe C\u00edvico Militar realizadas el pasado 27 de octubre.<\/em><\/p>\n<p style=\"text-align: justify;\">Ahondar en los principales alcances del Plan Nacional de B\u00fasqueda y el sitio de memoria existente en nuestra regi\u00f3n, fueron algunas de las tem\u00e1ticas abordadas por el Subsecretario de Derechos Humanos Xavier Altamirano Molina con la Agrupaci\u00f3n de Derechos Humanos de Coyhaique en su reciente visita a la regi\u00f3n, esto en el marco de las actividades conmemorativas de los 50 a\u00f1os del Golpe C\u00edvico- Militar realizadas el pasado viernes en el hito 45.<\/p>\n<p style=\"text-align: justify;\">Respecto al encuentro sostenido con la Agrupaci\u00f3n de Derechos Humanos de Coyhaique, el Subsecretario de Derechos Humanos, Xavier Altamirano Molina indic\u00f3 que \u201cha sido una agenda muy interesante y de contacto con la gente de la regi\u00f3n, sostuve una reuni\u00f3n con la Agrupaci\u00f3n de Derechos Humanos de Coyhaique, un intercambio que para nosotros es muy importante, no solo porque estamos desarrollando un conjunto de pol\u00edticas en materia de reparaci\u00f3n, sino que tambi\u00e9n para saber c\u00f3mo est\u00e1n evaluando el programa PRAIS (Programa de Reparaci\u00f3n y Atenci\u00f3n Integral en Salud), si tienen algunas dudas respecto al Plan Nacional de B\u00fasqueda, es decir intercambiar informaci\u00f3n en temas que nosotros consideramos que son muy relevantes para ellos y para Chile\u201d.<\/p>\n<p style=\"text-align: justify;\">A su vez, la Presidenta de la Agrupaci\u00f3n de Derechos Humanos de Coyhaique, Mar\u00eda Erita Vera se refiri\u00f3 a dicho encuentro se\u00f1alando que \u201cfue muy interesante la reuni\u00f3n con el Subsecretario, ya que pudimos hablar sobre el Sitio de Memoria y tambi\u00e9n sobre el Plan Nacional de B\u00fasqueda, ahora respecto al sitio de memoria nos interesaba el tema de un protocolo que se est\u00e1 creando para poder visitar de manera m\u00e1s expedita dicho recinto, y con respecto al plan de B\u00fasqueda, la forma en que vamos a encausar la informaci\u00f3n que llegue y c\u00f3mo podemos trabajar para avanzar en eso\u201d.<\/p>\n<p style=\"text-align: justify;\">En tanto, la Ministra de las Culturas, las Artes y el Patrimonio, Carolina Arredondo Marz\u00e1n qui\u00e9n tambi\u00e9n particip\u00f3 de este encuentro se\u00f1al\u00f3 que \u201chemos compartido con las familias, y con quienes componen las Agrupaciones de Detenidos Desaparecidos y de Derechos Humanos en la regi\u00f3n, y esperamos que las acciones desarrolladas sean un primer paso de reparaci\u00f3n, pero por sobre todo este ha sido un a\u00f1o de memoria, de memoria como un primer paso para poder establecer la democracia y el futuro que queremos\u201d.<\/p>\n<p style=\"text-align: justify;\">Por su parte, el Seremi de Justicia y Derechos Humanos Samuel Navarro Castro indic\u00f3 que \u201cfue una reuni\u00f3n bastante franca, bastante fruct\u00edfera donde los representantes de la Agrupaci\u00f3n pudieron hacerle llegar en forma personal y directa al Subsecretario sus aprehensiones, sus dudas y sus inquietudes en materia de Verdad, Justicia y garant\u00edas de no repetici\u00f3n, el subsecretario fue bastante transparente en hacerles notar en que est\u00e1 el Plan Nacional de B\u00fasqueda, Verdad y Justicia, las acciones que se est\u00e1n tomando en los distintos \u00e1mbitos para la reparaci\u00f3n integral para las v\u00edctimas de violaciones a los derechos humanos, y en ese sentido que las inquietudes y la puesta en pr\u00e1ctica del Plan Nacional de B\u00fasqueda se canalice a trav\u00e9s del Seremi de Justicia y Derechos Humanos\u201d.<\/p>\n<p style=\"text-align: justify;\"><strong>Actividades conmemorativas 50 a\u00f1os del Golpe C\u00edvico- Militar<\/strong><\/p>\n<p style=\"text-align: justify;\">Recordar que en el marco de las actividades conmemorativas de los 50 a\u00f1os del Golpe C\u00edvico- Militar, el pasado viernes 27 de octubre en el hito 45 sector fronterizo Chile\/Argentina, y con la presencia de familiares y autoridades regionales y nacionales, se llev\u00f3 a cabo una emotiva ceremonia en que se descubri\u00f3 una placa conmemorativa en recuerdo de tres detenidos desaparecidos del caso Coyhaique, Juan Vera Oyarz\u00fan, N\u00e9stor Castillo Sep\u00falveda y Rosendo P\u00e9rez R\u00edos, al cumplirse 50 a\u00f1os desde su desaparici\u00f3n forzada, por una comitiva militar y de carabineros, que los trajo desde la localidad de R\u00edo Mayo, Argentina.<\/p>\n<p style=\"text-align: justify;\">Posteriormente, en el control fronterizo de Coyhaique Alto, familiares y autoridades plantaron de manera simb\u00f3lica \u00e1rboles de \u00f1ire en recuerdo de los detenidos desaparecidos, instancia denominada \u201c\u00c1rboles por la Memoria, plantar memoria y cosechar futuro\u201d, actividad organizada por la Seremi de Agricultura.<\/p>\n<p style=\"text-align: justify;\"><strong>\u00a0<\/strong><\/p>\n<\/div><\/section><\/div><div  style='height:50px' class='hr hr-invisible   avia-builder-el-6  el_after_av_one_full  el_before_av_social_share '><span class='hr-inner ' ><span class='hr-inner-style'><\/span><\/span><\/div><\/p>\n<div  class='av-social-sharing-box  avia-builder-el-7  el_after_av_hr  el_before_av_hr  '><div class='av-share-box'><h5 class='av-share-link-description av-no-toc '>Compartir esta noticia<\/h5><ul class='av-share-box-list noLightbox'><li class='av-share-link av-social-link-facebook' ><a target=\"_blank\" aria-label=\"Compartir en Facebook\" href='https:\/\/www.facebook.com\/sharer.php?u=https:\/\/radiorevelacionfm.cl\/?p=36428&#038;t=En%20su%20visita%20a%20la%20regi%C3%B3n%20Subsecretario%20de%20Derechos%20Humanos%20se%20reuni%C3%B3%20con%20Agrupaciones%20de%20Coyhaique' aria-hidden='false' data-av_icon='\ue8f3' data-av_iconfont='entypo-fontello' title='' data-avia-related-tooltip='Compartir en Facebook' rel=\"noopener\"><span class='avia_hidden_link_text'>Compartir en Facebook<\/span><\/a><\/li><li class='av-share-link av-social-link-twitter' ><a target=\"_blank\" aria-label=\"Compartir en Twitter\" href='https:\/\/twitter.com\/share?text=En%20su%20visita%20a%20la%20regi%C3%B3n%20Subsecretario%20de%20Derechos%20Humanos%20se%20reuni%C3%B3%20con%20Agrupaciones%20de%20Coyhaique&#038;url=https:\/\/radiorevelacionfm.cl\/?p=36428' aria-hidden='false' data-av_icon='\ue8f1' data-av_iconfont='entypo-fontello' title='' data-avia-related-tooltip='Compartir en Twitter' rel=\"noopener\"><span class='avia_hidden_link_text'>Compartir en Twitter<\/span><\/a><\/li><li class='av-share-link av-social-link-whatsapp' ><a target=\"_blank\" aria-label=\"Compartir en Whatsapp\" href='https:\/\/api.whatsapp.com\/send?text=https:\/\/radiorevelacionfm.cl\/?p=36428' aria-hidden='false' data-av_icon='\uf232' data-av_iconfont='entypo-fontello' title='' data-avia-related-tooltip='Compartir en Whatsapp' rel=\"noopener\"><span class='avia_hidden_link_text'>Compartir en Whatsapp<\/span><\/a><\/li><li class='av-share-link av-social-link-linkedin' ><a target=\"_blank\" aria-label=\"Compartir en LinkedIn\" href='https:\/\/linkedin.com\/shareArticle?mini=true&#038;title=En%20su%20visita%20a%20la%20regi%C3%B3n%20Subsecretario%20de%20Derechos%20Humanos%20se%20reuni%C3%B3%20con%20Agrupaciones%20de%20Coyhaique&#038;url=https:\/\/radiorevelacionfm.cl\/?p=36428' aria-hidden='false' data-av_icon='\ue8fc' data-av_iconfont='entypo-fontello' title='' data-avia-related-tooltip='Compartir en LinkedIn' rel=\"noopener\"><span class='avia_hidden_link_text'>Compartir en LinkedIn<\/span><\/a><\/li><li class='av-share-link av-social-link-mail' ><a  aria-label=\"Compartir por correo\" href='mailto:?subject=En%20su%20visita%20a%20la%20regi%C3%B3n%20Subsecretario%20de%20Derechos%20Humanos%20se%20reuni%C3%B3%20con%20Agrupaciones%20de%20Coyhaique&#038;body=https:\/\/radiorevelacionfm.cl\/?p=36428' aria-hidden='false' data-av_icon='\ue805' data-av_iconfont='entypo-fontello' title='' data-avia-related-tooltip='Compartir por correo'><span class='avia_hidden_link_text'>Compartir por correo<\/span><\/a><\/li><\/ul><\/div><\/div>\n<div  style='height:50px' class='hr hr-invisible   avia-builder-el-8  el_after_av_social_share  el_before_av_comments_list '><span class='hr-inner ' ><span class='hr-inner-style'><\/span><\/span><\/div>\n<div  class='av-buildercomment  av-blog-meta-html-info-disabled av-blog-meta-tag-disabled  '><\/div>\n","protected":false},"excerpt":{"rendered":"","protected":false},"author":1,"featured_media":36429,"comment_status":"open","ping_status":"open","sticky":false,"template":"","format":"standard","meta":{"footnotes":""},"categories":[55],"tags":[],"class_list":["post-36428","post","type-post","status-publish","format-standard","has-post-thumbnail","hentry","category-justicia"],"jetpack_featured_media_url":"https:\/\/radiorevelacionfm.cl\/wp-content\/uploads\/2023\/10\/reunion-1-1-1-1.jpg","_links":{"self":[{"href":"https:\/\/radiorevelacionfm.cl\/index.php?rest_route=\/wp\/v2\/posts\/36428","targetHints":{"allow":["GET"]}}],"collection":[{"href":"https:\/\/radiorevelacionfm.cl\/index.php?rest_route=\/wp\/v2\/posts"}],"about":[{"href":"https:\/\/radiorevelacionfm.cl\/index.php?rest_route=\/wp\/v2\/types\/post"}],"author":[{"embeddable":true,"href":"https:\/\/radiorevelacionfm.cl\/index.php?rest_route=\/wp\/v2\/users\/1"}],"replies":[{"embeddable":true,"href":"https:\/\/radiorevelacionfm.cl\/index.php?rest_route=%2Fwp%2Fv2%2Fcomments&post=36428"}],"version-history":[{"count":1,"href":"https:\/\/radiorevelacionfm.cl\/index.php?rest_route=\/wp\/v2\/posts\/36428\/revisions"}],"predecessor-version":[{"id":36430,"href":"https:\/\/radiorevelacionfm.cl\/index.php?rest_route=\/wp\/v2\/posts\/36428\/revisions\/36430"}],"wp:featuredmedia":[{"embeddable":true,"href":"https:\/\/radiorevelacionfm.cl\/index.php?rest_route=\/wp\/v2\/media\/36429"}],"wp:attachment":[{"href":"https:\/\/radiorevelacionfm.cl\/index.php?rest_route=%2Fwp%2Fv2%2Fmedia&parent=36428"}],"wp:term":[{"taxonomy":"category","embeddable":true,"href":"https:\/\/radiorevelacionfm.cl\/index.php?rest_route=%2Fwp%2Fv2%2Fcategories&post=36428"},{"taxonomy":"post_tag","embeddable":true,"href":"https:\/\/radiorevelacionfm.cl\/index.php?rest_route=%2Fwp%2Fv2%2Ftags&post=36428"}],"curies":[{"name":"wp","href":"https:\/\/api.w.org\/{rel}","templated":true}]}}