{"id":36424,"date":"2023-10-31T14:47:14","date_gmt":"2023-10-31T17:47:14","guid":{"rendered":"https:\/\/radiorevelacionfm.cl\/?p=36424"},"modified":"2023-10-31T14:47:14","modified_gmt":"2023-10-31T17:47:14","slug":"en-prision-preventiva-e-internacion-provisoria-quedaron-3-imputados-por-tenencia-de-armas-prohibidas","status":"publish","type":"post","link":"https:\/\/radiorevelacionfm.cl\/?p=36424","title":{"rendered":"En prisi\u00f3n preventiva e internaci\u00f3n provisoria quedaron 3 imputados por tenencia de armas prohibidas"},"content":{"rendered":"<div class=\"flex_column av_one_full  flex_column_div av-zero-column-padding first  avia-builder-el-0  el_before_av_one_full  avia-builder-el-first  \" style='border-radius:0px; '><div  class='avia-image-container  av-styling-    avia-builder-el-1  avia-builder-el-no-sibling  avia-align-center '  itemprop=\"image\" itemscope=\"itemscope\" itemtype=\"https:\/\/schema.org\/ImageObject\"  ><div class='avia-image-container-inner'><div class='avia-image-overlay-wrap'><img decoding=\"async\" class='wp-image-36425 avia-img-lazy-loading-not-36425 avia_image' src=\"https:\/\/radiorevelacionfm.cl\/wp-content\/uploads\/2023\/10\/fiscalia_2023-1_optimized.jpg\" alt='' title='fiscalia_2023-(1)_optimized' height=\"600\" width=\"1069\"  itemprop=\"thumbnailUrl\" srcset=\"https:\/\/radiorevelacionfm.cl\/wp-content\/uploads\/2023\/10\/fiscalia_2023-1_optimized.jpg 1069w, https:\/\/radiorevelacionfm.cl\/wp-content\/uploads\/2023\/10\/fiscalia_2023-1_optimized-300x168.jpg 300w, https:\/\/radiorevelacionfm.cl\/wp-content\/uploads\/2023\/10\/fiscalia_2023-1_optimized-1030x578.jpg 1030w, https:\/\/radiorevelacionfm.cl\/wp-content\/uploads\/2023\/10\/fiscalia_2023-1_optimized-768x431.jpg 768w, https:\/\/radiorevelacionfm.cl\/wp-content\/uploads\/2023\/10\/fiscalia_2023-1_optimized-705x396.jpg 705w, https:\/\/radiorevelacionfm.cl\/wp-content\/uploads\/2023\/10\/fiscalia_2023-1_optimized-450x253.jpg 450w, https:\/\/radiorevelacionfm.cl\/wp-content\/uploads\/2023\/10\/fiscalia_2023-1_optimized-600x337.jpg 600w\" sizes=\"(max-width: 1069px) 100vw, 1069px\" \/><\/div><\/div><\/div><\/div><div class=\"flex_column av_one_full  flex_column_div av-zero-column-padding first  avia-builder-el-2  el_after_av_one_full  el_before_av_one_full  column-top-margin\" style='border-radius:0px; '><section class=\"av_textblock_section \"  itemscope=\"itemscope\" itemtype=\"https:\/\/schema.org\/BlogPosting\" itemprop=\"blogPost\" ><div class='avia_textblock  '   itemprop=\"text\" ><p style=\"text-align: center;\"><strong><span style=\"font-size: 18pt;\">En prisi\u00f3n preventiva e internaci\u00f3n provisoria quedaron 3 imputados por tenencia de armas prohibidas<\/span><\/strong><\/p>\n<div id=\"gtx-trans\" style=\"position: absolute; left: -50px; top: 4.31534px;\">\n<div class=\"gtx-trans-icon\"><\/div>\n<\/div>\n<\/div><\/section><\/div><div class=\"flex_column av_one_full  flex_column_div av-zero-column-padding first  avia-builder-el-4  el_after_av_one_full  el_before_av_hr  column-top-margin\" style='border-radius:0px; '><section class=\"av_textblock_section \"  itemscope=\"itemscope\" itemtype=\"https:\/\/schema.org\/BlogPosting\" itemprop=\"blogPost\" ><div class='avia_textblock  '   itemprop=\"text\" ><p style=\"font-weight: 400; text-align: justify;\">La Fiscal\u00eda Local de Coyhaique obtuvo la medida cautelar de prisi\u00f3n preventiva e internaci\u00f3n provisoria para tres imputados de 17, 19 y 20 a\u00f1os, por el delito de tenencia de armas prohibidas, luego que fueran detenidos por Carabineros de la Primera Comisar\u00eda en el parque Las Lumas.<\/p>\n<p style=\"font-weight: 400; text-align: justify;\">En el lugar, se registr\u00f3 la madrugada del pasado mi\u00e9rcoles una ri\u00f1a entre diversos sujetos que se lanzaron objetos contundentes y al llegar personal policial, logr\u00f3 la detenci\u00f3n de los imputados quienes se hab\u00edan escondido en un canal aleda\u00f1o. Los dem\u00e1s involucrados se dieron a la fuga.<\/p>\n<p style=\"font-weight: 400; text-align: justify;\">En este procedimiento, Carabineros decomis\u00f3 una bolsa y una mochila con elementos incendiarios, cuatro botellas tipo bombas molotov y una escopeta hechiza con un cartucho calibre 12 mm, que no hab\u00eda sido percutado, una pistola a fogueo, armas blancas, pasamonta\u00f1as y guantes.<\/p>\n<p style=\"font-weight: 400; text-align: justify;\">FORMALIZACI\u00d3N<\/p>\n<p style=\"font-weight: 400; text-align: justify;\">Seg\u00fan explic\u00f3 el fiscal jefe de Coyhaique, Jos\u00e9 Moris, \u201cse formaliz\u00f3 en el Juzgado de Garant\u00eda de Coyhaique a tres imputados, dos adultos y un menor de edad por tenencia de armas prohibidas ya que fueron encontrados en posesi\u00f3n de cuatro bombas molotov y una escopeta artesanal\u201d, entre otros elementos.<\/p>\n<p style=\"font-weight: 400; text-align: justify;\">El fiscal del Ministerio P\u00fablico agreg\u00f3 que \u201cproducto de la gravedad de las penas asignadas a ambos delitos, como asimismo porque de los tres imputados, los adultos tienen un vasto prontuario, se solicit\u00f3 la prisi\u00f3n preventiva para los adultos y la internaci\u00f3n provisoria para el adolescente, concedi\u00e9ndola el Tribunal por estimar que la libertad de los imputados es peligrosa para la seguridad de la sociedad\u201d.<\/p>\n<p style=\"font-weight: 400; text-align: justify;\">En este caso, las diligencias investigativas fueron solicitadas por la Fiscal\u00eda a Carabineros de la Primera Comisar\u00eda, SIP y el Laboratorio de Criminal\u00edstica, Labocar. El plazo para el t\u00e9rmino de las diligencias es de 60 d\u00edas.<\/p>\n<\/div><\/section><\/div><div  style='height:50px' class='hr hr-invisible   avia-builder-el-6  el_after_av_one_full  el_before_av_social_share '><span class='hr-inner ' ><span class='hr-inner-style'><\/span><\/span><\/div><\/p>\n<div  class='av-social-sharing-box  avia-builder-el-7  el_after_av_hr  el_before_av_hr  '><div class='av-share-box'><h5 class='av-share-link-description av-no-toc '>Compartir esta noticia<\/h5><ul class='av-share-box-list noLightbox'><li class='av-share-link av-social-link-facebook' ><a target=\"_blank\" aria-label=\"Compartir en Facebook\" href='https:\/\/www.facebook.com\/sharer.php?u=https:\/\/radiorevelacionfm.cl\/?p=36424&#038;t=En%20prisi%C3%B3n%20preventiva%20e%20internaci%C3%B3n%20provisoria%20quedaron%203%20imputados%20por%20tenencia%20de%20armas%20prohibidas' aria-hidden='false' data-av_icon='\ue8f3' data-av_iconfont='entypo-fontello' title='' data-avia-related-tooltip='Compartir en Facebook' rel=\"noopener\"><span class='avia_hidden_link_text'>Compartir en Facebook<\/span><\/a><\/li><li class='av-share-link av-social-link-twitter' ><a target=\"_blank\" aria-label=\"Compartir en Twitter\" href='https:\/\/twitter.com\/share?text=En%20prisi%C3%B3n%20preventiva%20e%20internaci%C3%B3n%20provisoria%20quedaron%203%20imputados%20por%20tenencia%20de%20armas%20prohibidas&#038;url=https:\/\/radiorevelacionfm.cl\/?p=36424' aria-hidden='false' data-av_icon='\ue8f1' data-av_iconfont='entypo-fontello' title='' data-avia-related-tooltip='Compartir en Twitter' rel=\"noopener\"><span class='avia_hidden_link_text'>Compartir en Twitter<\/span><\/a><\/li><li class='av-share-link av-social-link-whatsapp' ><a target=\"_blank\" aria-label=\"Compartir en Whatsapp\" href='https:\/\/api.whatsapp.com\/send?text=https:\/\/radiorevelacionfm.cl\/?p=36424' aria-hidden='false' data-av_icon='\uf232' data-av_iconfont='entypo-fontello' title='' data-avia-related-tooltip='Compartir en Whatsapp' rel=\"noopener\"><span class='avia_hidden_link_text'>Compartir en Whatsapp<\/span><\/a><\/li><li class='av-share-link av-social-link-linkedin' ><a target=\"_blank\" aria-label=\"Compartir en LinkedIn\" href='https:\/\/linkedin.com\/shareArticle?mini=true&#038;title=En%20prisi%C3%B3n%20preventiva%20e%20internaci%C3%B3n%20provisoria%20quedaron%203%20imputados%20por%20tenencia%20de%20armas%20prohibidas&#038;url=https:\/\/radiorevelacionfm.cl\/?p=36424' aria-hidden='false' data-av_icon='\ue8fc' data-av_iconfont='entypo-fontello' title='' data-avia-related-tooltip='Compartir en LinkedIn' rel=\"noopener\"><span class='avia_hidden_link_text'>Compartir en LinkedIn<\/span><\/a><\/li><li class='av-share-link av-social-link-mail' ><a  aria-label=\"Compartir por correo\" href='mailto:?subject=En%20prisi%C3%B3n%20preventiva%20e%20internaci%C3%B3n%20provisoria%20quedaron%203%20imputados%20por%20tenencia%20de%20armas%20prohibidas&#038;body=https:\/\/radiorevelacionfm.cl\/?p=36424' aria-hidden='false' data-av_icon='\ue805' data-av_iconfont='entypo-fontello' title='' data-avia-related-tooltip='Compartir por correo'><span class='avia_hidden_link_text'>Compartir por correo<\/span><\/a><\/li><\/ul><\/div><\/div>\n<div  style='height:50px' class='hr hr-invisible   avia-builder-el-8  el_after_av_social_share  el_before_av_comments_list '><span class='hr-inner ' ><span class='hr-inner-style'><\/span><\/span><\/div>\n<div  class='av-buildercomment  av-blog-meta-html-info-disabled av-blog-meta-tag-disabled  '><\/div>\n","protected":false},"excerpt":{"rendered":"","protected":false},"author":1,"featured_media":36425,"comment_status":"open","ping_status":"open","sticky":false,"template":"","format":"standard","meta":{"footnotes":""},"categories":[55],"tags":[],"class_list":["post-36424","post","type-post","status-publish","format-standard","has-post-thumbnail","hentry","category-justicia"],"jetpack_featured_media_url":"https:\/\/radiorevelacionfm.cl\/wp-content\/uploads\/2023\/10\/fiscalia_2023-1_optimized.jpg","_links":{"self":[{"href":"https:\/\/radiorevelacionfm.cl\/index.php?rest_route=\/wp\/v2\/posts\/36424","targetHints":{"allow":["GET"]}}],"collection":[{"href":"https:\/\/radiorevelacionfm.cl\/index.php?rest_route=\/wp\/v2\/posts"}],"about":[{"href":"https:\/\/radiorevelacionfm.cl\/index.php?rest_route=\/wp\/v2\/types\/post"}],"author":[{"embeddable":true,"href":"https:\/\/radiorevelacionfm.cl\/index.php?rest_route=\/wp\/v2\/users\/1"}],"replies":[{"embeddable":true,"href":"https:\/\/radiorevelacionfm.cl\/index.php?rest_route=%2Fwp%2Fv2%2Fcomments&post=36424"}],"version-history":[{"count":1,"href":"https:\/\/radiorevelacionfm.cl\/index.php?rest_route=\/wp\/v2\/posts\/36424\/revisions"}],"predecessor-version":[{"id":36426,"href":"https:\/\/radiorevelacionfm.cl\/index.php?rest_route=\/wp\/v2\/posts\/36424\/revisions\/36426"}],"wp:featuredmedia":[{"embeddable":true,"href":"https:\/\/radiorevelacionfm.cl\/index.php?rest_route=\/wp\/v2\/media\/36425"}],"wp:attachment":[{"href":"https:\/\/radiorevelacionfm.cl\/index.php?rest_route=%2Fwp%2Fv2%2Fmedia&parent=36424"}],"wp:term":[{"taxonomy":"category","embeddable":true,"href":"https:\/\/radiorevelacionfm.cl\/index.php?rest_route=%2Fwp%2Fv2%2Fcategories&post=36424"},{"taxonomy":"post_tag","embeddable":true,"href":"https:\/\/radiorevelacionfm.cl\/index.php?rest_route=%2Fwp%2Fv2%2Ftags&post=36424"}],"curies":[{"name":"wp","href":"https:\/\/api.w.org\/{rel}","templated":true}]}}