{"id":36421,"date":"2023-10-31T20:06:55","date_gmt":"2023-10-31T23:06:55","guid":{"rendered":"https:\/\/radiorevelacionfm.cl\/?p=36421"},"modified":"2023-10-31T20:06:55","modified_gmt":"2023-10-31T23:06:55","slug":"diputado-calisto-valora-aumento-de-dotacion-para-fonasa-establecido-en-la-ley-de-presupuesto-2024","status":"publish","type":"post","link":"https:\/\/radiorevelacionfm.cl\/?p=36421","title":{"rendered":"Diputado Calisto valora aumento de dotaci\u00f3n para Fonasa establecido en la ley de presupuesto 2024"},"content":{"rendered":"<div class=\"flex_column av_one_full  flex_column_div av-zero-column-padding first  avia-builder-el-0  el_before_av_one_full  avia-builder-el-first  \" style='border-radius:0px; '><div  class='avia-image-container  av-styling-    avia-builder-el-1  avia-builder-el-no-sibling  avia-align-center '  itemprop=\"image\" itemscope=\"itemscope\" itemtype=\"https:\/\/schema.org\/ImageObject\"  ><div class='avia-image-container-inner'><div class='avia-image-overlay-wrap'><img decoding=\"async\" class='wp-image-36422 avia-img-lazy-loading-not-36422 avia_image' src=\"https:\/\/radiorevelacionfm.cl\/wp-content\/uploads\/2023\/10\/FOTO-CALISTO-FONASA-1-1.jpeg\" alt='' title='FOTO CALISTO FONASA (1) (1)' height=\"600\" width=\"1045\"  itemprop=\"thumbnailUrl\" srcset=\"https:\/\/radiorevelacionfm.cl\/wp-content\/uploads\/2023\/10\/FOTO-CALISTO-FONASA-1-1.jpeg 1045w, https:\/\/radiorevelacionfm.cl\/wp-content\/uploads\/2023\/10\/FOTO-CALISTO-FONASA-1-1-300x172.jpeg 300w, https:\/\/radiorevelacionfm.cl\/wp-content\/uploads\/2023\/10\/FOTO-CALISTO-FONASA-1-1-1030x591.jpeg 1030w, https:\/\/radiorevelacionfm.cl\/wp-content\/uploads\/2023\/10\/FOTO-CALISTO-FONASA-1-1-768x441.jpeg 768w, https:\/\/radiorevelacionfm.cl\/wp-content\/uploads\/2023\/10\/FOTO-CALISTO-FONASA-1-1-705x405.jpeg 705w, https:\/\/radiorevelacionfm.cl\/wp-content\/uploads\/2023\/10\/FOTO-CALISTO-FONASA-1-1-450x258.jpeg 450w, https:\/\/radiorevelacionfm.cl\/wp-content\/uploads\/2023\/10\/FOTO-CALISTO-FONASA-1-1-600x344.jpeg 600w\" sizes=\"(max-width: 1045px) 100vw, 1045px\" \/><\/div><\/div><\/div><\/div><div class=\"flex_column av_one_full  flex_column_div av-zero-column-padding first  avia-builder-el-2  el_after_av_one_full  el_before_av_one_full  column-top-margin\" style='border-radius:0px; '><section class=\"av_textblock_section \"  itemscope=\"itemscope\" itemtype=\"https:\/\/schema.org\/BlogPosting\" itemprop=\"blogPost\" ><div class='avia_textblock  '   itemprop=\"text\" ><p style=\"text-align: center;\"><span style=\"font-size: 18pt;\"><b><span lang=\"ES\">Diputado Calisto valora aumento de dotaci\u00f3n para Fonasa establecido en la ley de presupuesto 2024<\/span><\/b><\/span><\/p>\n<div id=\"gtx-trans\" style=\"position: absolute; left: -50px; top: 4.31534px;\">\n<div class=\"gtx-trans-icon\"><\/div>\n<\/div>\n<\/div><\/section><\/div><div class=\"flex_column av_one_full  flex_column_div av-zero-column-padding first  avia-builder-el-4  el_after_av_one_full  el_before_av_hr  column-top-margin\" style='border-radius:0px; '><section class=\"av_textblock_section \"  itemscope=\"itemscope\" itemtype=\"https:\/\/schema.org\/BlogPosting\" itemprop=\"blogPost\" ><div class='avia_textblock  '   itemprop=\"text\" ><p style=\"font-weight: 400; text-align: justify;\">En el marco de una reuni\u00f3n que sostuvo con trabajadores y el Director Zonal Subrogante<strong>\u00a0<\/strong>de Fonasa<strong>, <\/strong>el diputado Miguel \u00c1ngel Calisto calific\u00f3 como una gran noticia la confirmaci\u00f3n en la ley de presupuesto 2024 de un aumento de la dotaci\u00f3n de funcionarios de esta instituci\u00f3n en la regi\u00f3n de Ays\u00e9n.<\/p>\n<p style=\"font-weight: 400; text-align: justify;\">El legislador envi\u00f3 a principios de septiembre un oficio solicitando el aumento del personal luego que los propios trabajadores le manifestaran la necesidad de fortalecer la atenci\u00f3n en las sucursales. Este lunes se reuni\u00f3 nuevamente con los trabajadores y con el Director Zonal Subrogante, Javier Castro.<\/p>\n<p style=\"font-weight: 400; text-align: justify;\">Seg\u00fan el legislador, \u201cquiero felicitar el trabajo que hace esta instituci\u00f3n. En nuestra regi\u00f3n cerca del 74% de la poblaci\u00f3n usa Fonasa, 82 mil usuarios. Por eso es tan importante la dotaci\u00f3n de personal. En septiembre solicitamos un aumento de la dotaci\u00f3n v\u00eda oficios y preliminarmente sabemos que en la ley de presupuesto 2024 se consideren dos funcionarios adicionales, uno para Coyhaique y el otro para Ays\u00e9n\u201d.<\/p>\n<p style=\"font-weight: 400; text-align: justify;\">\u201cLo importante es que tenemos que aumentar la dotaci\u00f3n, para que este sistema siga siendo eficiente como ha sido hasta el d\u00eda de hoy. Es importante que la comunidad se acerque a las oficinas de Fonasa, que conozca sus derechos y los beneficios que ofrece esta instituci\u00f3n, los que muchas veces son desconocidos\u201d, indic\u00f3.<\/p>\n<p style=\"font-weight: 400; text-align: justify;\">Javier Castro, Director Zonal Subrogante de Fonasa, asegur\u00f3 que \u201cvengo a la Regi\u00f3n en representaci\u00f3n del Director Nacional, para seguir trabajando junto al diputado, y para buscar estos dos funcionarios que requerimos para poder fortalecer la atenci\u00f3n en nuestra red de sucursales. Es fundamental tener una dotaci\u00f3n efectiva que permita reducir los tiempos de desplazamiento de la gente, que requiere una atenci\u00f3n de calidad. Esperamos el 2024 disponer de estos cargos para Ays\u00e9n y Coyhaique\u201d.<\/p>\n<p style=\"font-weight: 400; text-align: justify;\">Por su parte, Jorge P\u00e9rez, Jefe del Centro de Gesti\u00f3n Regional Ays\u00e9n de Fonasa, \u201cle agradecemos al diputado Calisto, quien se acerc\u00f3 a nosotros, \u00e9l est\u00e1 apoy\u00e1ndonos para tener una mayor dotaci\u00f3n y poder dar respuesta a la ciudadan\u00eda\u201d.<\/p>\n<p style=\"text-align: justify;\"><span style=\"font-weight: 400;\">Finalmente, el funcionario afirm\u00f3 que \u201ccon mayor dotaci\u00f3n podemos llegar a la gente con m\u00e1s informaci\u00f3n. Por ejemplo, actualmente tenemos el copago cero que se implement\u00f3 desde el a\u00f1o pasado, que permite que las personas no tengan que pagar en salud. Tambi\u00e9n tenemos el GES 30 d\u00edas, para que las personas puedan ejercer su derecho y buscar un segundo prestador, que Fonasa est\u00e1 facultado por ley a otorgarle al paciente\u201d.\u00a0<\/span><\/p>\n<\/div><\/section><\/div><div  style='height:50px' class='hr hr-invisible   avia-builder-el-6  el_after_av_one_full  el_before_av_social_share '><span class='hr-inner ' ><span class='hr-inner-style'><\/span><\/span><\/div><\/p>\n<div  class='av-social-sharing-box  avia-builder-el-7  el_after_av_hr  el_before_av_hr  '><div class='av-share-box'><h5 class='av-share-link-description av-no-toc '>Compartir esta noticia<\/h5><ul class='av-share-box-list noLightbox'><li class='av-share-link av-social-link-facebook' ><a target=\"_blank\" aria-label=\"Compartir en Facebook\" href='https:\/\/www.facebook.com\/sharer.php?u=https:\/\/radiorevelacionfm.cl\/?p=36421&#038;t=Diputado%20Calisto%20valora%20aumento%20de%20dotaci%C3%B3n%20para%20Fonasa%20establecido%20en%20la%20ley%20de%20presupuesto%202024' aria-hidden='false' data-av_icon='\ue8f3' data-av_iconfont='entypo-fontello' title='' data-avia-related-tooltip='Compartir en Facebook' rel=\"noopener\"><span class='avia_hidden_link_text'>Compartir en Facebook<\/span><\/a><\/li><li class='av-share-link av-social-link-twitter' ><a target=\"_blank\" aria-label=\"Compartir en Twitter\" href='https:\/\/twitter.com\/share?text=Diputado%20Calisto%20valora%20aumento%20de%20dotaci%C3%B3n%20para%20Fonasa%20establecido%20en%20la%20ley%20de%20presupuesto%202024&#038;url=https:\/\/radiorevelacionfm.cl\/?p=36421' aria-hidden='false' data-av_icon='\ue8f1' data-av_iconfont='entypo-fontello' title='' data-avia-related-tooltip='Compartir en Twitter' rel=\"noopener\"><span class='avia_hidden_link_text'>Compartir en Twitter<\/span><\/a><\/li><li class='av-share-link av-social-link-whatsapp' ><a target=\"_blank\" aria-label=\"Compartir en Whatsapp\" href='https:\/\/api.whatsapp.com\/send?text=https:\/\/radiorevelacionfm.cl\/?p=36421' aria-hidden='false' data-av_icon='\uf232' data-av_iconfont='entypo-fontello' title='' data-avia-related-tooltip='Compartir en Whatsapp' rel=\"noopener\"><span class='avia_hidden_link_text'>Compartir en Whatsapp<\/span><\/a><\/li><li class='av-share-link av-social-link-linkedin' ><a target=\"_blank\" aria-label=\"Compartir en LinkedIn\" href='https:\/\/linkedin.com\/shareArticle?mini=true&#038;title=Diputado%20Calisto%20valora%20aumento%20de%20dotaci%C3%B3n%20para%20Fonasa%20establecido%20en%20la%20ley%20de%20presupuesto%202024&#038;url=https:\/\/radiorevelacionfm.cl\/?p=36421' aria-hidden='false' data-av_icon='\ue8fc' data-av_iconfont='entypo-fontello' title='' data-avia-related-tooltip='Compartir en LinkedIn' rel=\"noopener\"><span class='avia_hidden_link_text'>Compartir en LinkedIn<\/span><\/a><\/li><li class='av-share-link av-social-link-mail' ><a  aria-label=\"Compartir por correo\" href='mailto:?subject=Diputado%20Calisto%20valora%20aumento%20de%20dotaci%C3%B3n%20para%20Fonasa%20establecido%20en%20la%20ley%20de%20presupuesto%202024&#038;body=https:\/\/radiorevelacionfm.cl\/?p=36421' aria-hidden='false' data-av_icon='\ue805' data-av_iconfont='entypo-fontello' title='' data-avia-related-tooltip='Compartir por correo'><span class='avia_hidden_link_text'>Compartir por correo<\/span><\/a><\/li><\/ul><\/div><\/div>\n<div  style='height:50px' class='hr hr-invisible   avia-builder-el-8  el_after_av_social_share  el_before_av_comments_list '><span class='hr-inner ' ><span class='hr-inner-style'><\/span><\/span><\/div>\n<div  class='av-buildercomment  av-blog-meta-html-info-disabled av-blog-meta-tag-disabled  '><\/div>\n","protected":false},"excerpt":{"rendered":"","protected":false},"author":1,"featured_media":36422,"comment_status":"open","ping_status":"open","sticky":false,"template":"","format":"standard","meta":{"footnotes":""},"categories":[35],"tags":[],"class_list":["post-36421","post","type-post","status-publish","format-standard","has-post-thumbnail","hentry","category-politica"],"jetpack_featured_media_url":"https:\/\/radiorevelacionfm.cl\/wp-content\/uploads\/2023\/10\/FOTO-CALISTO-FONASA-1-1.jpeg","_links":{"self":[{"href":"https:\/\/radiorevelacionfm.cl\/index.php?rest_route=\/wp\/v2\/posts\/36421","targetHints":{"allow":["GET"]}}],"collection":[{"href":"https:\/\/radiorevelacionfm.cl\/index.php?rest_route=\/wp\/v2\/posts"}],"about":[{"href":"https:\/\/radiorevelacionfm.cl\/index.php?rest_route=\/wp\/v2\/types\/post"}],"author":[{"embeddable":true,"href":"https:\/\/radiorevelacionfm.cl\/index.php?rest_route=\/wp\/v2\/users\/1"}],"replies":[{"embeddable":true,"href":"https:\/\/radiorevelacionfm.cl\/index.php?rest_route=%2Fwp%2Fv2%2Fcomments&post=36421"}],"version-history":[{"count":1,"href":"https:\/\/radiorevelacionfm.cl\/index.php?rest_route=\/wp\/v2\/posts\/36421\/revisions"}],"predecessor-version":[{"id":36423,"href":"https:\/\/radiorevelacionfm.cl\/index.php?rest_route=\/wp\/v2\/posts\/36421\/revisions\/36423"}],"wp:featuredmedia":[{"embeddable":true,"href":"https:\/\/radiorevelacionfm.cl\/index.php?rest_route=\/wp\/v2\/media\/36422"}],"wp:attachment":[{"href":"https:\/\/radiorevelacionfm.cl\/index.php?rest_route=%2Fwp%2Fv2%2Fmedia&parent=36421"}],"wp:term":[{"taxonomy":"category","embeddable":true,"href":"https:\/\/radiorevelacionfm.cl\/index.php?rest_route=%2Fwp%2Fv2%2Fcategories&post=36421"},{"taxonomy":"post_tag","embeddable":true,"href":"https:\/\/radiorevelacionfm.cl\/index.php?rest_route=%2Fwp%2Fv2%2Ftags&post=36421"}],"curies":[{"name":"wp","href":"https:\/\/api.w.org\/{rel}","templated":true}]}}