{"id":36417,"date":"2023-10-31T20:01:22","date_gmt":"2023-10-31T23:01:22","guid":{"rendered":"https:\/\/radiorevelacionfm.cl\/?p=36417"},"modified":"2023-10-31T20:24:03","modified_gmt":"2023-10-31T23:24:03","slug":"organizan-encuentro-para-tejer-redes-en-la-patagonia-en-torno-a-las-turberas","status":"publish","type":"post","link":"https:\/\/radiorevelacionfm.cl\/?p=36417","title":{"rendered":"Organizan encuentro para tejer redes en la Patagonia en torno a las turberas"},"content":{"rendered":"<div class=\"flex_column av_one_full  flex_column_div av-zero-column-padding first  avia-builder-el-0  el_before_av_one_full  avia-builder-el-first  \" style='border-radius:0px; '><div  class='avia-image-container  av-styling-    avia-builder-el-1  avia-builder-el-no-sibling  avia-align-center '  itemprop=\"image\" itemscope=\"itemscope\" itemtype=\"https:\/\/schema.org\/ImageObject\"  ><div class='avia-image-container-inner'><div class='avia-image-overlay-wrap'><img decoding=\"async\" class='wp-image-36452 avia-img-lazy-loading-not-36452 avia_image' src=\"https:\/\/radiorevelacionfm.cl\/wp-content\/uploads\/2023\/10\/turbera-1_optimized-1_optimized.jpg\" alt='' title='turbera-1_optimized-(1)_optimized' height=\"586\" width=\"976\"  itemprop=\"thumbnailUrl\" srcset=\"https:\/\/radiorevelacionfm.cl\/wp-content\/uploads\/2023\/10\/turbera-1_optimized-1_optimized.jpg 976w, https:\/\/radiorevelacionfm.cl\/wp-content\/uploads\/2023\/10\/turbera-1_optimized-1_optimized-300x180.jpg 300w, https:\/\/radiorevelacionfm.cl\/wp-content\/uploads\/2023\/10\/turbera-1_optimized-1_optimized-768x461.jpg 768w, https:\/\/radiorevelacionfm.cl\/wp-content\/uploads\/2023\/10\/turbera-1_optimized-1_optimized-705x423.jpg 705w, https:\/\/radiorevelacionfm.cl\/wp-content\/uploads\/2023\/10\/turbera-1_optimized-1_optimized-450x270.jpg 450w, https:\/\/radiorevelacionfm.cl\/wp-content\/uploads\/2023\/10\/turbera-1_optimized-1_optimized-600x360.jpg 600w\" sizes=\"(max-width: 976px) 100vw, 976px\" \/><\/div><\/div><\/div><\/div><div class=\"flex_column av_one_full  flex_column_div av-zero-column-padding first  avia-builder-el-2  el_after_av_one_full  el_before_av_one_full  column-top-margin\" style='border-radius:0px; '><section class=\"av_textblock_section \"  itemscope=\"itemscope\" itemtype=\"https:\/\/schema.org\/BlogPosting\" itemprop=\"blogPost\" ><div class='avia_textblock  '   itemprop=\"text\" ><p style=\"text-align: center;\"><strong><span style=\"font-size: 18pt;\">Organizan encuentro para tejer redes en la Patagonia en torno a las turberas<\/span><\/strong><\/p>\n<div id=\"gtx-trans\" style=\"position: absolute; left: -50px; top: 4.31534px;\">\n<div class=\"gtx-trans-icon\"><\/div>\n<\/div>\n<\/div><\/section><\/div><\/p>\n<div class=\"flex_column av_one_full  flex_column_div av-zero-column-padding first  avia-builder-el-4  el_after_av_one_full  el_before_av_hr  column-top-margin\" style='border-radius:0px; '><section class=\"av_textblock_section \"  itemscope=\"itemscope\" itemtype=\"https:\/\/schema.org\/BlogPosting\" itemprop=\"blogPost\" ><div class='avia_textblock  '   itemprop=\"text\" ><p style=\"text-align: justify;\">Fundaci\u00f3n MAPA, en colaboraci\u00f3n con la WCS Chile y la Red de Turberas de Chilo\u00e9, organiza el encuentro \u00abTejiendo redes en la Patagonia\u00bb, que se llevar\u00e1 a cabo el 7 de noviembre de 8.30 a 13 hrs en el Museo Regional de Ays\u00e9n en la ciudad de Coyhaique.<\/p>\n<p style=\"text-align: justify;\">El objetivo del encuentro es abrir el di\u00e1logo y ampliar la mirada a nivel interregional respecto a un tema tan trascendental como es la conservaci\u00f3n de las turberas. Las turberas son ecosistemas que almacenan grandes cantidades de agua y carbono, y desempe\u00f1an un papel fundamental en la regulaci\u00f3n del clima y la biodiversidad.<\/p>\n<p style=\"text-align: justify;\">El encuentro contar\u00e1 con la participaci\u00f3n de especialistas de Chile y Argentina, quienes abordar\u00e1n temas como la importancia de las turberas para la conservaci\u00f3n de la biodiversidad, el cambio clim\u00e1tico y la escasez h\u00eddrica.<\/p>\n<p style=\"text-align: justify;\">\u00abLas turberas son ecosistemas \u00fanicos y vulnerables que necesitan de nuestra protecci\u00f3n\u00bb, dijo Alejandra Marambio de Fundaci\u00f3n MAPA. \u00abEste encuentro es una oportunidad para que los actores de la regi\u00f3n se re\u00fanan y trabajen juntos para conservar este patrimonio natural\u00bb.<\/p>\n<p style=\"text-align: justify;\">El evento es gratuito y abierto a todo p\u00fablico y contar\u00e1 con las ponencias de Carlos Mendoza, director ejecutivo de la Fundaci\u00f3n Kreen. Fernando Oliveras, directora ejecutiva de la Fundaci\u00f3n Hach Saye. Segundo Aquintuy y Hermes Veras, administradores por la conservaci\u00f3n de turberas de la Red de Turberas de Chilo\u00e9. Mar\u00eda Paz Mart\u00ednez, investigadora transferencista del INIA Tamel Aike. Brian Reid,\u00a0 investigador residente del Centro de Investigaci\u00f3n en Ecosistemas de la Patagonia, (CIEP) y Edwin Sandoval, presidente de la Corporaci\u00f3n Privada para el Desarrollo de Ays\u00e9n.<\/p>\n<\/div><\/section><\/div>\n<div  style='height:50px' class='hr hr-invisible   avia-builder-el-6  el_after_av_one_full  el_before_av_social_share '><span class='hr-inner ' ><span class='hr-inner-style'><\/span><\/span><\/div>\n<div  class='av-social-sharing-box  avia-builder-el-7  el_after_av_hr  el_before_av_hr  '><div class='av-share-box'><h5 class='av-share-link-description av-no-toc '>Compartir esta noticia<\/h5><ul class='av-share-box-list noLightbox'><li class='av-share-link av-social-link-facebook' ><a target=\"_blank\" aria-label=\"Compartir en Facebook\" href='https:\/\/www.facebook.com\/sharer.php?u=https:\/\/radiorevelacionfm.cl\/?p=36417&#038;t=Organizan%20encuentro%20para%20tejer%20redes%20en%20la%20Patagonia%20en%20torno%20a%20las%20turberas' aria-hidden='false' data-av_icon='\ue8f3' data-av_iconfont='entypo-fontello' title='' data-avia-related-tooltip='Compartir en Facebook' rel=\"noopener\"><span class='avia_hidden_link_text'>Compartir en Facebook<\/span><\/a><\/li><li class='av-share-link av-social-link-twitter' ><a target=\"_blank\" aria-label=\"Compartir en Twitter\" href='https:\/\/twitter.com\/share?text=Organizan%20encuentro%20para%20tejer%20redes%20en%20la%20Patagonia%20en%20torno%20a%20las%20turberas&#038;url=https:\/\/radiorevelacionfm.cl\/?p=36417' aria-hidden='false' data-av_icon='\ue8f1' data-av_iconfont='entypo-fontello' title='' data-avia-related-tooltip='Compartir en Twitter' rel=\"noopener\"><span class='avia_hidden_link_text'>Compartir en Twitter<\/span><\/a><\/li><li class='av-share-link av-social-link-whatsapp' ><a target=\"_blank\" aria-label=\"Compartir en Whatsapp\" href='https:\/\/api.whatsapp.com\/send?text=https:\/\/radiorevelacionfm.cl\/?p=36417' aria-hidden='false' data-av_icon='\uf232' data-av_iconfont='entypo-fontello' title='' data-avia-related-tooltip='Compartir en Whatsapp' rel=\"noopener\"><span class='avia_hidden_link_text'>Compartir en Whatsapp<\/span><\/a><\/li><li class='av-share-link av-social-link-linkedin' ><a target=\"_blank\" aria-label=\"Compartir en LinkedIn\" href='https:\/\/linkedin.com\/shareArticle?mini=true&#038;title=Organizan%20encuentro%20para%20tejer%20redes%20en%20la%20Patagonia%20en%20torno%20a%20las%20turberas&#038;url=https:\/\/radiorevelacionfm.cl\/?p=36417' aria-hidden='false' data-av_icon='\ue8fc' data-av_iconfont='entypo-fontello' title='' data-avia-related-tooltip='Compartir en LinkedIn' rel=\"noopener\"><span class='avia_hidden_link_text'>Compartir en LinkedIn<\/span><\/a><\/li><li class='av-share-link av-social-link-mail' ><a  aria-label=\"Compartir por correo\" href='mailto:?subject=Organizan%20encuentro%20para%20tejer%20redes%20en%20la%20Patagonia%20en%20torno%20a%20las%20turberas&#038;body=https:\/\/radiorevelacionfm.cl\/?p=36417' aria-hidden='false' data-av_icon='\ue805' data-av_iconfont='entypo-fontello' title='' data-avia-related-tooltip='Compartir por correo'><span class='avia_hidden_link_text'>Compartir por correo<\/span><\/a><\/li><\/ul><\/div><\/div>\n<div  style='height:50px' class='hr hr-invisible   avia-builder-el-8  el_after_av_social_share  el_before_av_comments_list '><span class='hr-inner ' ><span class='hr-inner-style'><\/span><\/span><\/div>\n<div  class='av-buildercomment  av-blog-meta-html-info-disabled av-blog-meta-tag-disabled  '><\/div>\n","protected":false},"excerpt":{"rendered":"","protected":false},"author":1,"featured_media":36452,"comment_status":"open","ping_status":"open","sticky":false,"template":"","format":"standard","meta":{"footnotes":""},"categories":[38],"tags":[],"class_list":["post-36417","post","type-post","status-publish","format-standard","has-post-thumbnail","hentry","category-regional"],"jetpack_featured_media_url":"https:\/\/radiorevelacionfm.cl\/wp-content\/uploads\/2023\/10\/turbera-1_optimized-1_optimized.jpg","_links":{"self":[{"href":"https:\/\/radiorevelacionfm.cl\/index.php?rest_route=\/wp\/v2\/posts\/36417","targetHints":{"allow":["GET"]}}],"collection":[{"href":"https:\/\/radiorevelacionfm.cl\/index.php?rest_route=\/wp\/v2\/posts"}],"about":[{"href":"https:\/\/radiorevelacionfm.cl\/index.php?rest_route=\/wp\/v2\/types\/post"}],"author":[{"embeddable":true,"href":"https:\/\/radiorevelacionfm.cl\/index.php?rest_route=\/wp\/v2\/users\/1"}],"replies":[{"embeddable":true,"href":"https:\/\/radiorevelacionfm.cl\/index.php?rest_route=%2Fwp%2Fv2%2Fcomments&post=36417"}],"version-history":[{"count":2,"href":"https:\/\/radiorevelacionfm.cl\/index.php?rest_route=\/wp\/v2\/posts\/36417\/revisions"}],"predecessor-version":[{"id":36453,"href":"https:\/\/radiorevelacionfm.cl\/index.php?rest_route=\/wp\/v2\/posts\/36417\/revisions\/36453"}],"wp:featuredmedia":[{"embeddable":true,"href":"https:\/\/radiorevelacionfm.cl\/index.php?rest_route=\/wp\/v2\/media\/36452"}],"wp:attachment":[{"href":"https:\/\/radiorevelacionfm.cl\/index.php?rest_route=%2Fwp%2Fv2%2Fmedia&parent=36417"}],"wp:term":[{"taxonomy":"category","embeddable":true,"href":"https:\/\/radiorevelacionfm.cl\/index.php?rest_route=%2Fwp%2Fv2%2Fcategories&post=36417"},{"taxonomy":"post_tag","embeddable":true,"href":"https:\/\/radiorevelacionfm.cl\/index.php?rest_route=%2Fwp%2Fv2%2Ftags&post=36417"}],"curies":[{"name":"wp","href":"https:\/\/api.w.org\/{rel}","templated":true}]}}