{"id":36414,"date":"2023-10-31T12:12:10","date_gmt":"2023-10-31T15:12:10","guid":{"rendered":"https:\/\/radiorevelacionfm.cl\/?p=36414"},"modified":"2023-10-31T12:12:10","modified_gmt":"2023-10-31T15:12:10","slug":"destacada-participacion-tuvo-el-equipo-de-infantiles-de-quelequen-rugby-club-en-argentina","status":"publish","type":"post","link":"https:\/\/radiorevelacionfm.cl\/?p=36414","title":{"rendered":"Destacada participaci\u00f3n tuvo el equipo de infantiles de Quelequen Rugby Club en Argentina"},"content":{"rendered":"<div class=\"flex_column av_one_full  flex_column_div av-zero-column-padding first  avia-builder-el-0  el_before_av_one_full  avia-builder-el-first  \" style='border-radius:0px; '><div  class='avia-image-container  av-styling-    avia-builder-el-1  avia-builder-el-no-sibling  avia-align-center '  itemprop=\"image\" itemscope=\"itemscope\" itemtype=\"https:\/\/schema.org\/ImageObject\"  ><div class='avia-image-container-inner'><div class='avia-image-overlay-wrap'><img decoding=\"async\" class='wp-image-36415 avia-img-lazy-loading-not-36415 avia_image' src=\"https:\/\/radiorevelacionfm.cl\/wp-content\/uploads\/2023\/10\/rugby-2023-10-31-1_optimized-1.jpeg\" alt='' title='rugby-2023-10-31-(1)_optimized (1)' height=\"600\" width=\"1370\"  itemprop=\"thumbnailUrl\" srcset=\"https:\/\/radiorevelacionfm.cl\/wp-content\/uploads\/2023\/10\/rugby-2023-10-31-1_optimized-1.jpeg 1370w, https:\/\/radiorevelacionfm.cl\/wp-content\/uploads\/2023\/10\/rugby-2023-10-31-1_optimized-1-300x131.jpeg 300w, https:\/\/radiorevelacionfm.cl\/wp-content\/uploads\/2023\/10\/rugby-2023-10-31-1_optimized-1-1030x451.jpeg 1030w, https:\/\/radiorevelacionfm.cl\/wp-content\/uploads\/2023\/10\/rugby-2023-10-31-1_optimized-1-768x336.jpeg 768w, https:\/\/radiorevelacionfm.cl\/wp-content\/uploads\/2023\/10\/rugby-2023-10-31-1_optimized-1-705x309.jpeg 705w, https:\/\/radiorevelacionfm.cl\/wp-content\/uploads\/2023\/10\/rugby-2023-10-31-1_optimized-1-450x197.jpeg 450w, https:\/\/radiorevelacionfm.cl\/wp-content\/uploads\/2023\/10\/rugby-2023-10-31-1_optimized-1-600x263.jpeg 600w\" sizes=\"(max-width: 1370px) 100vw, 1370px\" \/><\/div><\/div><\/div><\/div><div class=\"flex_column av_one_full  flex_column_div av-zero-column-padding first  avia-builder-el-2  el_after_av_one_full  el_before_av_one_full  column-top-margin\" style='border-radius:0px; '><section class=\"av_textblock_section \"  itemscope=\"itemscope\" itemtype=\"https:\/\/schema.org\/BlogPosting\" itemprop=\"blogPost\" ><div class='avia_textblock  '   itemprop=\"text\" ><p style=\"text-align: center;\"><span style=\"font-size: 18pt;\"><strong>Destacada participaci\u00f3n tuvo el equipo de infantiles de Quelequen Rugby Club en Argentina<\/strong><\/span><\/p>\n<div id=\"gtx-trans\" style=\"position: absolute; left: -50px; top: 4.31534px;\">\n<div class=\"gtx-trans-icon\"><\/div>\n<\/div>\n<\/div><\/section><\/div><div class=\"flex_column av_one_full  flex_column_div av-zero-column-padding first  avia-builder-el-4  el_after_av_one_full  el_before_av_hr  column-top-margin\" style='border-radius:0px; '><section class=\"av_textblock_section \"  itemscope=\"itemscope\" itemtype=\"https:\/\/schema.org\/BlogPosting\" itemprop=\"blogPost\" ><div class='avia_textblock  '   itemprop=\"text\" ><p style=\"text-align: justify;\">El pasado fin de semana, el equipo de infantiles de Quelequen Rugby Club , participaron del torneo infantil de rugby, organizado por el Club de Rugby Calafate en Comodoro Rivadavia, donde se enfrentaron distintos clubes de la Patagonia Argentina reuniendo m\u00e1s de 350 ni\u00f1os, siendo los \u00fanicos representantes de Chile, el Club de Rugby Quelequen.<\/p>\n<p style=\"text-align: justify;\">El encuentro amistoso se inici\u00f3 con los equipos de la categor\u00eda\u00a0 M14, en el cual los juveniles de Quelequen se unieron a la Uni\u00f3n de Rugby Austral (URA), perteneciente a la Uni\u00f3n Argentina de Rugby (UAR), formando parte del equipo de Comodoro Rugby enfrentando al equipo de Portugu\u00e9s y al Club Calafate R.C. Los jugadores Antonio Mej\u00edas, Emiliano Romani y Fernando Aranda de Quelequen R.C, quienes jugaron en posici\u00f3n de \u00a0Full Back fueron fundamentales en los scrum en la disputa de la ovalada. Posteriormente, a eso de las 19 horas se inici\u00f3 la ceremonia inaugural del torneo, ocasi\u00f3n la cual \u00a0el Club Dragoncitos de Quelequen, desfilaron orgullosos con el emblema patrio. Una vez terminada el acto inaugural, se dio inicio a los partidos en sus diferentes categor\u00edas M10, M12 y M13, de manera simult\u00e1nea en tres campos de juegos.<\/p>\n<p style=\"text-align: justify;\">Los Menores M13 de Quelequen, conformados por Tiziano Bravo, Renato Mej\u00edas y Maximiliano Rodr\u00edguez destacaron por sus tackles y defensa, siendo invitados adem\u00e1s a formar parte de los encuentros de otros equipos locales de Argentina.<\/p>\n<p style=\"text-align: justify;\">Los M10 dieron la sorpresa, ganando su encuentro, el equipo conformado por Raimundo Wandersleben, Renato D\u00edaz, Lorenzo Mej\u00edas, lograron el triunfo junto a Comodoro Rugby, marcando try para su equipo Raimundo Wandersleben, Renato D\u00edaz y en posici\u00f3n de full back Lorenzo Mej\u00edas.<\/p>\n<p style=\"text-align: justify;\">Marcelo Varone entrenador de Comodoro Rugby, agradeci\u00f3 la participaci\u00f3n de los chilenos, y los inst\u00f3 a que m\u00e1s chicos se sumen a este noble deporte de la ovalada.<\/p>\n<p style=\"text-align: justify;\">Finalmente, los menores quedaron invitados a un pr\u00f3ximo encuentro a fines de noviembre.<\/p>\n<\/div><\/section><\/div><div  style='height:50px' class='hr hr-invisible   avia-builder-el-6  el_after_av_one_full  el_before_av_social_share '><span class='hr-inner ' ><span class='hr-inner-style'><\/span><\/span><\/div><\/p>\n<div  class='av-social-sharing-box  avia-builder-el-7  el_after_av_hr  el_before_av_hr  '><div class='av-share-box'><h5 class='av-share-link-description av-no-toc '>Compartir esta noticia<\/h5><ul class='av-share-box-list noLightbox'><li class='av-share-link av-social-link-facebook' ><a target=\"_blank\" aria-label=\"Compartir en Facebook\" href='https:\/\/www.facebook.com\/sharer.php?u=https:\/\/radiorevelacionfm.cl\/?p=36414&#038;t=Destacada%20participaci%C3%B3n%20tuvo%20el%20equipo%20de%20infantiles%20de%20Quelequen%20Rugby%20Club%20en%20Argentina' aria-hidden='false' data-av_icon='\ue8f3' data-av_iconfont='entypo-fontello' title='' data-avia-related-tooltip='Compartir en Facebook' rel=\"noopener\"><span class='avia_hidden_link_text'>Compartir en Facebook<\/span><\/a><\/li><li class='av-share-link av-social-link-twitter' ><a target=\"_blank\" aria-label=\"Compartir en Twitter\" href='https:\/\/twitter.com\/share?text=Destacada%20participaci%C3%B3n%20tuvo%20el%20equipo%20de%20infantiles%20de%20Quelequen%20Rugby%20Club%20en%20Argentina&#038;url=https:\/\/radiorevelacionfm.cl\/?p=36414' aria-hidden='false' data-av_icon='\ue8f1' data-av_iconfont='entypo-fontello' title='' data-avia-related-tooltip='Compartir en Twitter' rel=\"noopener\"><span class='avia_hidden_link_text'>Compartir en Twitter<\/span><\/a><\/li><li class='av-share-link av-social-link-whatsapp' ><a target=\"_blank\" aria-label=\"Compartir en Whatsapp\" href='https:\/\/api.whatsapp.com\/send?text=https:\/\/radiorevelacionfm.cl\/?p=36414' aria-hidden='false' data-av_icon='\uf232' data-av_iconfont='entypo-fontello' title='' data-avia-related-tooltip='Compartir en Whatsapp' rel=\"noopener\"><span class='avia_hidden_link_text'>Compartir en Whatsapp<\/span><\/a><\/li><li class='av-share-link av-social-link-linkedin' ><a target=\"_blank\" aria-label=\"Compartir en LinkedIn\" href='https:\/\/linkedin.com\/shareArticle?mini=true&#038;title=Destacada%20participaci%C3%B3n%20tuvo%20el%20equipo%20de%20infantiles%20de%20Quelequen%20Rugby%20Club%20en%20Argentina&#038;url=https:\/\/radiorevelacionfm.cl\/?p=36414' aria-hidden='false' data-av_icon='\ue8fc' data-av_iconfont='entypo-fontello' title='' data-avia-related-tooltip='Compartir en LinkedIn' rel=\"noopener\"><span class='avia_hidden_link_text'>Compartir en LinkedIn<\/span><\/a><\/li><li class='av-share-link av-social-link-mail' ><a  aria-label=\"Compartir por correo\" href='mailto:?subject=Destacada%20participaci%C3%B3n%20tuvo%20el%20equipo%20de%20infantiles%20de%20Quelequen%20Rugby%20Club%20en%20Argentina&#038;body=https:\/\/radiorevelacionfm.cl\/?p=36414' aria-hidden='false' data-av_icon='\ue805' data-av_iconfont='entypo-fontello' title='' data-avia-related-tooltip='Compartir por correo'><span class='avia_hidden_link_text'>Compartir por correo<\/span><\/a><\/li><\/ul><\/div><\/div>\n<div  style='height:50px' class='hr hr-invisible   avia-builder-el-8  el_after_av_social_share  el_before_av_comments_list '><span class='hr-inner ' ><span class='hr-inner-style'><\/span><\/span><\/div>\n<div  class='av-buildercomment  av-blog-meta-html-info-disabled av-blog-meta-tag-disabled  '><\/div>\n","protected":false},"excerpt":{"rendered":"","protected":false},"author":1,"featured_media":36415,"comment_status":"open","ping_status":"open","sticky":false,"template":"","format":"standard","meta":{"footnotes":""},"categories":[40],"tags":[],"class_list":["post-36414","post","type-post","status-publish","format-standard","has-post-thumbnail","hentry","category-deportes"],"jetpack_featured_media_url":"https:\/\/radiorevelacionfm.cl\/wp-content\/uploads\/2023\/10\/rugby-2023-10-31-1_optimized-1.jpeg","_links":{"self":[{"href":"https:\/\/radiorevelacionfm.cl\/index.php?rest_route=\/wp\/v2\/posts\/36414","targetHints":{"allow":["GET"]}}],"collection":[{"href":"https:\/\/radiorevelacionfm.cl\/index.php?rest_route=\/wp\/v2\/posts"}],"about":[{"href":"https:\/\/radiorevelacionfm.cl\/index.php?rest_route=\/wp\/v2\/types\/post"}],"author":[{"embeddable":true,"href":"https:\/\/radiorevelacionfm.cl\/index.php?rest_route=\/wp\/v2\/users\/1"}],"replies":[{"embeddable":true,"href":"https:\/\/radiorevelacionfm.cl\/index.php?rest_route=%2Fwp%2Fv2%2Fcomments&post=36414"}],"version-history":[{"count":1,"href":"https:\/\/radiorevelacionfm.cl\/index.php?rest_route=\/wp\/v2\/posts\/36414\/revisions"}],"predecessor-version":[{"id":36416,"href":"https:\/\/radiorevelacionfm.cl\/index.php?rest_route=\/wp\/v2\/posts\/36414\/revisions\/36416"}],"wp:featuredmedia":[{"embeddable":true,"href":"https:\/\/radiorevelacionfm.cl\/index.php?rest_route=\/wp\/v2\/media\/36415"}],"wp:attachment":[{"href":"https:\/\/radiorevelacionfm.cl\/index.php?rest_route=%2Fwp%2Fv2%2Fmedia&parent=36414"}],"wp:term":[{"taxonomy":"category","embeddable":true,"href":"https:\/\/radiorevelacionfm.cl\/index.php?rest_route=%2Fwp%2Fv2%2Fcategories&post=36414"},{"taxonomy":"post_tag","embeddable":true,"href":"https:\/\/radiorevelacionfm.cl\/index.php?rest_route=%2Fwp%2Fv2%2Ftags&post=36414"}],"curies":[{"name":"wp","href":"https:\/\/api.w.org\/{rel}","templated":true}]}}