{"id":36406,"date":"2023-10-31T10:14:50","date_gmt":"2023-10-31T13:14:50","guid":{"rendered":"https:\/\/radiorevelacionfm.cl\/?p=36406"},"modified":"2023-10-31T10:22:05","modified_gmt":"2023-10-31T13:22:05","slug":"con-exito-inicio-academia-negocios-por-el-planeta-40-emprendedores-as-impulsan-el-desarrollo-sostenible-de-la-region-con-sus-nuevos-proyectos","status":"publish","type":"post","link":"https:\/\/radiorevelacionfm.cl\/?p=36406","title":{"rendered":"40 Emprendedores\/as impulsan el Desarrollo Sostenible de la regi\u00f3n de Ays\u00e9n con sus nuevos proyectos"},"content":{"rendered":"<div class=\"flex_column av_one_full  flex_column_div av-zero-column-padding first  avia-builder-el-0  el_before_av_one_full  avia-builder-el-first  \" style='border-radius:0px; '><div  class='avia-image-container  av-styling-    avia-builder-el-1  avia-builder-el-no-sibling  avia-align-center '  itemprop=\"image\" itemscope=\"itemscope\" itemtype=\"https:\/\/schema.org\/ImageObject\"  ><div class='avia-image-container-inner'><div class='avia-image-overlay-wrap'><img decoding=\"async\" class='wp-image-36407 avia-img-lazy-loading-not-36407 avia_image' src=\"https:\/\/radiorevelacionfm.cl\/wp-content\/uploads\/2023\/10\/evento-inicio-9foto-por-rodrigo-pacheco-1_optimized-1.jpg\" alt='' title='evento-inicio-9foto-por-rodrigo-pacheco-(1)_optimized (1)' height=\"600\" width=\"999\"  itemprop=\"thumbnailUrl\" srcset=\"https:\/\/radiorevelacionfm.cl\/wp-content\/uploads\/2023\/10\/evento-inicio-9foto-por-rodrigo-pacheco-1_optimized-1.jpg 999w, https:\/\/radiorevelacionfm.cl\/wp-content\/uploads\/2023\/10\/evento-inicio-9foto-por-rodrigo-pacheco-1_optimized-1-300x180.jpg 300w, https:\/\/radiorevelacionfm.cl\/wp-content\/uploads\/2023\/10\/evento-inicio-9foto-por-rodrigo-pacheco-1_optimized-1-768x461.jpg 768w, https:\/\/radiorevelacionfm.cl\/wp-content\/uploads\/2023\/10\/evento-inicio-9foto-por-rodrigo-pacheco-1_optimized-1-705x423.jpg 705w, https:\/\/radiorevelacionfm.cl\/wp-content\/uploads\/2023\/10\/evento-inicio-9foto-por-rodrigo-pacheco-1_optimized-1-450x270.jpg 450w, https:\/\/radiorevelacionfm.cl\/wp-content\/uploads\/2023\/10\/evento-inicio-9foto-por-rodrigo-pacheco-1_optimized-1-600x360.jpg 600w\" sizes=\"(max-width: 999px) 100vw, 999px\" \/><\/div><\/div><\/div><\/div>\n<div class=\"flex_column av_one_full  flex_column_div av-zero-column-padding first  avia-builder-el-2  el_after_av_one_full  el_before_av_one_full  column-top-margin\" style='border-radius:0px; '><section class=\"av_textblock_section \"  itemscope=\"itemscope\" itemtype=\"https:\/\/schema.org\/BlogPosting\" itemprop=\"blogPost\" ><div class='avia_textblock  '   itemprop=\"text\" ><p style=\"text-align: center;\"><span style=\"font-size: 18pt;\"><b><span lang=\"es-419\">40 Emprendedores\/as impulsan el Desarrollo Sostenible de la regi\u00f3n de Ays\u00e9n con sus nuevos proyectos<\/span><\/b><\/span><\/p>\n<div id=\"gtx-trans\" style=\"position: absolute; left: -50px; top: 4.31534px;\">\n<div class=\"gtx-trans-icon\"><\/div>\n<\/div>\n<\/div><\/section><\/div><div class=\"flex_column av_one_full  flex_column_div av-zero-column-padding first  avia-builder-el-4  el_after_av_one_full  el_before_av_hr  column-top-margin\" style='border-radius:0px; '><section class=\"av_textblock_section \"  itemscope=\"itemscope\" itemtype=\"https:\/\/schema.org\/BlogPosting\" itemprop=\"blogPost\" ><div class='avia_textblock  '   itemprop=\"text\" ><p class=\"v1MsoNormal\" style=\"text-align: justify;\"><i><span lang=\"es-419\">El programa formativo de Espora Consultora, con un enfoque basado en la Econom\u00eda Circular y otras estrategias de innovaci\u00f3n, es apoyado por Corfo Ays\u00e9n.<\/span><\/i><\/p>\n<p class=\"v1MsoNormal\" style=\"text-align: justify;\"><span lang=\"es-419\">La preocupaci\u00f3n por el impacto ambiental de nuestras pr\u00e1cticas de producci\u00f3n y consumo es m\u00e1s evidente que nunca. Las consecuencias de estos desaf\u00edos se manifiestan en sequ\u00edas, inundaciones, migraciones y la escasez de recursos, entre otros problemas. Ante este panorama, nos preguntamos qu\u00e9 podemos hacer para mitigar estas consecuencias en nuestra regi\u00f3n. La respuesta radica en la capacidad de los negocios y la innovaci\u00f3n para ser parte de la soluci\u00f3n en lugar de contribuir al problema.<\/span><\/p>\n<p class=\"v1MsoNormal\" style=\"text-align: justify;\"><span lang=\"es-419\">En este contexto, surge la Academia Negocios por el Planeta, un espacio de formaci\u00f3n dise\u00f1ado para emprendedores con ideas de negocio y aquellos que buscan mejorar sus empresas existentes con enfoque en la sostenibilidad. Este programa, financiado a trav\u00e9s del programa Viraliza &#8211; Formaci\u00f3n de Corfo, tiene como objetivo brindar a los emprendedores las herramientas y conocimientos necesarios para crear y gestionar negocios sostenibles que no solo sean econ\u00f3micamente viables, sino que tambi\u00e9n contribuyan al bienestar del planeta y la comunidad local.<\/span><\/p>\n<p class=\"v1MsoNormal\" style=\"text-align: justify;\"><span lang=\"es-419\">Esta iniciativa, dise\u00f1ada y ejecutada por Espora Consultora, cuenta con la colaboraci\u00f3n de la Municipalidad de Coyhaique, el Ministerio de Medio Ambiente y el CIEP, brindando una oportunidad \u00fanica a 40 emprendedores y emprendedoras, que se destacan en diversas \u00e1reas, quienes recibieron una beca de $1.500.000 cada uno, lo que les posibilitar\u00e1 acceder a un completo programa de desarrollo sostenible.<\/span><\/p>\n<p class=\"v1MsoNormal\" style=\"text-align: justify;\"><span lang=\"es-419\">Los emprendedores provienen principalmente de los sectores de construcci\u00f3n, agroalimentos, turismo y textil, lo que demuestra la diversidad de \u00e1reas que buscan integrar pr\u00e1cticas sostenibles en sus negocios.<\/span><\/p>\n<p class=\"v1MsoNormal\" style=\"text-align: justify;\"><b><span lang=\"es-419\">NEGOCIOS SOSTENIBLES<\/span><\/b><\/p>\n<p class=\"v1MsoNormal\" style=\"text-align: justify;\"><span lang=\"es-419\">El lanzamiento de la Academia tuvo lugar el 23 de octubre en el Centro Cultural de Coyhaique, donde las personas becadas se reunieron con entidades p\u00fablicas, privadas y miembros de la sociedad civil relacionados con el emprendimiento y la sostenibilidad. Durante el evento, se organizaron mesas de conversaci\u00f3n que permitieron discutir las causas y soluciones en relaci\u00f3n con los desaf\u00edos ambientales que enfrenta la regi\u00f3n.<\/span><\/p>\n<p class=\"v1MsoNormal\" style=\"text-align: justify;\"><span lang=\"es-419\">La Consejera Regional, Paula Acu\u00f1a Ojeda, hizo hincapi\u00e9 en un aspecto fundamental durante el lanzamiento: la necesidad de promover la colaboraci\u00f3n y el trabajo en comunidad como un medio para lograr un impacto positivo en los emprendimientos y en la regi\u00f3n en su conjunto. Su perspectiva resalta que la gesti\u00f3n de residuos es solo una parte del enfoque m\u00e1s amplio de sostenibilidad. Si bien es crucial reducir la producci\u00f3n de residuos, tambi\u00e9n es esencial pensar en c\u00f3mo estos emprendimientos pueden generar un valor adicional para la comunidad y la econom\u00eda local.<\/span><\/p>\n<p class=\"v1MsoNormal\" style=\"text-align: justify;\"><span lang=\"es-419\">Por su parte, el director de Corfo Ays\u00e9n, Humberto Mar\u00edn Leiva, enfatiz\u00f3 que el mandato del presidente Gabriel Boric es impulsar la creaci\u00f3n de negocios sostenibles en todo el pa\u00eds, lo que implica una responsabilidad \u00e9tica hacia el planeta. \u00abHoy hablamos de emprendimiento sustentable, una visi\u00f3n que va m\u00e1s all\u00e1 de lo \u00e9tico. El presidente nos insta a promover la sostenibilidad en todo el pa\u00eds. Los negocios sostenibles son buenos negocios. Agradecemos a los 40 becados de la Academia Negocios por el Planeta, agentes de cambio en esta alianza de sector p\u00fablico, privado, academia y emprendedores. Juntos impulsamos negocios sostenibles para el beneficio de nuestra sociedad y planeta. El negocio sostenible es el camino que seguir\u00bb.<\/span><\/p>\n<p class=\"v1MsoNormal\" style=\"text-align: justify;\"><span lang=\"es-419\">Yoal D\u00edaz Reyes, Seremi de Medio Ambiente de Ays\u00e9n, destac\u00f3 la importancia de encontrar soluciones dentro de la regi\u00f3n, adaptadas a su realidad y desaf\u00edos \u00fanicos. \u00abQueremos que desde la Regi\u00f3n de Ays\u00e9n nazcan las soluciones, porque traer las soluciones de otros lugares no est\u00e1n conectadas con la realidad que vivimos en el territorio. Hay mucho que hacer, mucho donde innovar, es una oportunidad\u00bb.<\/span><\/p>\n<p class=\"v1MsoNormal\" style=\"text-align: justify;\"><span lang=\"es-419\">Valeria Sep\u00falveda, de Southwood y mentora de esta Academia, indic\u00f3 que \u00abComo exalumna de la Academia Pymes + Circular, s\u00e9 el impacto que un enfoque sostenible puede tener en nuestros negocios. Ahora, como mentora, estoy aqu\u00ed para enriquecer los proyectos de nuevos emprendedores. Les animo a aprovechar al m\u00e1ximo esta experiencia. Un consejo clave: enam\u00f3rense del problema, no de la soluci\u00f3n. Investiga a fondo el problema y ofrece soluciones desde la pasi\u00f3n\u00bb.<\/span><\/p>\n<p class=\"v1MsoNormal\" style=\"text-align: justify;\"><b><span lang=\"es-419\">LO QUE SE VIENE<\/span><\/b><\/p>\n<p class=\"v1MsoNormal\" style=\"text-align: justify;\"><span lang=\"es-419\">La Academia se compone de tres m\u00f3dulos: \u00abConecta\u00bb, para reflexionar sobre los desaf\u00edos clim\u00e1ticos y los Objetivos de Desarrollo Sostenible (ODS); \u00abCrea\u00bb, que fomenta la creatividad y la innovaci\u00f3n para desarrollar soluciones que aborden estos problemas y apliquen la Econom\u00eda Circular; y \u00abAcciona\u00bb, donde los participantes recibir\u00e1n orientaci\u00f3n de mentores, incluyendo exalumnos como Valeria Sep\u00falveda de Southwood, quien valora el programa como una oportunidad para hacer negocios m\u00e1s sostenibles y valiosos para el planeta.<\/span><\/p>\n<p class=\"v1MsoNormal\" style=\"text-align: justify;\"><span lang=\"es-419\">La Academia Negocios por el Planeta representa un paso crucial en la promoci\u00f3n de pr\u00e1cticas comerciales sostenibles y en la b\u00fasqueda de soluciones locales a desaf\u00edos globales.<\/span><\/p>\n<\/div><\/section><\/div><\/p>\n<div  style='height:50px' class='hr hr-invisible   avia-builder-el-6  el_after_av_one_full  el_before_av_social_share '><span class='hr-inner ' ><span class='hr-inner-style'><\/span><\/span><\/div>\n<div  class='av-social-sharing-box  avia-builder-el-7  el_after_av_hr  el_before_av_hr  '><div class='av-share-box'><h5 class='av-share-link-description av-no-toc '>Compartir esta noticia<\/h5><ul class='av-share-box-list noLightbox'><li class='av-share-link av-social-link-facebook' ><a target=\"_blank\" aria-label=\"Compartir en Facebook\" href='https:\/\/www.facebook.com\/sharer.php?u=https:\/\/radiorevelacionfm.cl\/?p=36406&#038;t=40%20Emprendedores%2Fas%20impulsan%20el%20Desarrollo%20Sostenible%20de%20la%20regi%C3%B3n%20de%20Ays%C3%A9n%20con%20sus%20nuevos%20proyectos' aria-hidden='false' data-av_icon='\ue8f3' data-av_iconfont='entypo-fontello' title='' data-avia-related-tooltip='Compartir en Facebook' rel=\"noopener\"><span class='avia_hidden_link_text'>Compartir en Facebook<\/span><\/a><\/li><li class='av-share-link av-social-link-twitter' ><a target=\"_blank\" aria-label=\"Compartir en Twitter\" href='https:\/\/twitter.com\/share?text=40%20Emprendedores%2Fas%20impulsan%20el%20Desarrollo%20Sostenible%20de%20la%20regi%C3%B3n%20de%20Ays%C3%A9n%20con%20sus%20nuevos%20proyectos&#038;url=https:\/\/radiorevelacionfm.cl\/?p=36406' aria-hidden='false' data-av_icon='\ue8f1' data-av_iconfont='entypo-fontello' title='' data-avia-related-tooltip='Compartir en Twitter' rel=\"noopener\"><span class='avia_hidden_link_text'>Compartir en Twitter<\/span><\/a><\/li><li class='av-share-link av-social-link-whatsapp' ><a target=\"_blank\" aria-label=\"Compartir en Whatsapp\" href='https:\/\/api.whatsapp.com\/send?text=https:\/\/radiorevelacionfm.cl\/?p=36406' aria-hidden='false' data-av_icon='\uf232' data-av_iconfont='entypo-fontello' title='' data-avia-related-tooltip='Compartir en Whatsapp' rel=\"noopener\"><span class='avia_hidden_link_text'>Compartir en Whatsapp<\/span><\/a><\/li><li class='av-share-link av-social-link-linkedin' ><a target=\"_blank\" aria-label=\"Compartir en LinkedIn\" href='https:\/\/linkedin.com\/shareArticle?mini=true&#038;title=40%20Emprendedores%2Fas%20impulsan%20el%20Desarrollo%20Sostenible%20de%20la%20regi%C3%B3n%20de%20Ays%C3%A9n%20con%20sus%20nuevos%20proyectos&#038;url=https:\/\/radiorevelacionfm.cl\/?p=36406' aria-hidden='false' data-av_icon='\ue8fc' data-av_iconfont='entypo-fontello' title='' data-avia-related-tooltip='Compartir en LinkedIn' rel=\"noopener\"><span class='avia_hidden_link_text'>Compartir en LinkedIn<\/span><\/a><\/li><li class='av-share-link av-social-link-mail' ><a  aria-label=\"Compartir por correo\" href='mailto:?subject=40%20Emprendedores%2Fas%20impulsan%20el%20Desarrollo%20Sostenible%20de%20la%20regi%C3%B3n%20de%20Ays%C3%A9n%20con%20sus%20nuevos%20proyectos&#038;body=https:\/\/radiorevelacionfm.cl\/?p=36406' aria-hidden='false' data-av_icon='\ue805' data-av_iconfont='entypo-fontello' title='' data-avia-related-tooltip='Compartir por correo'><span class='avia_hidden_link_text'>Compartir por correo<\/span><\/a><\/li><\/ul><\/div><\/div>\n<div  style='height:50px' class='hr hr-invisible   avia-builder-el-8  el_after_av_social_share  el_before_av_comments_list '><span class='hr-inner ' ><span class='hr-inner-style'><\/span><\/span><\/div>\n<div  class='av-buildercomment  av-blog-meta-html-info-disabled av-blog-meta-tag-disabled  '><\/div>\n","protected":false},"excerpt":{"rendered":"","protected":false},"author":1,"featured_media":36407,"comment_status":"open","ping_status":"open","sticky":false,"template":"","format":"standard","meta":{"footnotes":""},"categories":[38],"tags":[],"class_list":["post-36406","post","type-post","status-publish","format-standard","has-post-thumbnail","hentry","category-regional"],"jetpack_featured_media_url":"https:\/\/radiorevelacionfm.cl\/wp-content\/uploads\/2023\/10\/evento-inicio-9foto-por-rodrigo-pacheco-1_optimized-1.jpg","_links":{"self":[{"href":"https:\/\/radiorevelacionfm.cl\/index.php?rest_route=\/wp\/v2\/posts\/36406","targetHints":{"allow":["GET"]}}],"collection":[{"href":"https:\/\/radiorevelacionfm.cl\/index.php?rest_route=\/wp\/v2\/posts"}],"about":[{"href":"https:\/\/radiorevelacionfm.cl\/index.php?rest_route=\/wp\/v2\/types\/post"}],"author":[{"embeddable":true,"href":"https:\/\/radiorevelacionfm.cl\/index.php?rest_route=\/wp\/v2\/users\/1"}],"replies":[{"embeddable":true,"href":"https:\/\/radiorevelacionfm.cl\/index.php?rest_route=%2Fwp%2Fv2%2Fcomments&post=36406"}],"version-history":[{"count":3,"href":"https:\/\/radiorevelacionfm.cl\/index.php?rest_route=\/wp\/v2\/posts\/36406\/revisions"}],"predecessor-version":[{"id":36410,"href":"https:\/\/radiorevelacionfm.cl\/index.php?rest_route=\/wp\/v2\/posts\/36406\/revisions\/36410"}],"wp:featuredmedia":[{"embeddable":true,"href":"https:\/\/radiorevelacionfm.cl\/index.php?rest_route=\/wp\/v2\/media\/36407"}],"wp:attachment":[{"href":"https:\/\/radiorevelacionfm.cl\/index.php?rest_route=%2Fwp%2Fv2%2Fmedia&parent=36406"}],"wp:term":[{"taxonomy":"category","embeddable":true,"href":"https:\/\/radiorevelacionfm.cl\/index.php?rest_route=%2Fwp%2Fv2%2Fcategories&post=36406"},{"taxonomy":"post_tag","embeddable":true,"href":"https:\/\/radiorevelacionfm.cl\/index.php?rest_route=%2Fwp%2Fv2%2Ftags&post=36406"}],"curies":[{"name":"wp","href":"https:\/\/api.w.org\/{rel}","templated":true}]}}