{"id":36390,"date":"2023-10-31T15:25:31","date_gmt":"2023-10-31T18:25:31","guid":{"rendered":"https:\/\/radiorevelacionfm.cl\/?p=36390"},"modified":"2023-10-31T15:25:31","modified_gmt":"2023-10-31T18:25:31","slug":"cores-a-favor-de-buses-electricos-respaldan-proyecto-y-acusan-motivos-politicos-de-quienes-rechazaron","status":"publish","type":"post","link":"https:\/\/radiorevelacionfm.cl\/?p=36390","title":{"rendered":"CORES a favor de buses el\u00e9ctricos respaldan proyecto y acusan motivos pol\u00edticos de quienes rechazaron"},"content":{"rendered":"<div class=\"flex_column av_one_full  flex_column_div av-zero-column-padding first  avia-builder-el-0  el_before_av_one_full  avia-builder-el-first  \" style='border-radius:0px; '><div  class='avia-image-container  av-styling-    avia-builder-el-1  avia-builder-el-no-sibling  avia-align-center '  itemprop=\"image\" itemscope=\"itemscope\" itemtype=\"https:\/\/schema.org\/ImageObject\"  ><div class='avia-image-container-inner'><div class='avia-image-overlay-wrap'><img decoding=\"async\" class='wp-image-36391 avia-img-lazy-loading-not-36391 avia_image' src=\"https:\/\/radiorevelacionfm.cl\/wp-content\/uploads\/2023\/10\/buses-1-1-1.jpeg\" alt='' title='buses 1 (1) (1)' height=\"600\" width=\"1067\"  itemprop=\"thumbnailUrl\" srcset=\"https:\/\/radiorevelacionfm.cl\/wp-content\/uploads\/2023\/10\/buses-1-1-1.jpeg 1067w, https:\/\/radiorevelacionfm.cl\/wp-content\/uploads\/2023\/10\/buses-1-1-1-300x169.jpeg 300w, https:\/\/radiorevelacionfm.cl\/wp-content\/uploads\/2023\/10\/buses-1-1-1-1030x579.jpeg 1030w, https:\/\/radiorevelacionfm.cl\/wp-content\/uploads\/2023\/10\/buses-1-1-1-768x432.jpeg 768w, https:\/\/radiorevelacionfm.cl\/wp-content\/uploads\/2023\/10\/buses-1-1-1-705x396.jpeg 705w, https:\/\/radiorevelacionfm.cl\/wp-content\/uploads\/2023\/10\/buses-1-1-1-450x253.jpeg 450w, https:\/\/radiorevelacionfm.cl\/wp-content\/uploads\/2023\/10\/buses-1-1-1-600x337.jpeg 600w\" sizes=\"(max-width: 1067px) 100vw, 1067px\" \/><\/div><\/div><\/div><\/div><div class=\"flex_column av_one_full  flex_column_div av-zero-column-padding first  avia-builder-el-2  el_after_av_one_full  el_before_av_one_full  column-top-margin\" style='border-radius:0px; '><section class=\"av_textblock_section \"  itemscope=\"itemscope\" itemtype=\"https:\/\/schema.org\/BlogPosting\" itemprop=\"blogPost\" ><div class='avia_textblock  '   itemprop=\"text\" ><p style=\"text-align: center;\"><strong><span style=\"font-size: 18pt;\">CORES a favor de buses el\u00e9ctricos respaldan proyecto y acusan motivos pol\u00edticos de quienes rechazaron<\/span><\/strong><\/p>\n<div id=\"gtx-trans\" style=\"position: absolute; left: -50px; top: 4.31534px;\">\n<div class=\"gtx-trans-icon\"><\/div>\n<\/div>\n<\/div><\/section><\/div><div class=\"flex_column av_one_full  flex_column_div av-zero-column-padding first  avia-builder-el-4  el_after_av_one_full  el_before_av_hr  column-top-margin\" style='border-radius:0px; '><section class=\"av_textblock_section \"  itemscope=\"itemscope\" itemtype=\"https:\/\/schema.org\/BlogPosting\" itemprop=\"blogPost\" ><div class='avia_textblock  '   itemprop=\"text\" ><p dir=\"ltr\" style=\"text-align: justify;\">Revuelo ha causado el rechazo en el Pleno del Consejo Regional de Ays\u00e9n al proyecto de buses el\u00e9ctricos para la ciudad de Coyhaique que, pese al apoyo ciudadano y a la importancia que reviste el contar con un sistema de transporte p\u00fablico para la capital, no alcanz\u00f3 los votos necesarios para asegurar el financiamiento del Gobierno Regional.<\/p>\n<p dir=\"ltr\" style=\"text-align: justify;\">Los rechazos a la iniciativa estuvieron dados por las Consejeras Lilian Inostroza (UDI), Mar\u00eda Loreta Villegas (Ev\u00f3poli) y Paola Rodr\u00edguez (RN), los Consejeros V\u00edctor Escobar (UDI), Omar Mu\u00f1oz (UDI), Ra\u00fal Rudolphi (RN), Marco Gillibrand (Ev\u00f3poli) y Jorge Abello (DC), mientras que el Consejero Felipe Klein (DC) opt\u00f3 por abstenerse.<\/p>\n<p dir=\"ltr\" style=\"text-align: justify;\">Ante las declaraciones en la prensa de Consejeros que rechazaron el proyecto, y que salieron a cuestionar a la Gobernadora Andrea Mac\u00edas Palma, asegurando que era su responsabilidad que la iniciativa no obtuviera el visto bueno del CORE, las y los Consejeros que aprobaron respaldaron la labor de la m\u00e1xima autoridad regional y del Ministerio de Transportes. Afirman que los argumentos de sus pares para oponerse a los buses el\u00e9ctricos no tienen un sustento t\u00e9cnico, y apuntan a que existen motivos pol\u00edticos que habr\u00edan influido en su decisi\u00f3n.<\/p>\n<p dir=\"ltr\" style=\"text-align: justify;\">\u00abCreo que responsabilizar a la Gobernadora es no hacerse cargo de una votaci\u00f3n que es pol\u00edtica, donde, como ellos han mencionado en medios de comunicaci\u00f3n, viene a impactar directamente en la ejecuci\u00f3n presupuestaria. Es decir, \u00bfellos cuestionan el proyecto o est\u00e1n cuestionando el hecho de que se vaya a ejecutar el presupuesto de una buena forma? (&#8230;) era un proyecto que contemplaba muchos aspectos positivos y hoy este rechazo tiene un marcado sesgo pol\u00edtico, sobre todo a un a\u00f1o de elecciones, donde solamente miraron la calculadora electoral, m\u00e1s all\u00e1 del beneficio que tra\u00eda a los ayseninos y ayseninas\u00bb, critic\u00f3 la Consejera Paula Acu\u00f1a (CS).<\/p>\n<p dir=\"ltr\" style=\"text-align: justify;\">El mismo d\u00eda de la votaci\u00f3n, el Consejero Rocco Martiniello (DC) fue enf\u00e1tico en se\u00f1alar que \u00abestos 37 buses el\u00e9ctricos, que generan m\u00e1s de 100 empleos, solamente con los conductores, que generan movimiento a las poblaciones, a los escolares, a los adultos mayores, hoy d\u00eda los vemos nulos, porque hay un sector que dice &#8216;no, es que las calles est\u00e1n malas, que hay que cambiar los paraderos&#8217;. \u00a1Pero si eso se puede hacer! Hay 14 FRIL que est\u00e1n en poder del alcalde, hay que tener confianza con nuestras autoridades\u00bb.<\/p>\n<p dir=\"ltr\" style=\"text-align: justify;\">Por su parte, la Consejera Paulina Hern\u00e1ndez (DC) recalc\u00f3 que \u00abaprobar el financiamiento de los buses el\u00e9ctricos no solamente significaba un aporte para la ciudad de Coyhaique, sino tambi\u00e9n desde una mirada regional e integradora (&#8230;) hay justificaciones para rechazar que, si bien daban para la discusi\u00f3n, todas fueron respondidas en el transcurso de la presentaci\u00f3n o a posterior, lo que tambi\u00e9n deja claro la puesta de trabajo que se viene realizando no hace un a\u00f1o ni hace un mes, como se quiere dejar ver, sino que desde hace bastantes a\u00f1os atr\u00e1s\u00bb.<\/p>\n<p dir=\"ltr\" style=\"text-align: justify;\">Finalmente, la Consejera Marisol Mart\u00ednez (PS) tambi\u00e9n entreg\u00f3 su respaldo al trabajo realizado por la Gobernadora y el sector, pidiendo a sus colegas de oposici\u00f3n que dejen de lado los intereses de sus tiendas pol\u00edticas al momento de votar proyectos tan importantes para la regi\u00f3n. \u00abDesde todas las miradas, no hay d\u00f3nde perderse, aqu\u00ed hay que s\u00f3lo apoyar. Si pensamos en la gente que m\u00e1s necesita, debemos estar a su lado, por eso yo vot\u00e9 a favor, y hago un llamado a quienes se abstuvieron y rechazaron que piensen en aquellas personas que no tienen a su alcance la posibilidad de transportarse ellos y sus familias de manera digna\u00bb, dijo la representante de la Provincia de Coyhaique.<\/p>\n<\/div><\/section><\/div><div  style='height:50px' class='hr hr-invisible   avia-builder-el-6  el_after_av_one_full  el_before_av_social_share '><span class='hr-inner ' ><span class='hr-inner-style'><\/span><\/span><\/div><\/p>\n<div  class='av-social-sharing-box  avia-builder-el-7  el_after_av_hr  el_before_av_hr  '><div class='av-share-box'><h5 class='av-share-link-description av-no-toc '>Compartir esta noticia<\/h5><ul class='av-share-box-list noLightbox'><li class='av-share-link av-social-link-facebook' ><a target=\"_blank\" aria-label=\"Compartir en Facebook\" href='https:\/\/www.facebook.com\/sharer.php?u=https:\/\/radiorevelacionfm.cl\/?p=36390&#038;t=CORES%20a%20favor%20de%20buses%20el%C3%A9ctricos%20respaldan%20proyecto%20y%20acusan%20motivos%20pol%C3%ADticos%20de%20quienes%20rechazaron' aria-hidden='false' data-av_icon='\ue8f3' data-av_iconfont='entypo-fontello' title='' data-avia-related-tooltip='Compartir en Facebook' rel=\"noopener\"><span class='avia_hidden_link_text'>Compartir en Facebook<\/span><\/a><\/li><li class='av-share-link av-social-link-twitter' ><a target=\"_blank\" aria-label=\"Compartir en Twitter\" href='https:\/\/twitter.com\/share?text=CORES%20a%20favor%20de%20buses%20el%C3%A9ctricos%20respaldan%20proyecto%20y%20acusan%20motivos%20pol%C3%ADticos%20de%20quienes%20rechazaron&#038;url=https:\/\/radiorevelacionfm.cl\/?p=36390' aria-hidden='false' data-av_icon='\ue8f1' data-av_iconfont='entypo-fontello' title='' data-avia-related-tooltip='Compartir en Twitter' rel=\"noopener\"><span class='avia_hidden_link_text'>Compartir en Twitter<\/span><\/a><\/li><li class='av-share-link av-social-link-whatsapp' ><a target=\"_blank\" aria-label=\"Compartir en Whatsapp\" href='https:\/\/api.whatsapp.com\/send?text=https:\/\/radiorevelacionfm.cl\/?p=36390' aria-hidden='false' data-av_icon='\uf232' data-av_iconfont='entypo-fontello' title='' data-avia-related-tooltip='Compartir en Whatsapp' rel=\"noopener\"><span class='avia_hidden_link_text'>Compartir en Whatsapp<\/span><\/a><\/li><li class='av-share-link av-social-link-linkedin' ><a target=\"_blank\" aria-label=\"Compartir en LinkedIn\" href='https:\/\/linkedin.com\/shareArticle?mini=true&#038;title=CORES%20a%20favor%20de%20buses%20el%C3%A9ctricos%20respaldan%20proyecto%20y%20acusan%20motivos%20pol%C3%ADticos%20de%20quienes%20rechazaron&#038;url=https:\/\/radiorevelacionfm.cl\/?p=36390' aria-hidden='false' data-av_icon='\ue8fc' data-av_iconfont='entypo-fontello' title='' data-avia-related-tooltip='Compartir en LinkedIn' rel=\"noopener\"><span class='avia_hidden_link_text'>Compartir en LinkedIn<\/span><\/a><\/li><li class='av-share-link av-social-link-mail' ><a  aria-label=\"Compartir por correo\" href='mailto:?subject=CORES%20a%20favor%20de%20buses%20el%C3%A9ctricos%20respaldan%20proyecto%20y%20acusan%20motivos%20pol%C3%ADticos%20de%20quienes%20rechazaron&#038;body=https:\/\/radiorevelacionfm.cl\/?p=36390' aria-hidden='false' data-av_icon='\ue805' data-av_iconfont='entypo-fontello' title='' data-avia-related-tooltip='Compartir por correo'><span class='avia_hidden_link_text'>Compartir por correo<\/span><\/a><\/li><\/ul><\/div><\/div>\n<div  style='height:50px' class='hr hr-invisible   avia-builder-el-8  el_after_av_social_share  el_before_av_comments_list '><span class='hr-inner ' ><span class='hr-inner-style'><\/span><\/span><\/div>\n<div  class='av-buildercomment  av-blog-meta-html-info-disabled av-blog-meta-tag-disabled  '><\/div>\n","protected":false},"excerpt":{"rendered":"","protected":false},"author":1,"featured_media":36391,"comment_status":"open","ping_status":"open","sticky":false,"template":"","format":"standard","meta":{"footnotes":""},"categories":[38],"tags":[],"class_list":["post-36390","post","type-post","status-publish","format-standard","has-post-thumbnail","hentry","category-regional"],"jetpack_featured_media_url":"https:\/\/radiorevelacionfm.cl\/wp-content\/uploads\/2023\/10\/buses-1-1-1.jpeg","_links":{"self":[{"href":"https:\/\/radiorevelacionfm.cl\/index.php?rest_route=\/wp\/v2\/posts\/36390","targetHints":{"allow":["GET"]}}],"collection":[{"href":"https:\/\/radiorevelacionfm.cl\/index.php?rest_route=\/wp\/v2\/posts"}],"about":[{"href":"https:\/\/radiorevelacionfm.cl\/index.php?rest_route=\/wp\/v2\/types\/post"}],"author":[{"embeddable":true,"href":"https:\/\/radiorevelacionfm.cl\/index.php?rest_route=\/wp\/v2\/users\/1"}],"replies":[{"embeddable":true,"href":"https:\/\/radiorevelacionfm.cl\/index.php?rest_route=%2Fwp%2Fv2%2Fcomments&post=36390"}],"version-history":[{"count":1,"href":"https:\/\/radiorevelacionfm.cl\/index.php?rest_route=\/wp\/v2\/posts\/36390\/revisions"}],"predecessor-version":[{"id":36392,"href":"https:\/\/radiorevelacionfm.cl\/index.php?rest_route=\/wp\/v2\/posts\/36390\/revisions\/36392"}],"wp:featuredmedia":[{"embeddable":true,"href":"https:\/\/radiorevelacionfm.cl\/index.php?rest_route=\/wp\/v2\/media\/36391"}],"wp:attachment":[{"href":"https:\/\/radiorevelacionfm.cl\/index.php?rest_route=%2Fwp%2Fv2%2Fmedia&parent=36390"}],"wp:term":[{"taxonomy":"category","embeddable":true,"href":"https:\/\/radiorevelacionfm.cl\/index.php?rest_route=%2Fwp%2Fv2%2Fcategories&post=36390"},{"taxonomy":"post_tag","embeddable":true,"href":"https:\/\/radiorevelacionfm.cl\/index.php?rest_route=%2Fwp%2Fv2%2Ftags&post=36390"}],"curies":[{"name":"wp","href":"https:\/\/api.w.org\/{rel}","templated":true}]}}