{"id":36387,"date":"2023-10-31T10:01:43","date_gmt":"2023-10-31T13:01:43","guid":{"rendered":"https:\/\/radiorevelacionfm.cl\/?p=36387"},"modified":"2023-10-31T10:01:43","modified_gmt":"2023-10-31T13:01:43","slug":"cchc-coyhaique-por-buses-electricos-es-clave-garantizar-una-infraestructura-adecuada-para-estos-proyectos-y-abordarlos-multisectorialmente","status":"publish","type":"post","link":"https:\/\/radiorevelacionfm.cl\/?p=36387","title":{"rendered":"CChC Coyhaique por buses el\u00e9ctricos: \u00abEs clave garantizar una infraestructura adecuada para estos proyectos y abordarlos multisectorialmente\u00bb"},"content":{"rendered":"<div class=\"flex_column av_one_full  flex_column_div av-zero-column-padding first  avia-builder-el-0  el_before_av_one_full  avia-builder-el-first  \" style='border-radius:0px; '><div  class='avia-image-container  av-styling-    avia-builder-el-1  avia-builder-el-no-sibling  avia-align-center '  itemprop=\"image\" itemscope=\"itemscope\" itemtype=\"https:\/\/schema.org\/ImageObject\"  ><div class='avia-image-container-inner'><div class='avia-image-overlay-wrap'><img decoding=\"async\" class='wp-image-36388 avia-img-lazy-loading-not-36388 avia_image' src=\"https:\/\/radiorevelacionfm.cl\/wp-content\/uploads\/2023\/10\/BusesElectricos_MTTAysen-1-1.jpg\" alt='' title='BusesElectricos_MTTAysen (1) (1)' height=\"600\" width=\"1167\"  itemprop=\"thumbnailUrl\" srcset=\"https:\/\/radiorevelacionfm.cl\/wp-content\/uploads\/2023\/10\/BusesElectricos_MTTAysen-1-1.jpg 1167w, https:\/\/radiorevelacionfm.cl\/wp-content\/uploads\/2023\/10\/BusesElectricos_MTTAysen-1-1-300x154.jpg 300w, https:\/\/radiorevelacionfm.cl\/wp-content\/uploads\/2023\/10\/BusesElectricos_MTTAysen-1-1-1030x530.jpg 1030w, https:\/\/radiorevelacionfm.cl\/wp-content\/uploads\/2023\/10\/BusesElectricos_MTTAysen-1-1-768x395.jpg 768w, https:\/\/radiorevelacionfm.cl\/wp-content\/uploads\/2023\/10\/BusesElectricos_MTTAysen-1-1-705x362.jpg 705w, https:\/\/radiorevelacionfm.cl\/wp-content\/uploads\/2023\/10\/BusesElectricos_MTTAysen-1-1-450x231.jpg 450w, https:\/\/radiorevelacionfm.cl\/wp-content\/uploads\/2023\/10\/BusesElectricos_MTTAysen-1-1-600x308.jpg 600w\" sizes=\"(max-width: 1167px) 100vw, 1167px\" \/><\/div><\/div><\/div><\/div>\n<div class=\"flex_column av_one_full  flex_column_div av-zero-column-padding first  avia-builder-el-2  el_after_av_one_full  el_before_av_one_full  column-top-margin\" style='border-radius:0px; '><section class=\"av_textblock_section \"  itemscope=\"itemscope\" itemtype=\"https:\/\/schema.org\/BlogPosting\" itemprop=\"blogPost\" ><div class='avia_textblock  '   itemprop=\"text\" ><p style=\"text-align: center;\"><span style=\"font-size: 18pt;\"><b>CChC Coyhaique por buses el\u00e9ctricos: \u00abEs clave garantizar una infraestructura adecuada para estos proyectos y abordarlos multisectorialmente\u00bb<\/b><\/span><\/p>\n<div id=\"gtx-trans\" style=\"position: absolute; left: -50px; top: 4.31534px;\">\n<div class=\"gtx-trans-icon\"><\/div>\n<\/div>\n<\/div><\/section><\/div><div class=\"flex_column av_one_full  flex_column_div av-zero-column-padding first  avia-builder-el-4  el_after_av_one_full  el_before_av_hr  column-top-margin\" style='border-radius:0px; '><section class=\"av_textblock_section \"  itemscope=\"itemscope\" itemtype=\"https:\/\/schema.org\/BlogPosting\" itemprop=\"blogPost\" ><div class='avia_textblock  '   itemprop=\"text\" ><p class=\"v1MsoNormal\" style=\"text-align: justify;\"><i>Desde su visi\u00f3n t\u00e9cnica, el Gremio de la Construcci\u00f3n, abord\u00f3 el proyecto de transporte p\u00fablico para Coyhaique, que buscaba abarcar mediante servicio de buses el\u00e9ctricos las principales v\u00edas estructurantes de la capital regional.<\/i><\/p>\n<p class=\"v1MsoNormal\" style=\"text-align: justify;\">En sesi\u00f3n plenaria del Consejo Regional de Ays\u00e9n, se rechaz\u00f3 por parte del cuerpo colegiado, el financiamiento de $15 mil millones de pesos para la iniciativa del Ministerio de Transportes y Telecomunicaciones, que pretend\u00eda dotar de 37 buses el\u00e9ctricos el transporte p\u00fablico de Coyhaique. Desde la C\u00e1mara Chilena de la Construcci\u00f3n sede Coyhaique analizaron este proyecto y enfatizaron que es fundamental para sacar adelante iniciativas de esta magnitud, el garantizar una infraestructura adecuada en la ciudad y trabajarlas multisectorialmente desde su inicio.<\/p>\n<p class=\"v1MsoNormal\" style=\"text-align: justify;\">Desde el an\u00e1lisis de esta iniciativa, el presidente del Grupo de Trabajo de Planificaci\u00f3n Territorial de la C\u00e1mara Chilena de la Construcci\u00f3n sede Coyhaique, Pablo Carrasco, explic\u00f3 que \u00abun proyecto de tal complejidad, como un plan de transporte p\u00fablico urbano para Coyhaique, requieren de una infraestructura de soporte adecuada la cual es previa a los buses. Antes de los buses, debemos tener calles transitables, paraderos con accesibilidad universal, sacar los autom\u00f3viles mal estacionados para permitir el paso de los buses, mejorar las esquinas para permitirlos virajes, integrar las rutas de transporte p\u00fablico con ciclov\u00edas, capacitar a los conductores, adem\u00e1s de un terreno con las instalaciones b\u00e1sicas para realizar las mantenciones y cargarlos, entre otros factores.\u00bb<\/p>\n<p class=\"v1MsoNormal\" style=\"text-align: justify;\">\u00abEste conjunto de elementos se deben considerar desde la etapa temprana del proyecto y son vitales para su \u00e9xito, por ende, comprar buses que no vas a poder usar, puede derivar en mal uso o gasto de los recursos p\u00fablicos\u00bb, agreg\u00f3 el dirigente gremial.<\/p>\n<p class=\"v1MsoNormal\" style=\"text-align: justify;\">En tanto, la presidenta de la C\u00e1mara Chilena de la Construcci\u00f3n, Alejandra Alert, expres\u00f3 que \u00abes fundamental que para el impulso de este tipo de proyectos que son de tanta relevancia para la comunidad y que conllevan el desarrollo de infraestructura, sean elaborados no por un solo actor o ministerio, sino que desde su g\u00e9nesis se aborden de manera multisectorial y con todos los actores sean p\u00fablicos y privados que est\u00e9n involucrados\u00bb.<\/p>\n<p class=\"v1MsoNormal\" style=\"text-align: justify;\">\u00abEn ese sentido es clave contar con un liderazgo desde la autoridad regional que convoque a todas las partes, ya que adem\u00e1s de los criterios t\u00e9cnicos que se deben estudiar, el di\u00e1logo es clave para ponernos de acuerdo en estas iniciativas que son importantes para el desarrollo de nuestra ciudad y por supuesto de nuestra regi\u00f3n\u00bb, enfatiz\u00f3 Alert.<\/p>\n<\/div><\/section><\/div><\/p>\n<div  style='height:50px' class='hr hr-invisible   avia-builder-el-6  el_after_av_one_full  el_before_av_social_share '><span class='hr-inner ' ><span class='hr-inner-style'><\/span><\/span><\/div>\n<div  class='av-social-sharing-box  avia-builder-el-7  el_after_av_hr  el_before_av_hr  '><div class='av-share-box'><h5 class='av-share-link-description av-no-toc '>Compartir esta noticia<\/h5><ul class='av-share-box-list noLightbox'><li class='av-share-link av-social-link-facebook' ><a target=\"_blank\" aria-label=\"Compartir en Facebook\" href='https:\/\/www.facebook.com\/sharer.php?u=https:\/\/radiorevelacionfm.cl\/?p=36387&#038;t=CChC%20Coyhaique%20por%20buses%20el%C3%A9ctricos%3A%20%C2%ABEs%20clave%20garantizar%20una%20infraestructura%20adecuada%20para%20estos%20proyectos%20y%20abordarlos%20multisectorialmente%C2%BB' aria-hidden='false' data-av_icon='\ue8f3' data-av_iconfont='entypo-fontello' title='' data-avia-related-tooltip='Compartir en Facebook' rel=\"noopener\"><span class='avia_hidden_link_text'>Compartir en Facebook<\/span><\/a><\/li><li class='av-share-link av-social-link-twitter' ><a target=\"_blank\" aria-label=\"Compartir en Twitter\" href='https:\/\/twitter.com\/share?text=CChC%20Coyhaique%20por%20buses%20el%C3%A9ctricos%3A%20%C2%ABEs%20clave%20garantizar%20una%20infraestructura%20adecuada%20para%20estos%20proyectos%20y%20abordarlos%20multisectorialmente%C2%BB&#038;url=https:\/\/radiorevelacionfm.cl\/?p=36387' aria-hidden='false' data-av_icon='\ue8f1' data-av_iconfont='entypo-fontello' title='' data-avia-related-tooltip='Compartir en Twitter' rel=\"noopener\"><span class='avia_hidden_link_text'>Compartir en Twitter<\/span><\/a><\/li><li class='av-share-link av-social-link-whatsapp' ><a target=\"_blank\" aria-label=\"Compartir en Whatsapp\" href='https:\/\/api.whatsapp.com\/send?text=https:\/\/radiorevelacionfm.cl\/?p=36387' aria-hidden='false' data-av_icon='\uf232' data-av_iconfont='entypo-fontello' title='' data-avia-related-tooltip='Compartir en Whatsapp' rel=\"noopener\"><span class='avia_hidden_link_text'>Compartir en Whatsapp<\/span><\/a><\/li><li class='av-share-link av-social-link-linkedin' ><a target=\"_blank\" aria-label=\"Compartir en LinkedIn\" href='https:\/\/linkedin.com\/shareArticle?mini=true&#038;title=CChC%20Coyhaique%20por%20buses%20el%C3%A9ctricos%3A%20%C2%ABEs%20clave%20garantizar%20una%20infraestructura%20adecuada%20para%20estos%20proyectos%20y%20abordarlos%20multisectorialmente%C2%BB&#038;url=https:\/\/radiorevelacionfm.cl\/?p=36387' aria-hidden='false' data-av_icon='\ue8fc' data-av_iconfont='entypo-fontello' title='' data-avia-related-tooltip='Compartir en LinkedIn' rel=\"noopener\"><span class='avia_hidden_link_text'>Compartir en LinkedIn<\/span><\/a><\/li><li class='av-share-link av-social-link-mail' ><a  aria-label=\"Compartir por correo\" href='mailto:?subject=CChC%20Coyhaique%20por%20buses%20el%C3%A9ctricos%3A%20%C2%ABEs%20clave%20garantizar%20una%20infraestructura%20adecuada%20para%20estos%20proyectos%20y%20abordarlos%20multisectorialmente%C2%BB&#038;body=https:\/\/radiorevelacionfm.cl\/?p=36387' aria-hidden='false' data-av_icon='\ue805' data-av_iconfont='entypo-fontello' title='' data-avia-related-tooltip='Compartir por correo'><span class='avia_hidden_link_text'>Compartir por correo<\/span><\/a><\/li><\/ul><\/div><\/div>\n<div  style='height:50px' class='hr hr-invisible   avia-builder-el-8  el_after_av_social_share  el_before_av_comments_list '><span class='hr-inner ' ><span class='hr-inner-style'><\/span><\/span><\/div>\n<div  class='av-buildercomment  av-blog-meta-html-info-disabled av-blog-meta-tag-disabled  '><\/div>\n","protected":false},"excerpt":{"rendered":"","protected":false},"author":1,"featured_media":36388,"comment_status":"open","ping_status":"open","sticky":false,"template":"","format":"standard","meta":{"footnotes":""},"categories":[38],"tags":[],"class_list":["post-36387","post","type-post","status-publish","format-standard","has-post-thumbnail","hentry","category-regional"],"jetpack_featured_media_url":"https:\/\/radiorevelacionfm.cl\/wp-content\/uploads\/2023\/10\/BusesElectricos_MTTAysen-1-1.jpg","_links":{"self":[{"href":"https:\/\/radiorevelacionfm.cl\/index.php?rest_route=\/wp\/v2\/posts\/36387","targetHints":{"allow":["GET"]}}],"collection":[{"href":"https:\/\/radiorevelacionfm.cl\/index.php?rest_route=\/wp\/v2\/posts"}],"about":[{"href":"https:\/\/radiorevelacionfm.cl\/index.php?rest_route=\/wp\/v2\/types\/post"}],"author":[{"embeddable":true,"href":"https:\/\/radiorevelacionfm.cl\/index.php?rest_route=\/wp\/v2\/users\/1"}],"replies":[{"embeddable":true,"href":"https:\/\/radiorevelacionfm.cl\/index.php?rest_route=%2Fwp%2Fv2%2Fcomments&post=36387"}],"version-history":[{"count":2,"href":"https:\/\/radiorevelacionfm.cl\/index.php?rest_route=\/wp\/v2\/posts\/36387\/revisions"}],"predecessor-version":[{"id":36405,"href":"https:\/\/radiorevelacionfm.cl\/index.php?rest_route=\/wp\/v2\/posts\/36387\/revisions\/36405"}],"wp:featuredmedia":[{"embeddable":true,"href":"https:\/\/radiorevelacionfm.cl\/index.php?rest_route=\/wp\/v2\/media\/36388"}],"wp:attachment":[{"href":"https:\/\/radiorevelacionfm.cl\/index.php?rest_route=%2Fwp%2Fv2%2Fmedia&parent=36387"}],"wp:term":[{"taxonomy":"category","embeddable":true,"href":"https:\/\/radiorevelacionfm.cl\/index.php?rest_route=%2Fwp%2Fv2%2Fcategories&post=36387"},{"taxonomy":"post_tag","embeddable":true,"href":"https:\/\/radiorevelacionfm.cl\/index.php?rest_route=%2Fwp%2Fv2%2Ftags&post=36387"}],"curies":[{"name":"wp","href":"https:\/\/api.w.org\/{rel}","templated":true}]}}