{"id":36384,"date":"2023-10-30T18:46:40","date_gmt":"2023-10-30T21:46:40","guid":{"rendered":"https:\/\/radiorevelacionfm.cl\/?p=36384"},"modified":"2023-10-30T18:52:32","modified_gmt":"2023-10-30T21:52:32","slug":"refuerzan-permisos-especiales-para-que-trabajadores-accedan-a-examenes-preventivos-de-salud","status":"publish","type":"post","link":"https:\/\/radiorevelacionfm.cl\/?p=36384","title":{"rendered":"Refuerzan permisos especiales para que trabajadores accedan a ex\u00e1menes preventivos de salud"},"content":{"rendered":"<div class=\"flex_column av_one_full  flex_column_div av-zero-column-padding first  avia-builder-el-0  el_before_av_one_full  avia-builder-el-first  \" style='border-radius:0px; '><div  class='avia-image-container  av-styling-    avia-builder-el-1  avia-builder-el-no-sibling  avia-align-center '  itemprop=\"image\" itemscope=\"itemscope\" itemtype=\"https:\/\/schema.org\/ImageObject\"  ><div class='avia-image-container-inner'><div class='avia-image-overlay-wrap'><img decoding=\"async\" class='wp-image-36400 avia-img-lazy-loading-not-36400 avia_image' src=\"https:\/\/radiorevelacionfm.cl\/wp-content\/uploads\/2023\/10\/conversatorio-1-1.jpeg\" alt='' title='conversatorio (1) (1)' height=\"600\" width=\"800\"  itemprop=\"thumbnailUrl\" srcset=\"https:\/\/radiorevelacionfm.cl\/wp-content\/uploads\/2023\/10\/conversatorio-1-1.jpeg 800w, https:\/\/radiorevelacionfm.cl\/wp-content\/uploads\/2023\/10\/conversatorio-1-1-300x225.jpeg 300w, https:\/\/radiorevelacionfm.cl\/wp-content\/uploads\/2023\/10\/conversatorio-1-1-768x576.jpeg 768w, https:\/\/radiorevelacionfm.cl\/wp-content\/uploads\/2023\/10\/conversatorio-1-1-705x529.jpeg 705w, https:\/\/radiorevelacionfm.cl\/wp-content\/uploads\/2023\/10\/conversatorio-1-1-450x338.jpeg 450w, https:\/\/radiorevelacionfm.cl\/wp-content\/uploads\/2023\/10\/conversatorio-1-1-600x450.jpeg 600w\" sizes=\"(max-width: 800px) 100vw, 800px\" \/><\/div><\/div><\/div><\/div><div class=\"flex_column av_one_full  flex_column_div av-zero-column-padding first  avia-builder-el-2  el_after_av_one_full  el_before_av_one_full  column-top-margin\" style='border-radius:0px; '><section class=\"av_textblock_section \"  itemscope=\"itemscope\" itemtype=\"https:\/\/schema.org\/BlogPosting\" itemprop=\"blogPost\" ><div class='avia_textblock  '   itemprop=\"text\" ><p style=\"text-align: center;\"><span style=\"font-size: 18pt;\"><strong>Refuerzan <\/strong><strong>permisos especiales para que trabajadores accedan a ex\u00e1menes preventivos de salud\u00a0\u00a0<\/strong><\/span><\/p>\n<div id=\"gtx-trans\" style=\"position: absolute; left: -50px; top: 4.31534px;\">\n<div class=\"gtx-trans-icon\"><\/div>\n<\/div>\n<\/div><\/section><\/div><\/p>\n<div class=\"flex_column av_one_full  flex_column_div av-zero-column-padding first  avia-builder-el-4  el_after_av_one_full  el_before_av_hr  column-top-margin\" style='border-radius:0px; '><section class=\"av_textblock_section \"  itemscope=\"itemscope\" itemtype=\"https:\/\/schema.org\/BlogPosting\" itemprop=\"blogPost\" ><div class='avia_textblock  '   itemprop=\"text\" ><p style=\"text-align: justify;\">Diversas son las acciones que desde el sector salud se han desarrollado para promover la detecci\u00f3n y diagn\u00f3stico oportuno de enfermedades que hoy afectan a nuestras comunidades, para lo cual existen normativas legales que buscan ampliar y facilitar que los trabajadores puedan acceder por ejemplo a ex\u00e1menes preventivos como la mamograf\u00eda, donde adem\u00e1s se ha desarrollado un trabajo mancomunado \u00a0con organizaciones sociales como la Fundaci\u00f3n Oncopatagonia, con la finalidad de reforzar el autocuidado de la comunidad frente a estas enfermedades.<\/p>\n<p style=\"text-align: justify;\">As\u00ed lo manifest\u00f3 la Seremi de Salud Ays\u00e9n, Carmen Monsalve G\u00f3mez, quien recalc\u00f3 la importancia que las y los trabajadores puedan acceder a ex\u00e1menes preventivos. \u201cHoy tenemos la Ley N\u00b0 21.551 que exime del requisito de orden m\u00e9dica para el examen preventivo de mamograf\u00eda a todas las mujeres que est\u00e1n en edad de acceder a este examen, de tal forma que las usuarias de FONASA o ISAPRE puede acudir directamente a su prestador de salud y coordinar la toma de este examen.\u00a0 Esta ley, se complementa adem\u00e1s con la Ley 20.769 que otorga el derecho a todos los trabajadores de 40 a\u00f1os o m\u00e1s, a acceder a medio d\u00eda laboral para efectuarse ex\u00e1menes de medicina preventiva\u201d.<\/p>\n<p style=\"text-align: justify;\">En este contexto, la Autoridad Sanitaria, destac\u00f3 el trabajo colaborativo con la Fundaci\u00f3n Oncopatagonia. \u201cJunto a todo el trabajo que hemos desarrollado desde el sector salud por informar y difundir medidas preventivas frente a enfermedades como el c\u00e1ncer, quiero destacar y valorar las acciones que hemos desarrollado junto a la Fundaci\u00f3n Oncopatagonia, Caricias para el Alma, con quienes nos hemos y hemos puesto \u00e9nfasis en la importancia de informar y prevenir esta enfermedad, donde recientemente trabajamos en un conversatorio que nos permiti\u00f3 seguir ampliando nuestro trabajo de autocuidado desde la Salud P\u00fablica a la comunidad, a trav\u00e9s de una mesa intersectorial que orienta el a\u00f1o 2024 a un trabajo con eje en el diagn\u00f3stico oportuno y la prevenci\u00f3n de esta enfermedad\u201d.<\/p>\n<p style=\"text-align: justify;\">Por su parte, la Presidenta de la Fundaci\u00f3n Oncopatagonia, Patricia Aburto, \u201cEste mes, junto a organizaciones como la Seremi de Salud, hemos estado presentes en varias actividades y campa\u00f1as para aumentar la conciencia sobre el c\u00e1ncer de mama y promover la detecci\u00f3n temprana de esta enfermedad. Creo que en temas tan sensibles como el c\u00e1ncer, es importante generar alianzas entre entes p\u00fablicos y privados porque nos permite seguir entregando informaci\u00f3n sobre esta materia, y al mismo tiempo brindar apoyo a las personas afectadas por esta enfermedad, tal como ocurri\u00f3 en el \u00faltimo conversatorio que realizamos junto a la Seremi de Salud donde no solo participaron personas que viven con c\u00e1ncer, sino que tambi\u00e9n sus familias y personas interesadas en apoyar esta fundaci\u00f3n\u201d.<\/p>\n<p style=\"text-align: justify;\">Finalmente, Patricia Aburto Farias, invit\u00f3 a la comunidad, pacientes, familiares y todos quienes quieran colaborar con la causa a apoyar el trabajo de \u201cOncoPatagonia\u201d lo que les permitir\u00e1 seguir visibilizando la enfermedad para que sea un tema de atenci\u00f3n para el Estado, sobretodo en Ays\u00e9n, donde existe una mayor prevalencia de c\u00e1ncer g\u00e1strico, mamario y uterino.<\/p>\n<p style=\"text-align: justify;\"><strong>Situaci\u00f3n C\u00e1ncer en Chile y Ays\u00e9n<\/strong><\/p>\n<p style=\"text-align: justify;\">Es importante recordar que la detecci\u00f3n temprana y el diagn\u00f3stico precoz son fundamentales para mejorar las tasas de supervivencia. En Chile, si bien ha habido una disminuci\u00f3n en las tasas de mortalidad por tumores malignos en el per\u00edodo 2011- 2020, el c\u00e1ncer supera en mortalidad a las enfermedades del sistema circulatorio, constituy\u00e9ndose como principal causa de muerte en nuestro pa\u00eds el a\u00f1o 2019. La tasa ajustada para c\u00e1ncer en nuestro pa\u00eds en el per\u00edodo 2009-2018 es de 109.8 por 100.000 habitantes, mientras que para la Regi\u00f3n de Ays\u00e9n es de 124,1 por 100.000 habitantes.<\/p>\n<p style=\"text-align: justify;\">Las defunciones por c\u00e1nceres m\u00e1s prevalentes en nuestra regi\u00f3n en el per\u00edodo 2001 \u2013 2019 (a partir de defunciones validadas seg\u00fan DEIS MINSAL) son en primer lugar est\u00f3mago, segundo lugar pulm\u00f3n y en tercer lugar pr\u00f3stata (Ver anexo). Entre los c\u00e1nceres m\u00e1s prevalentes seg\u00fan sexo, se encuentran en primer lugar C\u00e1ncer de est\u00f3mago en la mujer, seguido de C\u00e1ncer de mama y c\u00e1ncer de pulm\u00f3n. En tanto, en el caso de los hombres, el primer lugar lo ocupa c\u00e1ncer de est\u00f3mago seguido de c\u00e1ncer de pr\u00f3stata y en tercer lugar c\u00e1ncer de pulm\u00f3n.<\/p>\n<p style=\"text-align: justify;\">Cabe se\u00f1alar que el a\u00f1o reci\u00e9n pasado (2022), se registraron 157 fallecimientos por esta causa. Por localizaci\u00f3n, las causas m\u00e1s frecuentes fueron, en primer lugar Est\u00f3mago, seguido de Pulm\u00f3n y Colon.<\/p>\n<\/div><\/section><\/div>\n<div  style='height:50px' class='hr hr-invisible   avia-builder-el-6  el_after_av_one_full  el_before_av_social_share '><span class='hr-inner ' ><span class='hr-inner-style'><\/span><\/span><\/div>\n<div  class='av-social-sharing-box  avia-builder-el-7  el_after_av_hr  el_before_av_hr  '><div class='av-share-box'><h5 class='av-share-link-description av-no-toc '>Compartir esta noticia<\/h5><ul class='av-share-box-list noLightbox'><li class='av-share-link av-social-link-facebook' ><a target=\"_blank\" aria-label=\"Compartir en Facebook\" href='https:\/\/www.facebook.com\/sharer.php?u=https:\/\/radiorevelacionfm.cl\/?p=36384&#038;t=Refuerzan%20permisos%20especiales%20para%20que%20trabajadores%20accedan%20a%20ex%C3%A1menes%20preventivos%20de%20salud' aria-hidden='false' data-av_icon='\ue8f3' data-av_iconfont='entypo-fontello' title='' data-avia-related-tooltip='Compartir en Facebook' rel=\"noopener\"><span class='avia_hidden_link_text'>Compartir en Facebook<\/span><\/a><\/li><li class='av-share-link av-social-link-twitter' ><a target=\"_blank\" aria-label=\"Compartir en Twitter\" href='https:\/\/twitter.com\/share?text=Refuerzan%20permisos%20especiales%20para%20que%20trabajadores%20accedan%20a%20ex%C3%A1menes%20preventivos%20de%20salud&#038;url=https:\/\/radiorevelacionfm.cl\/?p=36384' aria-hidden='false' data-av_icon='\ue8f1' data-av_iconfont='entypo-fontello' title='' data-avia-related-tooltip='Compartir en Twitter' rel=\"noopener\"><span class='avia_hidden_link_text'>Compartir en Twitter<\/span><\/a><\/li><li class='av-share-link av-social-link-whatsapp' ><a target=\"_blank\" aria-label=\"Compartir en Whatsapp\" href='https:\/\/api.whatsapp.com\/send?text=https:\/\/radiorevelacionfm.cl\/?p=36384' aria-hidden='false' data-av_icon='\uf232' data-av_iconfont='entypo-fontello' title='' data-avia-related-tooltip='Compartir en Whatsapp' rel=\"noopener\"><span class='avia_hidden_link_text'>Compartir en Whatsapp<\/span><\/a><\/li><li class='av-share-link av-social-link-linkedin' ><a target=\"_blank\" aria-label=\"Compartir en LinkedIn\" href='https:\/\/linkedin.com\/shareArticle?mini=true&#038;title=Refuerzan%20permisos%20especiales%20para%20que%20trabajadores%20accedan%20a%20ex%C3%A1menes%20preventivos%20de%20salud&#038;url=https:\/\/radiorevelacionfm.cl\/?p=36384' aria-hidden='false' data-av_icon='\ue8fc' data-av_iconfont='entypo-fontello' title='' data-avia-related-tooltip='Compartir en LinkedIn' rel=\"noopener\"><span class='avia_hidden_link_text'>Compartir en LinkedIn<\/span><\/a><\/li><li class='av-share-link av-social-link-mail' ><a  aria-label=\"Compartir por correo\" href='mailto:?subject=Refuerzan%20permisos%20especiales%20para%20que%20trabajadores%20accedan%20a%20ex%C3%A1menes%20preventivos%20de%20salud&#038;body=https:\/\/radiorevelacionfm.cl\/?p=36384' aria-hidden='false' data-av_icon='\ue805' data-av_iconfont='entypo-fontello' title='' data-avia-related-tooltip='Compartir por correo'><span class='avia_hidden_link_text'>Compartir por correo<\/span><\/a><\/li><\/ul><\/div><\/div>\n<div  style='height:50px' class='hr hr-invisible   avia-builder-el-8  el_after_av_social_share  el_before_av_comments_list '><span class='hr-inner ' ><span class='hr-inner-style'><\/span><\/span><\/div>\n<div  class='av-buildercomment  av-blog-meta-html-info-disabled av-blog-meta-tag-disabled  '><\/div>\n","protected":false},"excerpt":{"rendered":"","protected":false},"author":1,"featured_media":36400,"comment_status":"open","ping_status":"open","sticky":false,"template":"","format":"standard","meta":{"footnotes":""},"categories":[46],"tags":[],"class_list":["post-36384","post","type-post","status-publish","format-standard","has-post-thumbnail","hentry","category-salud"],"jetpack_featured_media_url":"https:\/\/radiorevelacionfm.cl\/wp-content\/uploads\/2023\/10\/conversatorio-1-1.jpeg","_links":{"self":[{"href":"https:\/\/radiorevelacionfm.cl\/index.php?rest_route=\/wp\/v2\/posts\/36384","targetHints":{"allow":["GET"]}}],"collection":[{"href":"https:\/\/radiorevelacionfm.cl\/index.php?rest_route=\/wp\/v2\/posts"}],"about":[{"href":"https:\/\/radiorevelacionfm.cl\/index.php?rest_route=\/wp\/v2\/types\/post"}],"author":[{"embeddable":true,"href":"https:\/\/radiorevelacionfm.cl\/index.php?rest_route=\/wp\/v2\/users\/1"}],"replies":[{"embeddable":true,"href":"https:\/\/radiorevelacionfm.cl\/index.php?rest_route=%2Fwp%2Fv2%2Fcomments&post=36384"}],"version-history":[{"count":3,"href":"https:\/\/radiorevelacionfm.cl\/index.php?rest_route=\/wp\/v2\/posts\/36384\/revisions"}],"predecessor-version":[{"id":36401,"href":"https:\/\/radiorevelacionfm.cl\/index.php?rest_route=\/wp\/v2\/posts\/36384\/revisions\/36401"}],"wp:featuredmedia":[{"embeddable":true,"href":"https:\/\/radiorevelacionfm.cl\/index.php?rest_route=\/wp\/v2\/media\/36400"}],"wp:attachment":[{"href":"https:\/\/radiorevelacionfm.cl\/index.php?rest_route=%2Fwp%2Fv2%2Fmedia&parent=36384"}],"wp:term":[{"taxonomy":"category","embeddable":true,"href":"https:\/\/radiorevelacionfm.cl\/index.php?rest_route=%2Fwp%2Fv2%2Fcategories&post=36384"},{"taxonomy":"post_tag","embeddable":true,"href":"https:\/\/radiorevelacionfm.cl\/index.php?rest_route=%2Fwp%2Fv2%2Ftags&post=36384"}],"curies":[{"name":"wp","href":"https:\/\/api.w.org\/{rel}","templated":true}]}}